{"id":45152,"date":"2020-03-05T23:50:45","date_gmt":"2020-03-05T22:50:45","guid":{"rendered":"https:\/\/www.o-p-i.fr\/parlonsen\/?p=45152"},"modified":"2020-03-05T23:50:45","modified_gmt":"2020-03-05T22:50:45","slug":"la-belle-montee-programme-des-randonnees-a-la-salvetat-belmontet-82","status":"publish","type":"post","link":"https:\/\/www.o-p-i.fr\/parlonsen\/localisation\/au-pays-des-tescous\/salvetat\/la-belle-montee-programme-des-randonnees-a-la-salvetat-belmontet-82\/","title":{"rendered":"La Belle Mont\u00e9e, programme des randonn\u00e9es &#8230;\u00e0 La Salvetat Belmontet (82)"},"content":{"rendered":"<p><strong>En mars et avril 2020.<\/strong><!--more-->Point de RDV inchang\u00e9 : Maison des Associations (pr\u00e8s de l&rsquo;\u00e9glise) \u00e0 La Salvetat-Belmontet.<\/p>\n<p>D\u00e9part en co-voiturage du parking de l&rsquo;\u00e9glise de La Salvetat suivant les horaires suivants :<\/p>\n<ul>\n<li>Pour toutes les randonn\u00e9es : RDV 13h45 (organisation du co-voiturage) pour d\u00e9part 14h.<\/li>\n<\/ul>\n<p>Les informations concernant Distance\/Dur\u00e9e\/Difficult\u00e9 sont donn\u00e9es \u00e0 titre indicatif. La Dur\u00e9e ne comprend pas les temps de pause, de repas ou de pique-nique et peut varier en fonction du niveau des randonneurs pr\u00e9sents.<\/p>\n<p>En cas de probl\u00e8me d&rsquo;encadrement, de m\u00e9t\u00e9o, ou tout autre impr\u00e9vu, les organisateurs pourront \u00eatre amen\u00e9s \u00e0 changer le parcours initialement pr\u00e9vu, c&rsquo;est pourquoi nous vous conseillons de toujours venir au point de rendez-vous \u00e0 la salle des associations, parking de l&rsquo;\u00e9glise de La Salvetat.<\/p>\n<h4>Programme du jeudi : Version longue<\/h4>\n<ul>\n<li>5 mars: Auty &#8211; PR1 les sauts du petit Lembous &#8211; 10 kms &#8211; 3h &#8211; facile<\/li>\n<li>12 mars : Rando \u00e0 la journ\u00e9e (pr\u00e9voir picnic) : RDV 9H pour d\u00e9part 9h15<br \/>\nBruniquel &#8211; Escourat\/ Nouals\/Abriols &#8211; 13 kms &#8211; difficile (fort d\u00e9nivel\u00e9)<\/li>\n<li>19 mars : Bruniquel &#8211; PR2 Circuit de l&rsquo;Escourat &#8211; 11 kms &#8211; 3h30 moyen (proche de la ferme de Valeyres)<\/li>\n<li>26 mars : Castelnau de Montmiral : le sentier de la baronne &#8211; 12 kms &#8211; 3h &#8211; facile<\/li>\n<li>2 avril : Rando \u00e0 la journ\u00e9e (pr\u00e9voir picnic) : RDV 9H pour d\u00e9part 9h15<br \/>\nSt Antonin-Noble-Val &#8211; PR23 Petit Jean Viel Four Serres de la Rivi\u00e8re &#8211; 16,8 kms &#8211; tr\u00e9s difficile (fort d\u00e9nivel\u00e9)<\/li>\n<li>9 avril Espinas &#8211; PR3 sources de caudesaygues &#8211; 12 kms &#8211; 3h30 &#8211; difficile<\/li>\n<li>16 avril Va\u00efssac &#8211; PR4 Circuit du Gouyre &#8211; 12,9 kms &#8211; 3h &#8211; moyen<\/li>\n<li>23 avril Pas de rando en raison du voyage en Espagne du 20 au 24 avril<\/li>\n<li>30 avril &lsquo;Honor de Cos : PR3 Circuit de Gibelot &#8211; 12,6 kms &#8211; 4h &#8211; moyen<\/li>\n<\/ul>\n<h4>Programme du jeudi : Version courte<\/h4>\n<ul>\n<li>5 mars\u00a0 Puycornet &#8211; PR1 circuit du ch\u00e2teau &#8211; 6 kms &#8211; 2h &#8211; facile<\/li>\n<li>12 mars Nohic &#8211; balade en plaine &#8211; 6 kms &#8211; 2h &#8211; facile<\/li>\n<li>19 mars Montesquieu &#8211; PR1 le circuit de labrousse &#8211; 6 kms &#8211; 2h &#8211; facile<\/li>\n<li>26 mars Villemur &#8211; Au bord du Tarn &#8211; 6,9 kms &#8211; 2h &#8211; facile<\/li>\n<li>2 avril Larroque &#8211; le sentier de Mespel &#8211; 5,6 kms &#8211; 2h &#8211; moyen (d\u00e9nivel\u00e9)<\/li>\n<li>9 avril Lavaurette &#8211; PR1 la loge &#8211; 7 kms &#8211; 2h30 &#8211; moyen<\/li>\n<li>16 avril (Andr\u00e9) : Bruniquel &#8211; PR9 Circuit des Rennes &#8211; 5,4 kms &#8211; 2h30 &#8211; moyen<\/li>\n<li>23 avril Piquecos &#8211; PR1 circuit de \u00ab\u00a0Buffa Crabo\u00a0\u00bb &#8211; 4,5 kms &#8211; 1h30 &#8211; facile<\/li>\n<li>30 avril L&rsquo;Honor de Cos &#8211; PR1 circuit des rossignols &#8211; 7 kms &#8211; 2h30 &#8211; moyen<\/li>\n<\/ul>\n<h4>Programme des Week-Ends : Alternativement Samedi\/Dimanche<\/h4>\n<ul>\n<li>Dimanche 8 mars : Montesquieu &#8211; PR4 Collines et vall\u00e9es des Cabarieux &#8211; 12 kms &#8211; 3h &#8211; facile<\/li>\n<li>S 14 mars : Varennes &#8211; PR1 les vallons de Varennes &#8211; 11,7 kms &#8211; 3h30 &#8211; facile<\/li>\n<li>Dimanche 22 mars : Rando \u00e0 la journ\u00e9e (pr\u00e9voir picnic) : RDV 9H pour d\u00e9part 9h15<br \/>\nSt Antonin-Noble-val &#8211; PR12 le vallon de Frayssinet \/la Gourgue &#8211; 17 kms &#8211; difficile (d\u00e9nivel\u00e9)<\/li>\n<li>S 28 mars : Salvagnac &#8211; les hauts de Malad\u00e8ne &#8211; 14,6 kms &#8211; 4h &#8211; moyen<\/li>\n<li>Lundi 13 avril : Omelette de P\u00e2ques au lac de Monteils : RDV 11h, sinon pour les randonneurs :<br \/>\nRDV 8h15 pour d\u00e9part 8h30 &#8211; PR1 le parc de la L\u00e8re &#8211; 9 kms &#8211; 2h30 &#8211; facile<\/li>\n<li>S 18 avril : Moli\u00e8res : PR1 le Malivert &#8211; 12 kms &#8211; 3h &#8211; difficile<\/li>\n<li>Dimanche 26avril : Bruniquel &#8211; Le cab\u00e9ou (variante) &#8211; 9,5 kms &#8211; 3h &#8211; difficile<\/li>\n<\/ul>\n<p><strong>Contacts :<\/strong><\/p>\n<p>Nicole DUCOS 06-49-39-23-06 &#8211; Serge LAFON 06-33-83-02-01 &#8211; Annick FREYRE 06-80-03-96-77<\/p>\n<h4>POUR LES CYCLISTES SUR ROUTE :<\/h4>\n<p>Le dimanche matin rendez-vous \u00e0 la salle des associations de La Salvetat \u00e0 8h00 (8h30 lorsque le jour n&rsquo;est pas encore lev\u00e9). Il est conseill\u00e9 de prendre contact avec organisateurs ci-dessous.<\/p>\n<p>Les parcours seront \u00e9tablis en fonction des participants et de la m\u00e9t\u00e9o (g\u00e9n\u00e9ralement de 60 \u00e0 100 km). En cas de participation \u00e0 des sorties organis\u00e9es par d&rsquo;autres club le lieu de rendez-vous et d\u00e9part pourra changer. En cas de mauvais temps, le jour ou l&rsquo;heure de d\u00e9part pourront \u00e9galement changer.<\/p>\n<p>Le mercredi apr\u00e8s-midi au d\u00e9part de Verlhac (durant les heures d&rsquo;\u00e9t\u00e9).<\/p>\n<p>Contacts : E. VIES 06-08-88-63-37 \/ Ch. ESCALETTE 06-84-09-42-99 \/ J.M. SANGLA 05-63-30-34-16<\/p>\n<p>Vous pouvez \u00e9galement trouver des informations sur le site internet de l&rsquo;association \u00e0 l&rsquo;adresse : <a href=\"http:\/\/la-belle-montee.clubeo.com.\" target=\"_blank\" rel=\"noopener noreferrer\">http:\/\/la-belle-montee.clubeo.com.<\/a><\/p>\n<p>Contacts : Courriel : <a href=\"mailto:jeanmarc.sangla@gmail.com\" target=\"_blank\" rel=\"noopener noreferrer\">jeanmarc.sangla@gmail.com<\/a> \u2013 T\u00e9l\u00e9phone : Jean-Marc SANGLA 05-63-30-34-16<\/p>\n<p><em>Informations communiqu\u00e9es par Jean-Marc SANGLA<\/em><\/p>\n","protected":false},"excerpt":{"rendered":"<div class=\"mh-excerpt\">En mars et avril 2020.<\/div>\n","protected":false},"author":4,"featured_media":0,"comment_status":"open","ping_status":"open","sticky":false,"template":"","format":"standard","meta":{"om_disable_all_campaigns":false,"advanced_seo_description":"","jetpack_seo_html_title":"","jetpack_seo_noindex":false,"_jetpack_memberships_contains_paid_content":false,"footnotes":"","_links_to":"","_links_to_target":""},"categories":[34,53,3916,3917],"tags":[181,762,1264,2697,2792],"class_list":{"0":"post-45152","1":"post","2":"type-post","3":"status-publish","4":"format-standard","6":"category-salvetat","7":"category-sports","8":"category-n-168-mars-2020","9":"category-n-169-avril-2020","10":"tag-la-salvetat-belmontet","11":"tag-randonnee-pedestre","12":"tag-programme","13":"tag-randonnee-cycliste","14":"tag-la-belle-montee"},"jetpack_featured_media_url":"","views":{"total":0,"cached_at":"","cached_date":1738349471},"jetpack_likes_enabled":true,"jetpack_sharing_enabled":true,"jetpack_shortlink":"https:\/\/wp.me\/pg7Wxj-bKg","jetpack-related-posts":[],"_links":{"self":[{"href":"https:\/\/www.o-p-i.fr\/parlonsen\/wp-json\/wp\/v2\/posts\/45152","targetHints":{"allow":["GET"]}}],"collection":[{"href":"https:\/\/www.o-p-i.fr\/parlonsen\/wp-json\/wp\/v2\/posts"}],"about":[{"href":"https:\/\/www.o-p-i.fr\/parlonsen\/wp-json\/wp\/v2\/types\/post"}],"author":[{"embeddable":true,"href":"https:\/\/www.o-p-i.fr\/parlonsen\/wp-json\/wp\/v2\/users\/4"}],"replies":[{"embeddable":true,"href":"https:\/\/www.o-p-i.fr\/parlonsen\/wp-json\/wp\/v2\/comments?post=45152"}],"version-history":[{"count":0,"href":"https:\/\/www.o-p-i.fr\/parlonsen\/wp-json\/wp\/v2\/posts\/45152\/revisions"}],"wp:attachment":[{"href":"https:\/\/www.o-p-i.fr\/parlonsen\/wp-json\/wp\/v2\/media?parent=45152"}],"wp:term":[{"taxonomy":"category","embeddable":true,"href":"https:\/\/www.o-p-i.fr\/parlonsen\/wp-json\/wp\/v2\/categories?post=45152"},{"taxonomy":"post_tag","embeddable":true,"href":"https:\/\/www.o-p-i.fr\/parlonsen\/wp-json\/wp\/v2\/tags?post=45152"}],"curies":[{"name":"wp","href":"https:\/\/api.w.org\/{rel}","templated":true}]}}