{"id":45162,"date":"2020-03-11T15:33:09","date_gmt":"2020-03-11T14:33:09","guid":{"rendered":"https:\/\/www.o-p-i.fr\/parlonsen\/?p=45162"},"modified":"2020-03-11T15:33:09","modified_gmt":"2020-03-11T14:33:09","slug":"chantons-sous-les-toits-a-salvagnac-81-4","status":"publish","type":"post","link":"https:\/\/www.o-p-i.fr\/parlonsen\/localisation\/au-pays-des-tescous\/salvagnac\/chantons-sous-les-toits-a-salvagnac-81-4\/","title":{"rendered":"\u00ab\u00a0Chantons sous les toits\u00a0\u00bb &#8230; \u00e0 Salvagnac (81)"},"content":{"rendered":"<p><strong>Samedi 21 mars 2020<\/strong> \u00e0 18H30, salle basse du ch\u00e2teau. <!--more--><img data-recalc-dims=\"1\" loading=\"lazy\" decoding=\"async\" class=\"alignright size-full wp-image-45163\" src=\"https:\/\/i0.wp.com\/www.o-p-i.fr\/parlonsen\/wp-content\/uploads\/Chantons-sous-les-toits-2020.jpg?resize=340%2C478&#038;ssl=1\" alt=\"\" width=\"340\" height=\"478\" srcset=\"https:\/\/i0.wp.com\/www.o-p-i.fr\/parlonsen\/wp-content\/uploads\/Chantons-sous-les-toits-2020.jpg?w=340&amp;ssl=1 340w, https:\/\/i0.wp.com\/www.o-p-i.fr\/parlonsen\/wp-content\/uploads\/Chantons-sous-les-toits-2020.jpg?resize=213%2C300&amp;ssl=1 213w, https:\/\/i0.wp.com\/www.o-p-i.fr\/parlonsen\/wp-content\/uploads\/Chantons-sous-les-toits-2020.jpg?resize=107%2C150&amp;ssl=1 107w\" sizes=\"auto, (max-width: 340px) 100vw, 340px\" \/>La Biblioth\u00e8que du Pays Salvagnacois et \u00ab\u00a0CHANTONS SOUS LES TOITS DES MEDIATHEQUES 2020\u00a0\u00bb pr\u00e9sentent<\/p>\n<p>NIKO (NICOLAS DUCRON) et ALEXANDRE LEAUTHAUD en duo le samedi 21 mars 2020 \u00e0 18H30 salle basse du ch\u00e2teau<\/p>\n<p><strong>Niko (Nicolas Ducron)<\/strong> : <em>accord\u00e9on, ukul\u00e9l\u00e9, clarinette, chant<\/em><br \/>\nNicolas Ducron est un artiste prot\u00e9iforme pluridisciplinaire \u00e0 tendance po\u00e9tique!<br \/>\nPendant les cours de th\u00e9\u00e2tre suivis \u00e0 Lille, il commence \u00e0 chanter dans un groupe punk-rock de Boulogne sur mer \u00ab\u00a0les Wapitis\u00a0\u00bb. Calm\u00e9, il cr\u00e9e les \u00ab\u00a0Chtitis parisiens\u00a0\u00bb, version accoustique des<br \/>\nWapitis, orchestre insolent aux accents populaires puis part \u00e0 Paris apprendre le m\u00e9tier d&rsquo;acteur et<br \/>\nint\u00e8gre en 1994 l&rsquo;ENSATT(rue Blanche) . A la sortie, il \u00e9crit et met en sc\u00e8ne sa 1\u00e8re pi\u00e8ce \u00ab\u00a0le<br \/>\nCabaret des r\u00eaves\u00a0\u00bb. Puis il joue au cin\u00e9ma dans quatre films de Bruno Bontzolakis et compose pour<br \/>\ndeux d&rsquo;entre eux la musique (\u00ab\u00a0Vacances \u00e0 Bl\u00e9riot\u00a0\u00bb et \u00ab\u00a0Famille je vous hais\u00a0\u00bb). Il joue dans plusieurs<br \/>\npi\u00e8ces de th\u00e9\u00e2tre et poursuit parrall\u00e8lement des travaux d&rsquo;\u00e9criture :une cinquantaine de chansons<br \/>\npour des projets th\u00e9atraux et musicaux. Au hasard des tourn\u00e9es il rencontre Tom Poisson, Laurent<br \/>\nMadiot, Alexandre Leauthaud, Christophe Dor\u00e9mus avec lesquels il fonde\u00a0\u00bbles Fouteurs de joie\u00a0\u00bb,<br \/>\nl&rsquo;occasion pour lui de chanter et d&rsquo;imiter des comportements d&rsquo;animaux. Son amour de la chanson<br \/>\net son besoin de chanter des textes plus intimistes le poussent \u00e0 cr\u00e9er son propre tour de chant en<br \/>\nsolo.Il est metteur en sc\u00e8ne de la compagnie H3P(Compagnie Hyperbole \u00e0 trois poils).<br \/>\nLe voici pour plusieurs dates en duo avec son coll\u00e8gue et ami des Fouteurs de joie<br \/>\n<strong>Alexandre Leauthaud<\/strong><br \/>\n<em>accord\u00e9on, ukul\u00e9l\u00e9, xylophone,percussions et choeurs<\/em><br \/>\nDipl\u00f4m\u00e9 du conservatoire national de Marseille pour l&rsquo;accord\u00e9on ,du C.I.M pour l&rsquo;arrangement et<br \/>\nl&rsquo;orchestration, et de la Schola Cantorum de Paris pour l&rsquo;harmonie, il se consacre \u00e0<br \/>\nl&rsquo;accompagnement musical de Fabien Martin, Tom Poisson, Francis Cabrel, Souad Massi, Michel<br \/>\nJonaz, Hugues Auffray. Il participe aussi comme musicien \u00e0 diverses exp\u00e9riences th\u00e9atrales avec la<br \/>\nTroupe du Ph\u00e9nix ou avec les spectacles de la Compagnie H3P.<br \/>\nIl est aussi un des piliers des Fouteurs de joie (\u00ab\u00a0Des \u00e9toiles et des idiots\u00a0\u00bbdernier spectacle en cours<br \/>\nde tourn\u00e9e) .<br \/>\nUn disque <a href=\"https:\/\/www.hyperboleatroispoils.com\/spectacles-en-tournee\/nicolas-ducron-en-concert\/\" target=\"_blank\" rel=\"noopener noreferrer\">\u00ab\u00a0Fleurs de l&rsquo;amour\u00a0\u00bb<\/a>est le reflet des concerts qu&rsquo;ils donnent depuis 8 ans ensemble dans<br \/>\ndes lieux divers et vari\u00e9s.<\/p>\n<p><strong><span style=\"color: #ff0000;\">Le nombre de places \u00e9tant limit\u00e9e \u00e0 50, nous vous conseillons de r\u00e9server<\/span><\/strong><\/p>\n<p><strong><img decoding=\"async\" class=\"alignleft\" src=\"https:\/\/mail.google.com\/mail\/u\/0?ui=2&amp;ik=622831e391&amp;attid=0.0.1&amp;permmsgid=msg-f:1660704001061528153&amp;th=170c017d7c57a259&amp;view=fimg&amp;sz=s0-l75-ft&amp;attbid=ANGjdJ_DXRdb4MAEjpLOl1shsHWkucG3Od-57HrqWAWCUzIaytm38FTTAHmjMr3X0HRUp8YuHoPMbiILSeK4QkjsQCE1Ncxdh6ad31hjwQfnOuneqUgc6NPDzhgUz6E&amp;disp=emb&amp;realattid=ii_k7kf2o1r2\" \/>La Biblioth\u00e8que du Pays Salvagnacois<\/strong><br \/>\n7 all\u00e9es Jean Jaur\u00e8s 81630 SALVAGNAC<br \/>\n05 63 40 59 02 aux heures d&rsquo;ouverture:<br \/>\nmercredi de 10h \u00e0 12h et 14h30 \u00e0 16h30<br \/>\nvendredi de 16h30 \u00e018h30<br \/>\nsamedi de 10h \u00e0 12h<br \/>\ndimanche de10h \u00e0 12h<\/p>\n<p>Information communiqu\u00e9e par Arlette MALLERET<\/p>\n<p><a href=\"http:\/\/www.o-p-i.fr\/parlonsen\/agenda\/\">Retrouvez tous les \u00e9v\u00e9nements dans l&rsquo;agenda !<\/a><\/p>\n","protected":false},"excerpt":{"rendered":"<div class=\"mh-excerpt\">Samedi 21 mars 2020 \u00e0 18H30, salle basse du ch\u00e2teau.<\/div>\n","protected":false},"author":4,"featured_media":0,"comment_status":"open","ping_status":"open","sticky":false,"template":"","format":"standard","meta":{"om_disable_all_campaigns":false,"advanced_seo_description":"","jetpack_seo_html_title":"","jetpack_seo_noindex":false,"_jetpack_memberships_contains_paid_content":false,"footnotes":"","_links_to":"","_links_to_target":""},"categories":[54,25,3916],"tags":[65,2548,660,1514,3334],"class_list":{"0":"post-45162","1":"post","2":"type-post","3":"status-publish","4":"format-standard","6":"category-loisirs","7":"category-salvagnac","8":"category-n-168-mars-2020","9":"tag-bibliotheque","10":"tag-salvagnac","11":"tag-chantons-sous-les-toits","12":"tag-mediatheque","13":"tag-culture-et-tourisme-en-pays-salvagnacois"},"jetpack_featured_media_url":"","views":{"total":0,"cached_at":"","cached_date":1738353649},"jetpack_likes_enabled":true,"jetpack_sharing_enabled":true,"jetpack_shortlink":"https:\/\/wp.me\/pg7Wxj-bKq","jetpack-related-posts":[],"_links":{"self":[{"href":"https:\/\/www.o-p-i.fr\/parlonsen\/wp-json\/wp\/v2\/posts\/45162","targetHints":{"allow":["GET"]}}],"collection":[{"href":"https:\/\/www.o-p-i.fr\/parlonsen\/wp-json\/wp\/v2\/posts"}],"about":[{"href":"https:\/\/www.o-p-i.fr\/parlonsen\/wp-json\/wp\/v2\/types\/post"}],"author":[{"embeddable":true,"href":"https:\/\/www.o-p-i.fr\/parlonsen\/wp-json\/wp\/v2\/users\/4"}],"replies":[{"embeddable":true,"href":"https:\/\/www.o-p-i.fr\/parlonsen\/wp-json\/wp\/v2\/comments?post=45162"}],"version-history":[{"count":0,"href":"https:\/\/www.o-p-i.fr\/parlonsen\/wp-json\/wp\/v2\/posts\/45162\/revisions"}],"wp:attachment":[{"href":"https:\/\/www.o-p-i.fr\/parlonsen\/wp-json\/wp\/v2\/media?parent=45162"}],"wp:term":[{"taxonomy":"category","embeddable":true,"href":"https:\/\/www.o-p-i.fr\/parlonsen\/wp-json\/wp\/v2\/categories?post=45162"},{"taxonomy":"post_tag","embeddable":true,"href":"https:\/\/www.o-p-i.fr\/parlonsen\/wp-json\/wp\/v2\/tags?post=45162"}],"curies":[{"name":"wp","href":"https:\/\/api.w.org\/{rel}","templated":true}]}}