{"id":45220,"date":"2020-06-04T19:08:58","date_gmt":"2020-06-04T18:08:58","guid":{"rendered":"https:\/\/www.o-p-i.fr\/parlonsen\/?p=45220"},"modified":"2020-06-04T19:08:58","modified_gmt":"2020-06-04T18:08:58","slug":"apres-le-confinement-covid19-a-salvagnac-81","status":"publish","type":"post","link":"https:\/\/www.o-p-i.fr\/parlonsen\/parlons-en\/pratique\/apres-le-confinement-covid19-a-salvagnac-81\/","title":{"rendered":"Apr\u00e8s le confinement COVID19, \u00e0 Salvagnac (81)"},"content":{"rendered":"<p>La vie reprend&#8230; avec quelques pr\u00e9cautions.<\/p>\n<p><!--more-->LES CAFES ET RESTAURANTS DE SALVAGNAC sont r\u00e9ouverts:<br \/>\nLeur reprise est le signe que la vie sociale s\u2019intensifie, que l\u2019\u00e9change peut retisser ses fils dans une proximit\u00e9 qui respecte les distances physiques et les gestes barri\u00e8res. La sociabilit\u00e9 appara\u00eet d\u2019autant plus pr\u00e9cieuse qu\u2019elle est encore inaccessible dans ses mouvements les plus fraternels et les plus amicaux. Malgr\u00e9 tout, nous sommes persuad\u00e9s que ces r\u00e9ouvertures sont une belle promesse et que chaque commerce saura s\u2019adapter \u00e0 cette p\u00e9riode post-confinement, aid\u00e9 par l\u2019autorisation de la mairie d\u2019\u00e9largir les terrasses et pour le Relais des Deux Vall\u00e9es, d\u2019utiliser une partie de la halle.<br \/>\nCependant, le retour \u00e0 des manifestations culturelles et sportives, si n\u00e9cessaires \u00e0 notre bien-\u00eatre, est complexe et nous devons r\u00e9inventer des mani\u00e8res de faire pour ne pas voir notre libert\u00e9 interminablement confisqu\u00e9e. La reprise de l\u2019\u00e9cole est aussi un casse-t\u00eate car la parenth\u00e8se COVID 19 n\u2019est pas referm\u00e9e, sa d\u00e9crue n\u2019\u00e9limine pas sa menace. Mais aujourd\u2019hui, r\u00e9jouissons-nous ! Nous avons du temps \u00e0 rattraper avec la famille, les amis, les copains autour d\u2019un verre ou d\u2019une bonne assiette. Gardons l\u2019espoir de retrouver la spontan\u00e9it\u00e9, les poign\u00e9es de main, la proximit\u00e9 des visages et l\u2019\u00e9treinte au plus vite !<\/p>\n<ul>\n<li><strong>H\u00f4tel Restaurant Le Relais des Deux Vall\u00e9es : 05 63 33 61 90 &#8211; 06 14 80 39 47<\/strong><br \/>\nREOUVERTURE DU RESTAURANT avec respect des gestes barri\u00e8res, circuit d\u2019entr\u00e9e et de sortie, terrasse ext\u00e9rieure et sous la halle de la mairie.<br \/>\nRepas de f\u00eate des m\u00e8res dimanche 7 juin en salle et en drive \u00e0 emporter.<br \/>\nH\u00f4tel ouvert du mardi au dimanche. Maintien du service en drive avec paniers repas 13,50\u20ac ou plats 9\u20ac \u00e0 emporter. Commande par t\u00e9l\u00e9phone de pr\u00e9f\u00e9rence la veille, 2h avant minimum, du mardi au samedi midi et soir. Plus de d\u00e9tails par t\u00e9l ou sur le site<\/li>\n<li><strong>Caf\u00e9 Au bord du monde : 05 63 55 14 52<\/strong><br \/>\nAP\u00c9RO REOUVERTURE mardi 2 juin 18h 20h. Ouverture les jours suivants aux horaires habituels.<br \/>\n\u203a Vendredi 5 juin \u00e0 partir de 18h : REGIN&rsquo; BURGER\/ FRITES maison.<br \/>\nCommande \u00e0 R\u00e9gine 06 66 50 83 29<br \/>\n\u203a Samedi 6 juin \u00e0 partir de 18h : Mezz\u00e9s Syriens en terrasse.<br \/>\nCommande \u00e0 Salma 07 72 10 19 79<br \/>\nPlus de d\u00e9tails sur le site du Caf\u00e9 site du Caf\u00e9<\/li>\n<li><strong>La Guinguette de Salvagnac : 05 63 58 69 84<\/strong><br \/>\nREOUVERTURE \u00e0 partir de mercredi 4 juin, repas midi et soir 7jours\/7<br \/>\nRepas accord\u00e9on le 6 juin \u00e0 partir de 20h.<\/li>\n<\/ul>\n<p><span style=\"color: #ff0000;\"><strong>Et si vous testiez gratuitement le v\u00e9lo \u00e9lectrique ?<\/strong><\/span><br \/>\nEn partenariat avec la communaut\u00e9 d&rsquo;agglom\u00e9ration Gaillac-Graulhet, la mairie de Salvagnac, propose aux habitants de leur pr\u00eater des v\u00e9los \u00e0 assistance \u00e9lectrique pour tester ce nouveau mode de d\u00e9placement. Si vous habitez la commune de Salvagnac, vous pouvez emprunter gratuitement un v\u00e9lo pour une dur\u00e9e d&rsquo;1 semaine, du lundi matin au lundi matin suivant, renouvelable une fois.<br \/>\nLire la suite, cliquez <strong><a href=\"https:\/\/www.o-p-i.fr\/parlonsen\/wp-content\/uploads\/Test-v\u00e9lo-\u00e9lectrique.pdf\">Test v\u00e9lo \u00e9lectrique<\/a><\/strong><\/p>\n<ul>\n<li><strong>Le Centre Communal d\u2019Action Sociale<\/strong><\/li>\n<\/ul>\n<p>Le CCAS reprend ses permanences \u00e0 la mairie, le 1er samedi de chaque mois de 9h \u00e0 12h, sur rendez-vous au 05 63 33 50 18.<br \/>\nProchaine permanence samedi 6 juin 2020.<br \/>\nFONDATION DU BON SAUVEUR D\u2019ALBY<br \/>\nCellule d\u2019\u00e9coute psychologique au 05 63 48 56 78 du lundi au vendredi 9h-17h.<\/p>\n<ul>\n<li><strong>Les services<\/strong><\/li>\n<\/ul>\n<p><strong>La mairie<\/strong> : 05 63 33 50 18 mairie.salvagnac@orange.fr.<br \/>\nOUVERTURE AU PUBLIC (avec port du masque) :<br \/>\nLundi : 9h-12h30 et 14h-17h30<br \/>\nMardi : 9h-12h30<br \/>\nMercredi : 9h-12h30<br \/>\nJeudi : 9h-12h30 et 14h30-17h30<br \/>\nVendredi : 9h-12h30<br \/>\nNum\u00e9ro d\u2019urgence 24\/24 : 06 47 47 83 07<br \/>\nService technique : 06 77 07 70 96 du lundi au vendredi 8h-12h et 14h-17h<\/p>\n<p><strong>Les m\u00e9decins<\/strong> : 05 63 33 52 50 sur rendez-vous lundi et mardi 9h-12h et 15h-19h, mercredi, jeudi et vendredi 9h-12h et 16h30-19h, samedi 9h-12h. T\u00e9l\u00e9consultation possible au m\u00eame num\u00e9ro : 05 63 33 52 50. M\u00e9decin de garde au 3966<\/p>\n<p><strong>La pharmacie<\/strong> : 05 63 33 50 07 du lundi au vendredi de 9h-12h30 et 13h30-19h, le samedi de 9h-13h. Pharmacie de garde : 3237.<\/p>\n<p><strong>Le cabinet d\u2019infirmi\u00e8res<\/strong> : 05 63 40 55 33 Les soins indispensables et r\u00e9guliers des patients en cours de traitement sont maintenus \u00e0 domicile. Les prises de sang sont assur\u00e9es mais le secr\u00e9tariat reste ferm\u00e9 au public.<\/p>\n<p><strong>Le cabinet dentaire<\/strong> : 05 63 55 48 18 possibilit\u00e9 de prendre rendez-vous sur Doctolib.<\/p>\n<p><strong>Le cabinet de kin\u00e9sith\u00e9rapie<\/strong> : 05 63 40 50 21 L\u2019acc\u00e8s au cabinet n\u2019est autoris\u00e9 qu\u2019au patient disposant d\u2019un rendez-vous, accompagn\u00e9 \u00e9ventuellement d\u2019un aidant ou d\u2019un parent pour un mineur. Soins \u00e0 domicile assur\u00e9s par messieurs Trezeguet et Vella.<\/p>\n<p><strong>Masseur kin\u00e9sith\u00e9rapeute \u00e0 domicile<\/strong> : Charlotte Michaud 06 18 59 15 48.<\/p>\n<p><strong>L\u2019ADMR ARSAD<\/strong> : 05 63 41 18 30 service de repas \u00e0 domicile.<\/p>\n<p><strong>L\u2019ASAD<\/strong> Association de soutien \u00e0 domicile : 06 37 48 26 67 reprise des activit\u00e9s, le bureau reste ferm\u00e9.<\/p>\n<p><strong>Les Restos du C\u0153ur<\/strong> : distribution de colis tous les 15 jours, \u00e0 r\u00e9cup\u00e9rer devant l\u2019entr\u00e9e des Restos du C\u0153ur. Pour les personnes en difficult\u00e9 passag\u00e8re, appeler le 06 76 78 65 88. <strong>Prochaines distributions les 13 et 27 juin.<\/strong><\/p>\n<p><span style=\"color: #ff0000;\"><em>Le transport \u00e0 la demande : organis\u00e9 par la Communaut\u00e9 d\u2019Agglom\u00e9ration est arr\u00eat\u00e9. Les personnes en difficult\u00e9 d\u2019approvisionnement d\u2019alimentation ou de m\u00e9dicaments sont invit\u00e9es \u00e0 appeler le num\u00e9ro d\u2019urgence de la mairie : 06 47 47 83 07.<\/em><\/span><\/p>\n<p><strong>Le ramassage des ordures m\u00e9nag\u00e8res<\/strong> : assur\u00e9 au rythme habituel.<\/p>\n<p><strong>La d\u00e9chetterie<\/strong> : www.trifyl.fr mercredi 14h-18h, vendredi 9h-12h et 14h-18h, samedi 9h-12h..<\/p>\n<p><strong>Les march\u00e9s alimentaire<\/strong>s :<br \/>\n\u203a March\u00e9 du mercredi matin : 9h-12h<br \/>\n\u203a March\u00e9 du mercredi soir : 17h-19h<br \/>\n\u203a March\u00e9 du vendredi matin : 9h-12h<\/p>\n<p>Pour chacun de ces march\u00e9s :<br \/>\n\u203a Implantation au d\u00e9but des all\u00e9es c\u00f4t\u00e9 Marianne, sous la halle en cas de pluie<br \/>\n\u203a Installation d&rsquo;un sens de circulation giratoire<br \/>\n\u203a Mise en place de barri\u00e8res de distanciation entre les sens de circulation<br \/>\n\u203a Affichage rappelant les gestes barri\u00e8res et les r\u00e8gles de distanciation<br \/>\nLe port du masque est demand\u00e9 aux clients et aux commer\u00e7ants<\/p>\n<p><strong>Le bureau de Poste<\/strong> : 05 63 33 51 61 ouvert du lundi au vendredi 14h-16h30, samedi 9h-10h30.<\/p>\n<p><strong>Le Cr\u00e9dit Agricole<\/strong> : 05 63 34 08 19 ouvert le mercredi 9h30-12h.<\/p>\n<p><strong>L\u2019\u00e9glise<\/strong> : ouverte au public tous les dimanche de 9h30 \u00e0 12h30.<\/p>\n<p>Fabrication de masques en tissus \u00e0 Salvagnac<br \/>\nPour toute demande, contacter Brigitte Hellin : contact@chateaudenais.com ou Nadine Lopresti : nadinelopresti95@gmail.com qui vous renseigneront.<\/p>\n<h3>Les commerces<\/h3>\n<ul>\n<li>Salon de coiffure Butterfly : 05 63 41 01 18 du mardi au samedi sur rendez-vous par t\u00e9l\u00e9phone uniquement.<\/li>\n<li>Salon de coiffure De m\u00e8che avec vous : 05 63 40 33 85 du mardi au samedi sur rendez-vous uniquement.<\/li>\n<li>Virginie coiffure \u00e0 domicile : 06 70 95 53 97 hommes, femmes et enfants sur rendez-vous uniquement.<\/li>\n<li>La Manivelle artisans\/cr\u00e9ateurs : 06 48 25 75 13 mercredi et samedi 10h-20h, jeudi et vendredi 15h-20h.<\/li>\n<li>Aurelyss fleuriste : 07 81 61 95 18 du mardi au samedi 9h-12h30 et 16h-19h, le dimanche 10h-12h30. Vente de l\u00e9gumes de plein champ, production locale..<\/li>\n<li>La boulangerie \u201cLe Fournil Salvagnacois\u201d : reprend ses horaires habituels du mardi au vendredi 7h-13h et 16h-19h. Samedi, dimanche et jours f\u00e9ri\u00e9s 7h-13h.<\/li>\n<li>L\u2019\u00e9picerie VIVAL : ouverte du lundi au samedi 8h30-12h30 et 15h30-19h, le dimanche 9h-12h. Commandes au 05 63 33 80 08 ou par mail (christine.lanois0767@orange.fr). Du gel hydroalcoolique est \u00e0 disposition \u00e0 l\u2019entr\u00e9e du magasin. Il est recommand\u00e9 de l\u2019utiliser tout comme porter un masque car la vigilance est toujours d\u2019actualit\u00e9.<\/li>\n<li>La Pause Fermi\u00e8re : ouverte 7 jours\/7 du lundi au dimanche 8h30-19h. Pour toute commande ou demande, contacter le 05 63 40 09 70 ou par mail (contact@lafermedulacas.fr).<\/li>\n<li>La SARL Paulin Vivre \u00e0 la Campagne : 05 63 33 51 14 ou 06 82 91 32 91. Ouverture les mardi, mercredi, vendredi et samedi 9h-12h et 14h-18h, le jeudi sur commande, livraison ou DRIVE jusqu\u2019au 30 juin 2020.<\/li>\n<li>Bioplants81 : 05 63 34 85 14 producteur de plants de l\u00e9gumes \u00e0 la Sauzi\u00e8re-Saint-Jean \u00ab Le Boriet \u00bb. Vente directe de plants \u00e0 la serre 7jours\/7 8h30-19h www.bioplants81.fr<\/li>\n<li>La Boucherie du Tescou : 05 63 53 93 14 Beauvais-sur-Tescou. Du mardi au vendredi 9h-12h30 et 15h-19h, le samedi 9h-12h30 et 14h-17h30. Commande par t\u00e9l\u00e9phone, livraison possible.<\/li>\n<li>Les jardins du Tescou : 06 45 71 33 89. Paniers de l\u00e9gumes bio, porc noir gascon, plants de l\u00e9gumes bio, plants de plantes m\u00e9dicinales et aromatiques sur commande avec retrait le mercredi \u00e0 partir de 17h \u00e0 la ferme. lesjardinsdutescou@gmail.com<\/li>\n<li>Ruchers de Boh\u00e8me : 07 82 16 75 20 ruchersdeboheme@hotmail.com miel bio retrait de commande \u00e0 la ferme. Commande possible sur site www.gourmandlocal.fr<\/li>\n<li>Le potager de Verlhac : 06 10 84 73 66 Verlhac-sur-Tescou, l\u00e9gumes de saison commande via le site, retrait \u00e0 la ferme le samedi 11h-13h.<\/li>\n<li>GAEC La vie bio : 06 34 41 32 39 Saint-Urcisse &#8211; site, retrait \u00e0 la ferme le vendredi, drive le samedi de 8-12h \u00e0 Rabastens stade Roger B\u00e9teille. Pour consulter les produits et les prix : Bon de commande. Commandes : commandes@gaeclaviebio.fr<\/li>\n<li>M\u00e9lis&rsquo;herbes : 06 48 26 44 52 Salvagnac. Tisanes et produits d&rsquo;herboristerie. Commande par t\u00e9l\u00e9phone ou mail : chatrenet.nathalie@laposte.net, retrait au centre du village.<\/li>\n<li>Hakawerk : 06 95 15 10 34 produits \u00e9cologiques pour l&rsquo;entretien de la maison et l&rsquo;hygi\u00e8ne corporelle, livraison gratuite \u00e0 domicile, renseignements et tarifs par t\u00e9l ou \u00e0 hakawerk.ip@lilo.org<\/li>\n<\/ul>\n<h3>LES MARCH\u00c9S<\/h3>\n<ul>\n<li>La boucherie Eddy Bordes : 06 84 21 36 45 vendredi matin 9h-12h<\/li>\n<li>March\u00e9 du mercredi matin 9h-12hMarch\u00e9 du mercredi soir 17h-19h :\n<ul>\n<li>La Bonne Bouffe : 06 65 71 30 37 PIZZAS 1er et 3\u00e8me mercredi du mois.Le<\/li>\n<li>Pain Ambulant : 06 72 98 65 30 pain au levain, en 500g ou 1kg, bl\u00e9 semi-complet (4,80\u20ac\/kg) ou bl\u00e9 semi-complet aux graines de lin et tournesol (6\u20ac\/kg).<\/li>\n<li>La Borieta des Gaudous : 06 75 70 83 27 fromages et yaourts de ch\u00e8vres.<\/li>\n<li>Salma Al Azm\u00e9 : 07 72 10 19 79 local et bio Halaw\u00e9 s\u00e9same et pistache pots de 160gr 5\u20ac, Labn\u00e9 boules, fromage de vache dans l&rsquo;huile d&rsquo;olive pot de 350ml 7\u20ac 700ml 13\u20ac, yaourt de vache pots de 700ml 3\u20ac, galettes sucr\u00e9es aux \u00e9pices.<\/li>\n<li>La Ferme de Clayrac : 05 63 40 57 19 \u0153ufs, conserves, viande d&rsquo;agneau sous mention Nature et Progr\u00e8s<\/li>\n<li>Pierre et Pierre mara\u00eechers : 06 87 24 04 30 ou 07 82 01 88 20 l\u00e9gumes et plants bio.<\/li>\n<li>P\u00e9pini\u00e8re Mannechez : 06 07 19 12 45 paysan-producteur. Commande sur le site. Retrait \u00e0 la p\u00e9pini\u00e8re, 842 route de Saint-Jean Salvagnac les vendredis 14h15-17h45.<\/li>\n<\/ul>\n<\/li>\n<\/ul>\n<p>Pour les 5 premiers producteurs, possibilit\u00e9 de passer commande via : Framacalc &#8211; tableur collaboratif en ligne<\/p>\n<h3>La biblioth\u00e8que<\/h3>\n<p>\u00ab\u00a0Le r\u00e9seau des m\u00e9diath\u00e8ques de la Communaut\u00e9 d&rsquo;agglom\u00e9ration Gaillac-Graulhet pr\u00e9pare sa r\u00e9ouverture prochaine et pour cela proc\u00e8de en ce moment aux am\u00e9nagements n\u00e9cessaires afin de vous accueillir en toute s\u00e9curit\u00e9 et dans le respect des normes pr\u00e9conis\u00e9es (distance physique et gestes barri\u00e8res)<\/p>\n<p><strong>Pour Salvagnac sont pr\u00e9vus :<\/strong><\/p>\n<p>une entr\u00e9e et une sortie diff\u00e9renci\u00e9es<br \/>\nune jauge limit\u00e9e des personnes \u00e0 l&rsquo;int\u00e9rieur de la biblioth\u00e8que<br \/>\ndes bacs d\u00e8s l&rsquo;entr\u00e9e pour une mise en quarantaine des documents en retour (hors les murs) avant de r\u00e9int\u00e9grer les rayonnages<br \/>\ndes \u00e9quipements de protection (gel hydro-alcoolique \u00e0 l&rsquo;entr\u00e9e et \u00e0 la sortie, plexiglas \u00e0 la banque d&rsquo;accueil).<br \/>\nun port du masque obligatoire pour les adultes dans la biblioth\u00e8que<br \/>\nEn attendant, merci de votre patience et \u00e0 tr\u00e8s bient\u00f4t ! \u00a0\u00bb<\/p>\n<p>L&rsquo;\u00e9quipe de la biblioth\u00e8que de Salvagnac en collaboration avec la Communaut\u00e9 d&rsquo;agglom\u00e9ration Gaillac Graulhet met tout en \u0153uvre pour une r\u00e9ouverture de la biblioth\u00e8que le samedi 6 juin 2020 \u00e0 10h<br \/>\nBiblioth\u00e8que du Pays Salvagnacois, 7 all\u00e9es Jean Jaur\u00e8s, Salvagnac<\/p>\n<p><em>Informations communiqu\u00e9es par la mairie de Salvagnac<\/em><\/p>\n<p>&nbsp;<\/p>\n","protected":false},"excerpt":{"rendered":"<div class=\"mh-excerpt\">La vie reprend&#8230; avec quelques pr\u00e9cautions.<\/div>\n","protected":false},"author":4,"featured_media":0,"comment_status":"open","ping_status":"open","sticky":false,"template":"","format":"standard","meta":{"om_disable_all_campaigns":false,"advanced_seo_description":"","jetpack_seo_html_title":"","jetpack_seo_noindex":false,"_jetpack_memberships_contains_paid_content":false,"footnotes":"","_links_to":"","_links_to_target":""},"categories":[3966,6,25],"tags":[],"class_list":{"0":"post-45220","1":"post","2":"type-post","3":"status-publish","4":"format-standard","6":"category-n-171-juin-2020","7":"category-pratique","8":"category-salvagnac"},"jetpack_featured_media_url":"","views":{"total":0,"cached_at":"","cached_date":1737976923},"jetpack_likes_enabled":true,"jetpack_sharing_enabled":true,"jetpack_shortlink":"https:\/\/wp.me\/pg7Wxj-bLm","jetpack-related-posts":[],"_links":{"self":[{"href":"https:\/\/www.o-p-i.fr\/parlonsen\/wp-json\/wp\/v2\/posts\/45220","targetHints":{"allow":["GET"]}}],"collection":[{"href":"https:\/\/www.o-p-i.fr\/parlonsen\/wp-json\/wp\/v2\/posts"}],"about":[{"href":"https:\/\/www.o-p-i.fr\/parlonsen\/wp-json\/wp\/v2\/types\/post"}],"author":[{"embeddable":true,"href":"https:\/\/www.o-p-i.fr\/parlonsen\/wp-json\/wp\/v2\/users\/4"}],"replies":[{"embeddable":true,"href":"https:\/\/www.o-p-i.fr\/parlonsen\/wp-json\/wp\/v2\/comments?post=45220"}],"version-history":[{"count":0,"href":"https:\/\/www.o-p-i.fr\/parlonsen\/wp-json\/wp\/v2\/posts\/45220\/revisions"}],"wp:attachment":[{"href":"https:\/\/www.o-p-i.fr\/parlonsen\/wp-json\/wp\/v2\/media?parent=45220"}],"wp:term":[{"taxonomy":"category","embeddable":true,"href":"https:\/\/www.o-p-i.fr\/parlonsen\/wp-json\/wp\/v2\/categories?post=45220"},{"taxonomy":"post_tag","embeddable":true,"href":"https:\/\/www.o-p-i.fr\/parlonsen\/wp-json\/wp\/v2\/tags?post=45220"}],"curies":[{"name":"wp","href":"https:\/\/api.w.org\/{rel}","templated":true}]}}