{"id":45231,"date":"2020-06-04T21:25:54","date_gmt":"2020-06-04T20:25:54","guid":{"rendered":"https:\/\/www.o-p-i.fr\/parlonsen\/?p=45231"},"modified":"2020-06-04T21:25:54","modified_gmt":"2020-06-04T20:25:54","slug":"musee-raymond-lafage-a-lisle-sur-tarn-81","status":"publish","type":"post","link":"https:\/\/www.o-p-i.fr\/parlonsen\/parlons-en\/culture\/musee-raymond-lafage-a-lisle-sur-tarn-81\/","title":{"rendered":"Mus\u00e9e Raymond Lafage&#8230;\u00e0 Lisle sur Tarn (81)"},"content":{"rendered":"<p>Communiqu\u00e9 du 28 mai 2020.<!--more--><\/p>\n<p><img data-recalc-dims=\"1\" loading=\"lazy\" decoding=\"async\" class=\"alignright size-full wp-image-45232\" src=\"https:\/\/i0.wp.com\/www.o-p-i.fr\/parlonsen\/wp-content\/uploads\/Lafage-1.jpg?resize=340%2C510&#038;ssl=1\" alt=\"\" width=\"340\" height=\"510\" srcset=\"https:\/\/i0.wp.com\/www.o-p-i.fr\/parlonsen\/wp-content\/uploads\/Lafage-1.jpg?w=340&amp;ssl=1 340w, https:\/\/i0.wp.com\/www.o-p-i.fr\/parlonsen\/wp-content\/uploads\/Lafage-1.jpg?resize=200%2C300&amp;ssl=1 200w, https:\/\/i0.wp.com\/www.o-p-i.fr\/parlonsen\/wp-content\/uploads\/Lafage-1.jpg?resize=100%2C150&amp;ssl=1 100w\" sizes=\"auto, (max-width: 340px) 100vw, 340px\" \/>Vous le savez tous, l\u2019ann\u00e9e 2020 n\u2019est pas telle que nous l\u2019avions esp\u00e9r\u00e9e. En effet, l\u2019exposition \u00ab Clair-obscur \u00bb de Genevi\u00e8ve D\u00e9mereau initialement programm\u00e9e le samedi 4 avril, puis report\u00e9e est finalement annul\u00e9e. L\u2019exposition Mikio et Karen Watanab\u00e9 pr\u00e9vue pour le samedi 20 juin est annul\u00e9e.<\/p>\n<p>Ces mesures sont la cons\u00e9quence du respect par la collectivit\u00e9 des directives li\u00e9es \u00e0 la pand\u00e9mie de Covid19. La s\u00e9curit\u00e9 des personnels, celle des visiteurs, ont pr\u00e9valu dans les prises de d\u00e9cision.<\/p>\n<p>Aussi, nous vous proposerons de d\u00e9couvrir ou re-d\u00e9couvrir des richesses du mus\u00e9e. De splendides \u0153uvres issues du fonds permanent seront autant de tr\u00e9sors m\u00e9connus qui vous attendront. Nous vous pr\u00e9senterons les p\u00e9pites des collections permanentes : objets (verre de Gr\u00e9signe), collection arch\u00e9ologique, dessins et gravures, peintures embl\u00e9matiques, sculptures, c\u00e9ramiques.<\/p>\n<p>Le mus\u00e9e est donc ferm\u00e9 depuis le d\u00e9but du confinement les perspectives sanitaires laissent peu d\u2019espoir d\u2019une normalisation rapide de la situation.<\/p>\n<p>N\u00e9anmoins, la municipalit\u00e9, les personnels en charge du mus\u00e9e pr\u00e9voient une r\u00e9-ouverture du mus\u00e9e au public<span style=\"color: #ff0000;\"><strong> \u00e0 partir du lundi 22 juin<\/strong><\/span>, dans le respect des dispositifs sanitaires d&rsquo;accueil.<\/p>\n<p>Afin de vous accueillir dans les meilleures conditions, le mus\u00e9e sera ouvert au public en semaine, les mercredis, jeudis et vendredis apr\u00e8s-midi (de 14h \u00e0 18h) et le week-end uniquement sur rendez-vous. Afin de limiter tout risque lors des \u00e9changes mon\u00e9taires, \u00e0 titre exceptionnel et pour la dur\u00e9e de ce dispositif sp\u00e9cial, la gratuit\u00e9 de l&rsquo;entr\u00e9e sera accord\u00e9e.<\/p>\n<p>L\u2019entr\u00e9e du mus\u00e9e sera filtr\u00e9e afin qu\u2019il n\u2019y ait jamais plus de 6 personnes en m\u00eame temps dans le mus\u00e9e pour respecter la distanciation indispensable. De plus, du gel hydro-alcoolique sera mis \u00e0 disposition et les visiteurs auront l\u2019obligation de venir munis d\u2019un masque.<\/p>\n<p>Des visites guid\u00e9es vous seront propos\u00e9es, maximum 6 personnes par visite.<\/p>\n<p>Enfin, au regard des contraintes qui nous sont impos\u00e9es, il nous est impossible de maintenir les animations habituellement pr\u00e9vues les dimanches apr\u00e8s-midi de juillet, ao\u00fbt et septembre.<\/p>\n<p>Nous vous esp\u00e9rons tous en bonne sant\u00e9, nous serons ravis de vous accueillir lors de cette saison particuli\u00e8re et nous vous renouvelons l\u2019expression de nos sentiments les plus sinc\u00e8res et d\u00e9vou\u00e9s.<\/p>\n<p><img data-recalc-dims=\"1\" loading=\"lazy\" decoding=\"async\" class=\"alignleft size-full wp-image-35195\" src=\"https:\/\/i0.wp.com\/www.o-p-i.fr\/parlonsen\/wp-content\/uploads\/lafage-logo.jpg?resize=85%2C76&#038;ssl=1\" alt=\"\" width=\"85\" height=\"76\" \/><\/p>\n<p>&nbsp;<\/p>\n<p>&nbsp;<\/p>\n<p>&nbsp;<\/p>\n<p><em>Information communiqu\u00e9e par l\u2019\u00e9quipe du Mus\u00e9e Raymond Lafage.<\/em><\/p>\n","protected":false},"excerpt":{"rendered":"<div class=\"mh-excerpt\">Communiqu\u00e9 du 28 mai 2020.<\/div>\n","protected":false},"author":4,"featured_media":0,"comment_status":"open","ping_status":"open","sticky":false,"template":"","format":"standard","meta":{"om_disable_all_campaigns":false,"advanced_seo_description":"","jetpack_seo_html_title":"","jetpack_seo_noindex":false,"_jetpack_memberships_contains_paid_content":false,"footnotes":"","_links_to":"","_links_to_target":""},"categories":[42,1,3966],"tags":[77,78],"class_list":{"0":"post-45231","1":"post","2":"type-post","3":"status-publish","4":"format-standard","6":"category-a-cote-de-chez-nous","7":"category-culture","8":"category-n-171-juin-2020","9":"tag-lisle-sur-tarn","10":"tag-musee-raymond-lafage"},"jetpack_featured_media_url":"","views":{"total":0,"cached_at":"","cached_date":1738141343},"jetpack_likes_enabled":true,"jetpack_sharing_enabled":true,"jetpack_shortlink":"https:\/\/wp.me\/pg7Wxj-bLx","jetpack-related-posts":[],"_links":{"self":[{"href":"https:\/\/www.o-p-i.fr\/parlonsen\/wp-json\/wp\/v2\/posts\/45231","targetHints":{"allow":["GET"]}}],"collection":[{"href":"https:\/\/www.o-p-i.fr\/parlonsen\/wp-json\/wp\/v2\/posts"}],"about":[{"href":"https:\/\/www.o-p-i.fr\/parlonsen\/wp-json\/wp\/v2\/types\/post"}],"author":[{"embeddable":true,"href":"https:\/\/www.o-p-i.fr\/parlonsen\/wp-json\/wp\/v2\/users\/4"}],"replies":[{"embeddable":true,"href":"https:\/\/www.o-p-i.fr\/parlonsen\/wp-json\/wp\/v2\/comments?post=45231"}],"version-history":[{"count":0,"href":"https:\/\/www.o-p-i.fr\/parlonsen\/wp-json\/wp\/v2\/posts\/45231\/revisions"}],"wp:attachment":[{"href":"https:\/\/www.o-p-i.fr\/parlonsen\/wp-json\/wp\/v2\/media?parent=45231"}],"wp:term":[{"taxonomy":"category","embeddable":true,"href":"https:\/\/www.o-p-i.fr\/parlonsen\/wp-json\/wp\/v2\/categories?post=45231"},{"taxonomy":"post_tag","embeddable":true,"href":"https:\/\/www.o-p-i.fr\/parlonsen\/wp-json\/wp\/v2\/tags?post=45231"}],"curies":[{"name":"wp","href":"https:\/\/api.w.org\/{rel}","templated":true}]}}