{"id":45244,"date":"2020-06-04T23:09:26","date_gmt":"2020-06-04T22:09:26","guid":{"rendered":"https:\/\/www.o-p-i.fr\/parlonsen\/?p=45244"},"modified":"2020-06-04T23:36:42","modified_gmt":"2020-06-04T22:36:42","slug":"ou-donner-son-sang-dans-le-tarn-3","status":"publish","type":"post","link":"https:\/\/www.o-p-i.fr\/parlonsen\/localisation\/a-cote-de-chez-nous\/ou-donner-son-sang-dans-le-tarn-3\/","title":{"rendered":"O\u00f9 donner son sang &#8230; dans le Tarn"},"content":{"rendered":"<p>En<strong> juin 2020<\/strong><\/p>\n<p><!--more--><strong><img data-recalc-dims=\"1\" loading=\"lazy\" decoding=\"async\" class=\"alignright wp-image-38450\" src=\"https:\/\/i0.wp.com\/www.o-p-i.fr\/parlonsen\/wp-content\/uploads\/efs.jpg?resize=450%2C454&#038;ssl=1\" alt=\"\" width=\"450\" height=\"454\" \/>Le site EFS d\u2019ALBI<\/strong> :<br \/>\nEtablissement Fran\u00e7ais du Sang d\u2019Albi<br \/>\n8 avenue du Mar\u00e9chal de Lattre de Tassigny<br \/>\n(parking donneurs)<br \/>\nLes mardis et jeudis de 11h \u00e0 13h30 et de 14h30 \u00e0 19h<br \/>\net les vendredis de 09h \u00e0 13h30<\/p>\n<p><strong>Les collectes mobiles dans le d\u00e9partement<\/strong><\/p>\n<ul>\n<li><strong>BRASSAC<\/strong> \u2013 SALLE DE LA MARQUISE<br \/>\nLUNDI 8 JUIN De 14h00 \u00e0 18h15<\/li>\n<li><strong>LABRUGUIERE<\/strong> \u2013 SALLE DE LA FABRIQUE<br \/>\nMERCREDI 10 JUIN De 14h30 \u00e0 18h30<\/li>\n<li><strong>CASTRES<\/strong> \u2013 CASTRES OLYMPIQUE &#8211; STADE PIERRE FABRE<br \/>\nDU DIMANCHE 14 AU JEUDI 18 JUIN De 9h30 \u00e0 18h30<\/li>\n<li><strong>RABASTENS<\/strong> \u2013 LA HALLE<br \/>\nLUNDI 22 JUIN De 14h00 \u00e0 19h00<\/li>\n<li><strong>LISLE SUR TARN<\/strong> \u2013 P\u00d4LE A\u00ceN\u00c9S RURAUX<br \/>\nJEUDI 25 JUIN De 14h00 \u00e0 19h00<\/li>\n<\/ul>\n<h3>\u00a0\u00c0 propos de l\u2019EFS<\/h3>\n<p>Gr\u00e2ce au don de sang, donneurs et receveurs sont au c\u0153ur de l\u2019\u00e9conomie du partage. Les 10 000 collaboratrices et collaborateurs, m\u00e9decins, pharmaciens, biologistes, techniciens de laboratoire, chercheurs, infirmiers, \u00e9quipes de collecte de l\u2019\u00c9tablissement fran\u00e7ais du sang, en lien avec des milliers de b\u00e9n\u00e9voles, s\u2019engagent au quotidien comme dans les circonstances exceptionnelles pour transformer les dons en vies et soigner ainsi 1 million de patients par an. Op\u00e9rateur civil unique de la transfusion sanguine en France, l\u2019EFS a pour mission principalel\u2019autosuffisance nationale en produits sanguins.<br \/>\nIl s\u2019investit par ailleurs dans de nombreuses autres activit\u00e9s, comme les examens de biologie m\u00e9dicale, la th\u00e9rapie cellulaire et tissulaire ou la recherche. Au-del\u00e0 de la qualification des dons, les laboratoires de l\u2019EFS r\u00e9alisent diff\u00e9rents types d\u2019examens biologiques, h\u00e9matologiques et immunologiques, des examens indispensables dans le cadre d\u2019une transfusion mais \u00e9galement d\u2019une greffe d\u2019organe, de tissus ou de cellules. Avec plus de 500 millions de B r\u00e9alis\u00e9s par an, l\u2019EFS est l\u2019un des plus grands laboratoires de biologie m\u00e9dicale de France.<br \/>\nL\u2019\u00c9tablissement fran\u00e7ais du sang est pr\u00e9sent sur l\u2019ensemble du territoire pour \u00eatre au plus pr\u00e8s des donneurs et des patients et porter ainsi des valeurs sans \u00e9quivalent.<\/p>\n<p>Pour voir l&rsquo;appel \u00e0 la mobilisation lanc\u00e9 par l&rsquo;EFS, <a href=\"https:\/\/www.o-p-i.fr\/parlonsen\/parlons-en\/appel-au-don-de-sang-prenez-le-relais\/\" target=\"_blank\" rel=\"noopener noreferrer\">cliquez ici<\/a><\/p>\n<p><img data-recalc-dims=\"1\" loading=\"lazy\" decoding=\"async\" class=\"alignleft size-full wp-image-41523\" src=\"https:\/\/i0.wp.com\/www.o-p-i.fr\/parlonsen\/wp-content\/uploads\/EFS.jpg?resize=283%2C69&#038;ssl=1\" alt=\"\" width=\"283\" height=\"69\" srcset=\"https:\/\/i0.wp.com\/www.o-p-i.fr\/parlonsen\/wp-content\/uploads\/EFS.jpg?w=283&amp;ssl=1 283w, https:\/\/i0.wp.com\/www.o-p-i.fr\/parlonsen\/wp-content\/uploads\/EFS.jpg?resize=150%2C37&amp;ssl=1 150w\" sizes=\"auto, (max-width: 283px) 100vw, 283px\" \/><\/p>\n<p>&nbsp;<\/p>\n<p><em>Information communiqu\u00e9e par Manon VALENTIN<\/em><\/p>\n","protected":false},"excerpt":{"rendered":"<div class=\"mh-excerpt\">En juin 2020<\/div>\n","protected":false},"author":4,"featured_media":0,"comment_status":"open","ping_status":"open","sticky":false,"template":"","format":"standard","meta":{"om_disable_all_campaigns":false,"advanced_seo_description":"","jetpack_seo_html_title":"","jetpack_seo_noindex":false,"_jetpack_memberships_contains_paid_content":false,"footnotes":"","_links_to":"","_links_to_target":""},"categories":[42,3966,291],"tags":[],"class_list":{"0":"post-45244","1":"post","2":"type-post","3":"status-publish","4":"format-standard","6":"category-a-cote-de-chez-nous","7":"category-n-171-juin-2020","8":"category-solidarite"},"jetpack_featured_media_url":"","views":{"total":0,"cached_at":"","cached_date":1738512985},"jetpack_likes_enabled":true,"jetpack_sharing_enabled":true,"jetpack_shortlink":"https:\/\/wp.me\/pg7Wxj-bLK","jetpack-related-posts":[],"_links":{"self":[{"href":"https:\/\/www.o-p-i.fr\/parlonsen\/wp-json\/wp\/v2\/posts\/45244","targetHints":{"allow":["GET"]}}],"collection":[{"href":"https:\/\/www.o-p-i.fr\/parlonsen\/wp-json\/wp\/v2\/posts"}],"about":[{"href":"https:\/\/www.o-p-i.fr\/parlonsen\/wp-json\/wp\/v2\/types\/post"}],"author":[{"embeddable":true,"href":"https:\/\/www.o-p-i.fr\/parlonsen\/wp-json\/wp\/v2\/users\/4"}],"replies":[{"embeddable":true,"href":"https:\/\/www.o-p-i.fr\/parlonsen\/wp-json\/wp\/v2\/comments?post=45244"}],"version-history":[{"count":0,"href":"https:\/\/www.o-p-i.fr\/parlonsen\/wp-json\/wp\/v2\/posts\/45244\/revisions"}],"wp:attachment":[{"href":"https:\/\/www.o-p-i.fr\/parlonsen\/wp-json\/wp\/v2\/media?parent=45244"}],"wp:term":[{"taxonomy":"category","embeddable":true,"href":"https:\/\/www.o-p-i.fr\/parlonsen\/wp-json\/wp\/v2\/categories?post=45244"},{"taxonomy":"post_tag","embeddable":true,"href":"https:\/\/www.o-p-i.fr\/parlonsen\/wp-json\/wp\/v2\/tags?post=45244"}],"curies":[{"name":"wp","href":"https:\/\/api.w.org\/{rel}","templated":true}]}}