{"id":45266,"date":"2020-06-11T17:42:20","date_gmt":"2020-06-11T16:42:20","guid":{"rendered":"https:\/\/www.o-p-i.fr\/parlonsen\/?p=45266"},"modified":"2020-06-11T17:42:20","modified_gmt":"2020-06-11T16:42:20","slug":"collecte-de-produits-dhygiene-a-monclar-de-quercy-82-2","status":"publish","type":"post","link":"https:\/\/www.o-p-i.fr\/parlonsen\/localisation\/au-pays-des-tescous\/monclar\/collecte-de-produits-dhygiene-a-monclar-de-quercy-82-2\/","title":{"rendered":"Collecte de produits d&rsquo;hygi\u00e8ne&#8230; \u00e0 Monclar de Quercy (82)"},"content":{"rendered":"<p>L&rsquo;association FSA continue les collectes de produits d&rsquo;hygi\u00e8ne et de beaut\u00e9 <!--more-->\u00e0 l&rsquo;attention de personnes sans abri ou vivant dans la grande pr\u00e9carit\u00e9.<\/p>\n<figure id=\"attachment_45267\" aria-describedby=\"caption-attachment-45267\" style=\"width: 425px\" class=\"wp-caption alignright\"><img data-recalc-dims=\"1\" loading=\"lazy\" decoding=\"async\" class=\"size-full wp-image-45267\" src=\"https:\/\/i0.wp.com\/www.o-p-i.fr\/parlonsen\/wp-content\/uploads\/FSA-2.jpg?resize=425%2C319&#038;ssl=1\" alt=\"\" width=\"425\" height=\"319\" srcset=\"https:\/\/i0.wp.com\/www.o-p-i.fr\/parlonsen\/wp-content\/uploads\/FSA-2.jpg?w=425&amp;ssl=1 425w, https:\/\/i0.wp.com\/www.o-p-i.fr\/parlonsen\/wp-content\/uploads\/FSA-2.jpg?resize=300%2C225&amp;ssl=1 300w, https:\/\/i0.wp.com\/www.o-p-i.fr\/parlonsen\/wp-content\/uploads\/FSA-2.jpg?resize=150%2C113&amp;ssl=1 150w, https:\/\/i0.wp.com\/www.o-p-i.fr\/parlonsen\/wp-content\/uploads\/FSA-2.jpg?resize=400%2C300&amp;ssl=1 400w\" sizes=\"auto, (max-width: 425px) 100vw, 425px\" \/><figcaption id=\"caption-attachment-45267\" class=\"wp-caption-text\">Les deux derni\u00e8res collectes \u00e0 Monclar et quelques 150<br \/>sacs r\u00e9alis\u00e9s par Th\u00e9r\u00e8se<\/figcaption><\/figure>\n<p>A Monclar et depuis maintenant plusieurs mois la collecte est r\u00e9alis\u00e9e par Dominique avec une bo\u00eete mise \u00e0 disposition au cabinet des kin\u00e9s.<br \/>\nVous pouvez \u00e9galement amener vos dons (Brosses \u00e0 dents, rasoirs, shampoings, gel douche, produits b\u00e9b\u00e9&#8230;..) au 3 impasse Galinier.<\/p>\n<p>Nous demandons \u00e0 ce que les produits ne soient ni p\u00e9rim\u00e9s, ni entam\u00e9s par mesure d&rsquo;hygi\u00e8ne.<\/p>\n<p>Tous les produits re\u00e7us sont ensuite rassembl\u00e9s \u00e0 Montauban o\u00f9 nous confectionnons des kits selon les besoins des personnes. Des \u00ab\u00a0cousettes\u00a0\u00bb<br \/>\nconfectionnent des sacs ( sur la photo, 150 d&rsquo;entre eux r\u00e9alis\u00e9s par Th\u00e9r\u00e8se!!!) qui servent \u00e0 loger le n\u00e9cessaire de toilette.<\/p>\n<p>Merci aux Monclarais et habitants des alentours pour votre g\u00e9n\u00e9rosit\u00e9.<\/p>\n<p>Dominique M\u00e9au<br \/>\nPour toutes infos suppl\u00e9mentaires<br \/>\n06 07 88 32 66<br \/>\nCourriel: <a href=\"mailto:domsame@free.fr\" target=\"_blank\" rel=\"noopener noreferrer\">domsame@free.fr<\/a><\/p>\n<p><em>Information communiqu\u00e9e par Dominique M\u00e9AU<\/em><\/p>\n","protected":false},"excerpt":{"rendered":"<div class=\"mh-excerpt\">L&rsquo;association FSA continue les collectes de produits d&rsquo;hygi\u00e8ne et de beaut\u00e9<\/div>\n","protected":false},"author":4,"featured_media":0,"comment_status":"open","ping_status":"open","sticky":false,"template":"","format":"standard","meta":{"om_disable_all_campaigns":false,"advanced_seo_description":"","jetpack_seo_html_title":"","jetpack_seo_noindex":false,"_jetpack_memberships_contains_paid_content":false,"footnotes":"","_links_to":"","_links_to_target":""},"categories":[290,16,3966,291],"tags":[2481,3884,3959],"class_list":{"0":"post-45266","1":"post","2":"type-post","3":"status-publish","4":"format-standard","6":"category-entraide","7":"category-monclar","8":"category-n-171-juin-2020","9":"category-solidarite","10":"tag-hygiene","11":"tag-fsa","12":"tag-collecte-produits-hygiene"},"jetpack_featured_media_url":"","views":{"total":0,"cached_at":"","cached_date":1738529491},"jetpack_likes_enabled":true,"jetpack_sharing_enabled":true,"jetpack_shortlink":"https:\/\/wp.me\/pg7Wxj-bM6","jetpack-related-posts":[],"_links":{"self":[{"href":"https:\/\/www.o-p-i.fr\/parlonsen\/wp-json\/wp\/v2\/posts\/45266","targetHints":{"allow":["GET"]}}],"collection":[{"href":"https:\/\/www.o-p-i.fr\/parlonsen\/wp-json\/wp\/v2\/posts"}],"about":[{"href":"https:\/\/www.o-p-i.fr\/parlonsen\/wp-json\/wp\/v2\/types\/post"}],"author":[{"embeddable":true,"href":"https:\/\/www.o-p-i.fr\/parlonsen\/wp-json\/wp\/v2\/users\/4"}],"replies":[{"embeddable":true,"href":"https:\/\/www.o-p-i.fr\/parlonsen\/wp-json\/wp\/v2\/comments?post=45266"}],"version-history":[{"count":0,"href":"https:\/\/www.o-p-i.fr\/parlonsen\/wp-json\/wp\/v2\/posts\/45266\/revisions"}],"wp:attachment":[{"href":"https:\/\/www.o-p-i.fr\/parlonsen\/wp-json\/wp\/v2\/media?parent=45266"}],"wp:term":[{"taxonomy":"category","embeddable":true,"href":"https:\/\/www.o-p-i.fr\/parlonsen\/wp-json\/wp\/v2\/categories?post=45266"},{"taxonomy":"post_tag","embeddable":true,"href":"https:\/\/www.o-p-i.fr\/parlonsen\/wp-json\/wp\/v2\/tags?post=45266"}],"curies":[{"name":"wp","href":"https:\/\/api.w.org\/{rel}","templated":true}]}}