{"id":45289,"date":"2020-06-11T21:48:58","date_gmt":"2020-06-11T20:48:58","guid":{"rendered":"https:\/\/www.o-p-i.fr\/parlonsen\/?p=45289"},"modified":"2020-06-13T08:32:11","modified_gmt":"2020-06-13T07:32:11","slug":"cinemonclar-le-programme-du-vendredi-26-juin-au-mardi-21-juillet-2020-a-monclar-de-quercy","status":"publish","type":"post","link":"https:\/\/www.o-p-i.fr\/parlonsen\/localisation\/au-pays-des-tescous\/monclar\/cinemonclar-le-programme-du-vendredi-26-juin-au-mardi-21-juillet-2020-a-monclar-de-quercy\/","title":{"rendered":"Cin\u00e9Monclar, le programme du vendredi 26 juin au mardi 21 juillet 2020 ..\u00e0 Monclar de Quercy"},"content":{"rendered":"<p><span style=\"font-size: small;\">Cin\u00e9monclar propose:<\/span> <!--more--><\/p>\r\n<p><strong>Pr\u00e9cautions sanitaires COVID<\/strong><br \/><span style=\"color: #ff0000;\"><em>Distanciation sociale : Pas plus de\u00a0 5 personnes \u00e0 la fois dans l\u2019entr\u00e9e et respect des marquages au sol.<\/em><\/span><br \/><span style=\"color: #ff0000;\"><em>Dans la salle : laisser libre au moins un si\u00e8ge entre chaque spectateur<\/em><\/span><br \/><span style=\"color: #ff0000;\"><em>ou groupe d\u2019une m\u00eame famille.<\/em><\/span><\/p>\r\n<ul>\r\n<li><strong>Vendredi 26 juin 2020 \u00e0 <\/strong>21h. <br \/>The gentlemen\u00a0 <a href=\"http:\/\/www.allocine.fr\/video\/player_gen_cmedia=19587366&amp;cfilm=264538.html\" target=\"_blank\" rel=\"noopener noreferrer\"><span style=\"font-size: small;\"><em>Pour voir la <\/em><em>bande<\/em><em> annonce, c<\/em><em>l<\/em><em>iquez<\/em><\/span><\/a><\/li>\r\n<li><strong>Dimanche 28 juin2020<\/strong>\r\n<ul>\r\n<li>Sonic le Film \u00e0 16h.\u00a0 <a href=\"http:\/\/www.allocine.fr\/video\/player_gen_cmedia=19587092&amp;cfilm=229574.html\" target=\"_blank\" rel=\"noopener noreferrer\"><span style=\"font-size: small;\"><em>Pour voir la <\/em><em>bande<\/em><em> annonce, c<\/em><em>l<\/em><em>iquez<\/em><\/span><\/a><\/li>\r\n<li>Un divan \u00e0 Tunis \u00e0 18h.\u00a0 <a href=\"http:\/\/www.allocine.fr\/video\/player_gen_cmedia=19586263&amp;cfilm=264067.html\" target=\"_blank\" rel=\"noopener noreferrer\"><span style=\"font-size: small;\"><em>Pour voir la <\/em><em>bande<\/em><em> annonce, c<\/em><em>l<\/em><em>iquez<\/em><\/span><\/a><\/li>\r\n<\/ul>\r\n<\/li>\r\n<li><strong>Mardi 30 juin 2020<\/strong> 21h.<br \/>La beaut\u00e9 des choses VO\u00a0 \u00a0<a href=\"http:\/\/www.allocine.fr\/video\/player_gen_cmedia=19587069&amp;cfilm=87886.html\" target=\"_blank\" rel=\"noopener noreferrer\"><span style=\"font-size: small;\"><em>Pour voir la <\/em><em>bande<\/em><em> annonce, c<\/em><em>l<\/em><em>iquez<\/em><\/span><\/a><\/li>\r\n<li><strong>Vendredi 3 juillet 2020<\/strong> \u00e0 21h. <br \/>Le Cas Richard Jewell\u00a0 <a href=\"http:\/\/www.allocine.fr\/video\/player_gen_cmedia=19586925&amp;cfilm=226927.html\" target=\"_blank\" rel=\"noopener noreferrer\"><span style=\"font-size: small;\"><em>Pour voir la <\/em><em>bande<\/em><em> annonce, c<\/em><em>l<\/em><em>iquez<\/em><\/span><\/a><\/li>\r\n<li><strong>Dimanche 5 juillet 2020<\/strong>\r\n<ul>\r\n<li>En avant 16h.\u00a0 <a href=\"http:\/\/www.allocine.fr\/video\/player_gen_cmedia=19585566&amp;cfilm=251353.html\" target=\"_blank\" rel=\"noopener noreferrer\"><span style=\"font-size: small;\"><em>Pour voir la <\/em><em>bande<\/em><em> annonce, c<\/em><em>l<\/em><em>iquez<\/em><\/span><\/a><\/li>\r\n<li>10 jours sans maman 18h.\u00a0 <a href=\"http:\/\/www.allocine.fr\/video\/player_gen_cmedia=19585562&amp;cfilm=273882.html\" target=\"_blank\" rel=\"noopener noreferrer\"><span style=\"font-size: small;\"><em>Pour voir la <\/em><em>bande<\/em><em> annonce, c<\/em><em>l<\/em><em>iquez<\/em><\/span><\/a><\/li>\r\n<\/ul>\r\n<\/li>\r\n<li><strong>Mardi 7 juillet 2020<\/strong> \u00e0 21h<br \/>Wet season VO .\u00a0 <a href=\"http:\/\/www.allocine.fr\/video\/player_gen_cmedia=19587364&amp;cfilm=271611.html\" target=\"_blank\" rel=\"noopener noreferrer\"><span style=\"font-size: small;\"><em>Pour voir la <\/em><em>bande<\/em><em> annonce, c<\/em><em>l<\/em><em>iquez<\/em><\/span><\/a><\/li>\r\n<li><strong>Vendredi 10 juillet 2020<\/strong> \u00e0 21h.<br \/>La voix de la Justice\u00a0 \u00a0<a href=\"http:\/\/www.allocine.fr\/video\/player_gen_cmedia=19585010&amp;cfilm=239735.html\" target=\"_blank\" rel=\"noopener noreferrer\"><span style=\"font-size: small;\"><em>Pour voir la <\/em><em>bande<\/em><em> annonce, c<\/em><em>l<\/em><em>iquez<\/em><\/span><\/a><\/li>\r\n<li><strong>Dimanche 12 juillet2020<\/strong>\r\n<ul>\r\n<li>l\u2019appel de la f\u00f4ret \u00e0 16h.\u00a0 <a href=\"http:\/\/www.allocine.fr\/video\/player_gen_cmedia=19586629&amp;cfilm=259759.html\" target=\"_blank\" rel=\"noopener noreferrer\"><span style=\"font-size: small;\"><em>Pour voir la <\/em><em>bande<\/em><em> annonce, c<\/em><em>l<\/em><em>iquez<\/em><\/span><\/a><\/li>\r\n<li>l\u2019ombre de Staline \u00e0 18h.\u00a0 <a href=\"http:\/\/www.allocine.fr\/video\/player_gen_cmedia=19587888&amp;cfilm=254025.html\" target=\"_blank\" rel=\"noopener noreferrer\"><span style=\"font-size: small;\"><em>Pour voir la <\/em><em>bande<\/em><em> annonce, c<\/em><em>l<\/em><em>iquez<\/em><\/span><\/a><\/li>\r\n<\/ul>\r\n<\/li>\r\n<li><strong>Mardi 14 juillet 2020<\/strong> <br \/>kongo VO \u00e0 21h.\u00a0<a href=\"http:\/\/www.allocine.fr\/video\/player_gen_cmedia=19583967&amp;cfilm=273664.html\" target=\"_blank\" rel=\"noopener noreferrer\"> <span style=\"font-size: small;\"><em>Pour voir un extrait<\/em><em>, c<\/em><em>l<\/em><em>iquez<\/em><\/span><\/a><\/li>\r\n<li><strong>Vendredi 17 juillet 2020<\/strong> \u00e0 21h.<br \/>PAPI -SITTER\u00a0 \u00a0<a href=\"http:\/\/www.allocine.fr\/video\/player_gen_cmedia=19587990&amp;cfilm=266103.html\" target=\"_blank\" rel=\"noopener noreferrer\"><span style=\"font-size: small;\"><em>Pour voir la <\/em><em>bande<\/em><em> annonce, c<\/em><em>l<\/em><em>iquez<\/em><\/span><\/a><\/li>\r\n<li><strong>Dimanche 19 juillet2020<\/strong>\r\n<ul>\r\n<li>NOUS LES CHIENS \u00e0 16h.\u00a0 <a href=\"http:\/\/www.allocine.fr\/video\/player_gen_cmedia=19586282&amp;cfilm=275563.html\" target=\"_blank\" rel=\"noopener noreferrer\"><span style=\"font-size: small;\"><em>Pour voir la <\/em><em>bande<\/em><em> annonce, c<\/em><em>l<\/em><em>iquez<\/em><\/span><\/a><\/li>\r\n<li>LES PARFUMS \u00e0 18h.\u00a0 <a href=\"http:\/\/www.allocine.fr\/video\/player_gen_cmedia=19585673&amp;cfilm=269023.html\" target=\"_blank\" rel=\"noopener noreferrer\"><span style=\"font-size: small;\"><em>Pour voir la <\/em><em>bande<\/em><em> annonce, c<\/em><em>l<\/em><em>iquez<\/em><\/span><\/a><\/li>\r\n<\/ul>\r\n<\/li>\r\n<li><strong>Mardi 21 juillet 2020<\/strong> \u00e0 21h.<br \/>Monos VO\u00a0 (Festival Cin\u00e9latino)\u00a0 <a href=\"http:\/\/www.allocine.fr\/video\/player_gen_cmedia=19586551&amp;cfilm=255064.html\" target=\"_blank\" rel=\"noopener noreferrer\"><span style=\"font-size: small;\"><em>Pour voir la <\/em><em>bande<\/em><em> annonce, c<\/em><em>l<\/em><em>iquez<\/em><\/span><\/a><\/li>\r\n<\/ul>\r\n<p><strong><span style=\"color: #ff0000;\">Pr\u00e9cautions sanitaires COVID<\/span><\/strong><br \/><span style=\"color: #ff0000;\">Distanciation sociale : respecter les marques au sol,<\/span><br \/><span style=\"color: #ff0000;\">laisser libre au moins un si\u00e8ge entre chaque spectateur ou groupe d\u2019une m\u00eame famille.<\/span><\/p>\r\n<p>Pour t\u00e9l\u00e9charger le programme illustr\u00e9 n\u00b0 88 cliquez ici <strong><a href=\"https:\/\/www.o-p-i.fr\/parlonsen\/wp-content\/uploads\/Cin\u00e9Monclar-Juin-Juillet2020-N\u00b088.pdf\">Cin\u00e9Monclar Juin-Juillet2020 N\u00b088<\/a><\/strong><\/p>\r\n<div><em>Information communiqu\u00e9e par Jacques TREPAGNY<\/em><\/div>\r\n<div><!-- \/wp:post-content -->\r\n\r\n<!-- wp:paragraph --><a href=\"https:\/\/www.o-p-i.fr\/parlonsen\/agenda\/\">Retrouvez tous les \u00e9v\u00e9nements dans l&rsquo;agenda !<\/a><\/div>","protected":false},"excerpt":{"rendered":"<div class=\"mh-excerpt\">Cin\u00e9monclar propose:<\/div>\n","protected":false},"author":4,"featured_media":0,"comment_status":"open","ping_status":"open","sticky":false,"template":"","format":"standard","meta":{"om_disable_all_campaigns":false,"advanced_seo_description":"","jetpack_seo_html_title":"","jetpack_seo_noindex":false,"_jetpack_memberships_contains_paid_content":false,"footnotes":"","_links_to":"","_links_to_target":""},"categories":[52,16,54,3966],"tags":[143,1264,1766,1768,2998],"class_list":{"0":"post-45289","1":"post","2":"type-post","3":"status-publish","4":"format-standard","6":"category-parlons-en","7":"category-monclar","8":"category-loisirs","9":"category-n-171-juin-2020","10":"tag-monclar-de-quercy","11":"tag-programme","12":"tag-cinema","13":"tag-cinemonclar","14":"tag-cine-monclar"},"jetpack_featured_media_url":"","views":{"total":0,"cached_at":"","cached_date":1738269690},"jetpack_likes_enabled":true,"jetpack_sharing_enabled":true,"jetpack_shortlink":"https:\/\/wp.me\/pg7Wxj-bMt","jetpack-related-posts":[],"_links":{"self":[{"href":"https:\/\/www.o-p-i.fr\/parlonsen\/wp-json\/wp\/v2\/posts\/45289","targetHints":{"allow":["GET"]}}],"collection":[{"href":"https:\/\/www.o-p-i.fr\/parlonsen\/wp-json\/wp\/v2\/posts"}],"about":[{"href":"https:\/\/www.o-p-i.fr\/parlonsen\/wp-json\/wp\/v2\/types\/post"}],"author":[{"embeddable":true,"href":"https:\/\/www.o-p-i.fr\/parlonsen\/wp-json\/wp\/v2\/users\/4"}],"replies":[{"embeddable":true,"href":"https:\/\/www.o-p-i.fr\/parlonsen\/wp-json\/wp\/v2\/comments?post=45289"}],"version-history":[{"count":0,"href":"https:\/\/www.o-p-i.fr\/parlonsen\/wp-json\/wp\/v2\/posts\/45289\/revisions"}],"wp:attachment":[{"href":"https:\/\/www.o-p-i.fr\/parlonsen\/wp-json\/wp\/v2\/media?parent=45289"}],"wp:term":[{"taxonomy":"category","embeddable":true,"href":"https:\/\/www.o-p-i.fr\/parlonsen\/wp-json\/wp\/v2\/categories?post=45289"},{"taxonomy":"post_tag","embeddable":true,"href":"https:\/\/www.o-p-i.fr\/parlonsen\/wp-json\/wp\/v2\/tags?post=45289"}],"curies":[{"name":"wp","href":"https:\/\/api.w.org\/{rel}","templated":true}]}}