{"id":45374,"date":"2020-06-25T17:45:47","date_gmt":"2020-06-25T16:45:47","guid":{"rendered":"https:\/\/www.o-p-i.fr\/parlonsen\/?p=45374"},"modified":"2020-06-25T17:45:47","modified_gmt":"2020-06-25T16:45:47","slug":"la-mouniere-passe-a-lheure-dete-a-septfonds-82","status":"publish","type":"post","link":"https:\/\/www.o-p-i.fr\/parlonsen\/parlons-en\/culture\/la-mouniere-passe-a-lheure-dete-a-septfonds-82\/","title":{"rendered":"La Mouni\u00e8re passe \u00e0 l&rsquo;heure d&rsquo;\u00e9t\u00e9! &#8230;\u00e0 Septfonds (82)"},"content":{"rendered":"<p>En j<strong>uillet et ao\u00fbt 2020<\/strong> La Mouni\u00e8re est ouverte du mercredi au dimanche de 14h30 \u00e0 18h30.<!--more--><\/p>\n<p>D\u00e9couvrez notre programme de cet \u00e9t\u00e9!<\/p>\n<p>Toutes les pr\u00e9cautions sanitaires sont prises pour vous accueillir dans les meilleures conditions.<\/p>\n<p><strong><img data-recalc-dims=\"1\" loading=\"lazy\" decoding=\"async\" class=\"alignright size-full wp-image-45375\" src=\"https:\/\/i0.wp.com\/www.o-p-i.fr\/parlonsen\/wp-content\/uploads\/mouni%C3%A8reA.jpg?resize=425%2C283&#038;ssl=1\" alt=\"\" width=\"425\" height=\"283\" srcset=\"https:\/\/i0.wp.com\/www.o-p-i.fr\/parlonsen\/wp-content\/uploads\/mouni%C3%A8reA.jpg?w=425&amp;ssl=1 425w, https:\/\/i0.wp.com\/www.o-p-i.fr\/parlonsen\/wp-content\/uploads\/mouni%C3%A8reA.jpg?resize=300%2C200&amp;ssl=1 300w, https:\/\/i0.wp.com\/www.o-p-i.fr\/parlonsen\/wp-content\/uploads\/mouni%C3%A8reA.jpg?resize=150%2C100&amp;ssl=1 150w, https:\/\/i0.wp.com\/www.o-p-i.fr\/parlonsen\/wp-content\/uploads\/mouni%C3%A8reA.jpg?resize=400%2C266&amp;ssl=1 400w\" sizes=\"auto, (max-width: 425px) 100vw, 425px\" \/>Visite guid\u00e9e de La Mouni\u00e8re<\/strong><br \/>\nLaissez-vous guider dans les m\u00e9moires septfontoises et d\u00e9couvrez que dans cette ancienne bastide rest\u00e9e longtemps belle endormie, l&rsquo;histoire locale rejoint la grande Histoire.<\/p>\n<p>Les mercredis \u00e0 10h30<br \/>\nDur\u00e9e : 1h.<br \/>\nLieu : La Mouni\u00e8re<\/p>\n<p>R\u00e9servation : 06 70 36 86 90<br \/>\nou 05 63 26 04 04<\/p>\n<p><strong><img data-recalc-dims=\"1\" loading=\"lazy\" decoding=\"async\" class=\"alignleft size-full wp-image-45376\" src=\"https:\/\/i0.wp.com\/www.o-p-i.fr\/parlonsen\/wp-content\/uploads\/mouni%C3%A8reB.jpg?resize=340%2C255&#038;ssl=1\" alt=\"\" width=\"340\" height=\"255\" srcset=\"https:\/\/i0.wp.com\/www.o-p-i.fr\/parlonsen\/wp-content\/uploads\/mouni%C3%A8reB.jpg?w=340&amp;ssl=1 340w, https:\/\/i0.wp.com\/www.o-p-i.fr\/parlonsen\/wp-content\/uploads\/mouni%C3%A8reB.jpg?resize=300%2C225&amp;ssl=1 300w, https:\/\/i0.wp.com\/www.o-p-i.fr\/parlonsen\/wp-content\/uploads\/mouni%C3%A8reB.jpg?resize=150%2C113&amp;ssl=1 150w\" sizes=\"auto, (max-width: 340px) 100vw, 340px\" \/>Visite guid\u00e9e Parcours ext\u00e9rieur \u00ab Sur les pas de la chapellerie \u00bb<\/strong><br \/>\nAvez-vous d\u00e9j\u00e0 serpent\u00e9 dans les rues de Septfonds et remarqu\u00e9 ces grandes b\u00e2tisses et chemin\u00e9es d&rsquo;usines ? Venez d\u00e9couvrir comment l&rsquo;histoire chapeli\u00e8re s&rsquo;est inscrite dans l&rsquo;architecture du village.<\/p>\n<p>Les mercredis \u00e0 18h30<br \/>\nDur\u00e9e : 1h.<br \/>\nLieu de rdv : La Mouni\u00e8re puis d\u00e9part dans le village<\/p>\n<p>R\u00e9servation : 06 70 36 86 90<br \/>\nou 05 63 26 04 04<\/p>\n<p><strong><img data-recalc-dims=\"1\" loading=\"lazy\" decoding=\"async\" class=\"alignright size-full wp-image-45377\" src=\"https:\/\/i0.wp.com\/www.o-p-i.fr\/parlonsen\/wp-content\/uploads\/mouni%C3%A8reC.jpg?resize=281%2C375&#038;ssl=1\" alt=\"\" width=\"281\" height=\"375\" srcset=\"https:\/\/i0.wp.com\/www.o-p-i.fr\/parlonsen\/wp-content\/uploads\/mouni%C3%A8reC.jpg?w=281&amp;ssl=1 281w, https:\/\/i0.wp.com\/www.o-p-i.fr\/parlonsen\/wp-content\/uploads\/mouni%C3%A8reC.jpg?resize=225%2C300&amp;ssl=1 225w, https:\/\/i0.wp.com\/www.o-p-i.fr\/parlonsen\/wp-content\/uploads\/mouni%C3%A8reC.jpg?resize=112%2C150&amp;ssl=1 112w\" sizes=\"auto, (max-width: 281px) 100vw, 281px\" \/>Visite d\u00e9couverte de l&rsquo;application \u00ab Septfonds, un camp, des m\u00e9moires \u00bb<\/strong><\/p>\n<p>Une application pour acc\u00e9der aux m\u00e9moires du camp de Judes ? Depuis cet \u00e9t\u00e9, c&rsquo;est possible!<br \/>\nPour \u00eatre accompagn\u00e9s dans la d\u00e9couverte de cette nouvelle offre, inscrivez-vous \u00e0 une visite accompagn\u00e9e.<\/p>\n<p>Les samedis \u00e0 10h30<br \/>\nDur\u00e9e : 1h.<br \/>\nLieu de rdv : La Mouni\u00e8re puis d\u00e9part au M\u00e9morial du camp de Judes<\/p>\n<p>R\u00e9servation : 06 70 36 86 90<br \/>\nou 05 63 26 04 04<\/p>\n<p><img data-recalc-dims=\"1\" loading=\"lazy\" decoding=\"async\" class=\"alignleft size-full wp-image-45378\" src=\"https:\/\/i0.wp.com\/www.o-p-i.fr\/parlonsen\/wp-content\/uploads\/mouni%C3%A8reD.jpg?resize=150%2C212&#038;ssl=1\" alt=\"\" width=\"150\" height=\"212\" srcset=\"https:\/\/i0.wp.com\/www.o-p-i.fr\/parlonsen\/wp-content\/uploads\/mouni%C3%A8reD.jpg?w=150&amp;ssl=1 150w, https:\/\/i0.wp.com\/www.o-p-i.fr\/parlonsen\/wp-content\/uploads\/mouni%C3%A8reD.jpg?resize=106%2C150&amp;ssl=1 106w\" sizes=\"auto, (max-width: 150px) 100vw, 150px\" \/>\u00a0<strong>Exposition temporaire \u00ab\u00a0Les aviateurs du Tarn et Garonne\u00a0\u00bb<\/strong><br \/>\ndu 5 au 30 ao\u00fbt 2020<\/p>\n<p>Une exposition r\u00e9alis\u00e9e par le Conseil D\u00e9partemental qui met \u00e0 l&rsquo;honneur les pilotes du territoire et dans laquelle Dieudonn\u00e9 Costes, natif de Septfonds, a une place de choix.<\/p>\n<p>Pendant les horaires d&rsquo;ouverture de La Mouni\u00e8re<\/p>\n<p><img data-recalc-dims=\"1\" loading=\"lazy\" decoding=\"async\" class=\"aligncenter size-full wp-image-45379\" src=\"https:\/\/i0.wp.com\/www.o-p-i.fr\/parlonsen\/wp-content\/uploads\/mouni%C3%A8re1.jpg?resize=375%2C101&#038;ssl=1\" alt=\"\" width=\"375\" height=\"101\" srcset=\"https:\/\/i0.wp.com\/www.o-p-i.fr\/parlonsen\/wp-content\/uploads\/mouni%C3%A8re1.jpg?w=375&amp;ssl=1 375w, https:\/\/i0.wp.com\/www.o-p-i.fr\/parlonsen\/wp-content\/uploads\/mouni%C3%A8re1.jpg?resize=300%2C81&amp;ssl=1 300w, https:\/\/i0.wp.com\/www.o-p-i.fr\/parlonsen\/wp-content\/uploads\/mouni%C3%A8re1.jpg?resize=150%2C40&amp;ssl=1 150w\" sizes=\"auto, (max-width: 375px) 100vw, 375px\" \/>L<strong>a Mouni\u00e8re &#8211; Maison des M\u00e9moires de Septfonds<\/strong><br \/>\n15 rue des d\u00e9port\u00e9s<br \/>\n82240 Septfonds<br \/>\n06 70 36 86 90<\/p>\n<p>Information communiqu\u00e9e par \u00ab\u00a0La Maison des M\u00e9moirres\u00a0\u00bb<\/p>\n<p><a href=\"http:\/\/www.o-p-i.fr\/parlonsen\/agenda\/\">Retrouvez tous les \u00e9v\u00e9nements dans l&rsquo;agenda !<\/a><\/p>\n","protected":false},"excerpt":{"rendered":"<div class=\"mh-excerpt\">En juillet et ao\u00fbt 2020 La Mouni\u00e8re est ouverte du mercredi au dimanche de 14h30 \u00e0 18h30.<\/div>\n","protected":false},"author":4,"featured_media":0,"comment_status":"open","ping_status":"open","sticky":false,"template":"","format":"standard","meta":{"om_disable_all_campaigns":false,"advanced_seo_description":"","jetpack_seo_html_title":"","jetpack_seo_noindex":false,"_jetpack_memberships_contains_paid_content":false,"footnotes":"","_links_to":"","_links_to_target":""},"categories":[52,42,1,3976],"tags":[3526,3983,172,1393,3310],"class_list":{"0":"post-45374","1":"post","2":"type-post","3":"status-publish","4":"format-standard","6":"category-parlons-en","7":"category-a-cote-de-chez-nous","8":"category-culture","9":"category-n-172-juillet-2020","10":"tag-camps","11":"tag-maison-des-memoires","12":"tag-exposition","13":"tag-septfonds","14":"tag-visite-guidee"},"jetpack_featured_media_url":"","views":{"total":0,"cached_at":"","cached_date":1738513023},"jetpack_likes_enabled":true,"jetpack_sharing_enabled":true,"jetpack_shortlink":"https:\/\/wp.me\/pg7Wxj-bNQ","jetpack-related-posts":[],"_links":{"self":[{"href":"https:\/\/www.o-p-i.fr\/parlonsen\/wp-json\/wp\/v2\/posts\/45374","targetHints":{"allow":["GET"]}}],"collection":[{"href":"https:\/\/www.o-p-i.fr\/parlonsen\/wp-json\/wp\/v2\/posts"}],"about":[{"href":"https:\/\/www.o-p-i.fr\/parlonsen\/wp-json\/wp\/v2\/types\/post"}],"author":[{"embeddable":true,"href":"https:\/\/www.o-p-i.fr\/parlonsen\/wp-json\/wp\/v2\/users\/4"}],"replies":[{"embeddable":true,"href":"https:\/\/www.o-p-i.fr\/parlonsen\/wp-json\/wp\/v2\/comments?post=45374"}],"version-history":[{"count":0,"href":"https:\/\/www.o-p-i.fr\/parlonsen\/wp-json\/wp\/v2\/posts\/45374\/revisions"}],"wp:attachment":[{"href":"https:\/\/www.o-p-i.fr\/parlonsen\/wp-json\/wp\/v2\/media?parent=45374"}],"wp:term":[{"taxonomy":"category","embeddable":true,"href":"https:\/\/www.o-p-i.fr\/parlonsen\/wp-json\/wp\/v2\/categories?post=45374"},{"taxonomy":"post_tag","embeddable":true,"href":"https:\/\/www.o-p-i.fr\/parlonsen\/wp-json\/wp\/v2\/tags?post=45374"}],"curies":[{"name":"wp","href":"https:\/\/api.w.org\/{rel}","templated":true}]}}