{"id":45411,"date":"2020-06-26T05:36:13","date_gmt":"2020-06-26T04:36:13","guid":{"rendered":"https:\/\/www.o-p-i.fr\/parlonsen\/?p=45411"},"modified":"2020-06-26T05:36:13","modified_gmt":"2020-06-26T04:36:13","slug":"assemblee-generale-de-la-t-c-p-m-amonclar-de-quercy-82","status":"publish","type":"post","link":"https:\/\/www.o-p-i.fr\/parlonsen\/parlons-en\/pratique\/assemblee-generale-de-la-t-c-p-m-amonclar-de-quercy-82\/","title":{"rendered":"Assembl\u00e9e G\u00e9n\u00e9rale de l&rsquo;A.T.C.P.M. &#8230;\u00e0Monclar de Quercy (82)"},"content":{"rendered":"<p><strong>Jeudi 2 juillet 2020<\/strong>, \u00e0 18h. \u00e0 la mairie.<!--more--><\/p>\n<p>Pour t\u00e9l\u00e9charger la lettre du pr\u00e9sident, cliquez ici <a href=\"https:\/\/www.o-p-i.fr\/parlonsen\/wp-content\/uploads\/LETTRE-DU-PRESIDENT-ATCPM.pdf\">LETTRE DU PRESIDENT ATCPM<\/a><\/p>\n<p>Pour t\u00e9l\u00e9charger convocation et pouvoir, cliquez ici <a href=\"https:\/\/www.o-p-i.fr\/parlonsen\/wp-content\/uploads\/Convocation-AG-et-pouvoir.pdf\">Convocation AG et pouvoir<\/a><\/p>\n<p><em>Information communiqu\u00e9e par Karine TRANIER<\/em><\/p>\n<p><a href=\"http:\/\/www.o-p-i.fr\/parlonsen\/agenda\/\">Retrouvez tous les \u00e9v\u00e9nements dans l&rsquo;agenda !<\/a><\/p>\n","protected":false},"excerpt":{"rendered":"<div class=\"mh-excerpt\">Jeudi 2 juillet 2020, \u00e0 18h. \u00e0 la mairie.<\/div>\n","protected":false},"author":4,"featured_media":0,"comment_status":"open","ping_status":"open","sticky":false,"template":"","format":"standard","meta":{"om_disable_all_campaigns":false,"advanced_seo_description":"","jetpack_seo_html_title":"","jetpack_seo_noindex":false,"_jetpack_memberships_contains_paid_content":false,"footnotes":"","_links_to":"","_links_to_target":""},"categories":[16,6,3976],"tags":[143,2619,3986,3987],"class_list":{"0":"post-45411","1":"post","2":"type-post","3":"status-publish","4":"format-standard","6":"category-monclar","7":"category-pratique","8":"category-n-172-juillet-2020","9":"tag-monclar-de-quercy","10":"tag-assemblee-generale","11":"tag-atgpm","12":"tag-convocation"},"jetpack_featured_media_url":"","views":{"total":0,"cached_at":"","cached_date":1738512981},"jetpack_likes_enabled":true,"jetpack_sharing_enabled":true,"jetpack_shortlink":"https:\/\/wp.me\/pg7Wxj-bOr","jetpack-related-posts":[],"_links":{"self":[{"href":"https:\/\/www.o-p-i.fr\/parlonsen\/wp-json\/wp\/v2\/posts\/45411","targetHints":{"allow":["GET"]}}],"collection":[{"href":"https:\/\/www.o-p-i.fr\/parlonsen\/wp-json\/wp\/v2\/posts"}],"about":[{"href":"https:\/\/www.o-p-i.fr\/parlonsen\/wp-json\/wp\/v2\/types\/post"}],"author":[{"embeddable":true,"href":"https:\/\/www.o-p-i.fr\/parlonsen\/wp-json\/wp\/v2\/users\/4"}],"replies":[{"embeddable":true,"href":"https:\/\/www.o-p-i.fr\/parlonsen\/wp-json\/wp\/v2\/comments?post=45411"}],"version-history":[{"count":0,"href":"https:\/\/www.o-p-i.fr\/parlonsen\/wp-json\/wp\/v2\/posts\/45411\/revisions"}],"wp:attachment":[{"href":"https:\/\/www.o-p-i.fr\/parlonsen\/wp-json\/wp\/v2\/media?parent=45411"}],"wp:term":[{"taxonomy":"category","embeddable":true,"href":"https:\/\/www.o-p-i.fr\/parlonsen\/wp-json\/wp\/v2\/categories?post=45411"},{"taxonomy":"post_tag","embeddable":true,"href":"https:\/\/www.o-p-i.fr\/parlonsen\/wp-json\/wp\/v2\/tags?post=45411"}],"curies":[{"name":"wp","href":"https:\/\/api.w.org\/{rel}","templated":true}]}}