{"id":45426,"date":"2020-07-02T12:44:44","date_gmt":"2020-07-02T11:44:44","guid":{"rendered":"https:\/\/www.o-p-i.fr\/parlonsen\/?p=45426"},"modified":"2020-07-02T12:44:44","modified_gmt":"2020-07-02T11:44:44","slug":"la-bibliotheque-reste-close-a-monclar-de-quercy-82","status":"publish","type":"post","link":"https:\/\/www.o-p-i.fr\/parlonsen\/parlons-en\/culture\/la-bibliotheque-reste-close-a-monclar-de-quercy-82\/","title":{"rendered":"La biblioth\u00e8que reste close &#8230; \u00e0 Monclar de Quercy (82)"},"content":{"rendered":"<p>La biblioth\u00e8que restera close <strong>jusqu&rsquo;\u00e0 nouvel ordre.<\/strong><!--more-->Deux mois de confinement ont suspendu la plupart des activit\u00e9s et impos\u00e9 \u00e0 tous la mise en \u0153uvre de gestes barri\u00e8res.<br \/>\nSi le d\u00e9confinement a rendu \u00e0 chacun une certaine libert\u00e9 d&rsquo;action, les instances minist\u00e9rielles recommandent toujours une approche prudente de la reprise des activit\u00e9s &#8211; pour nous culturelles &#8211; dans le souci de la s\u00e9curit\u00e9 des usagers comme des personnels.<br \/>\nDes recommandations officielles nous sont transmises via la M\u00e9diath\u00e8ques d\u00e9partementale du Tarn-et-Garonne concernant le processus de r\u00e9ouverture progressive des services et des locaux des biblioth\u00e8ques relevant des collectivit\u00e9s territoriales.<br \/>\nParmi ces recommandations, nous notons que\u00a0:<\/p>\n<ul>\n<li>Une proc\u00e9dure de nettoyage et de d\u00e9sinfection des locaux et du mobilier avec p\u00e9riodicit\u00e9 devra \u00eatre pr\u00e9vue, en concertation avec les services techniques de la collectivit\u00e91.<\/li>\n<li>Les surfaces fr\u00e9quemment touch\u00e9es (rampes d\u2019escalier, poign\u00e9es de porte, banques d\u2019accueil, boutons d\u2019ascenseur, etc.) devront faire l\u2019objet d\u2019un nettoyage d\u00e9sinfectant au moins deux fois par jour (ouvr\u00e9) avec des produits de bio-nettoyage r\u00e9pondant \u00e0 la norme de virucide NF EN 14476. Si possible, les portes seront maintenues ouvertes afin de limiter les zones de contact.<\/li>\n<li>Une a\u00e9ration des locaux doit \u00eatre r\u00e9alis\u00e9e toutes les 3 heures au moins 15 minutes et apr\u00e8s chaque d\u00e9sinfection.<\/li>\n<li>Un \u00e9cran de protection de type plexiglas install\u00e9 devant la banque d\u2019accueil sera r\u00e9guli\u00e8rement d\u00e9sinfect\u00e9 avec un produit adapt\u00e9 (attention au Plexiglas ou PMMA qui ne supporte pas le contact avec les solutions alcooliques).<\/li>\n<\/ul>\n<p>Si besoin \u00e9tait, nous tenons \u00e0 rappeler aux usagers de la biblioth\u00e8que de Monclar que celle-ci fonctionne gr\u00e2ce \u00e0 l&rsquo;engagement de b\u00e9n\u00e9voles qui consacrent une partie de leur temps personnel au service de la collectivit\u00e9. Les recommandations officielles mentionn\u00e9es pr\u00e9c\u00e9demment requi\u00e8rent une disponibilit\u00e9 et un investissement que ces b\u00e9n\u00e9voles ne sont pas en mesure d&rsquo;assurer. Et comme par ailleurs, il n&rsquo;y aura pas de passage du Bibliobus avant 2021 et donc pas de nouveaux livres \u00e0 emprunter, la porte de la biblioth\u00e8que restera close jusqu&rsquo;\u00e0 nouvel ordre.<br \/>\nAvec nos sinc\u00e8res regrets&#8230;<\/p>\n<p><em>Information communiqu\u00e9e par Marie-Claire MATE<\/em><\/p>\n","protected":false},"excerpt":{"rendered":"<div class=\"mh-excerpt\">La biblioth\u00e8que restera close jusqu&rsquo;\u00e0 nouvel ordre.<\/div>\n","protected":false},"author":4,"featured_media":0,"comment_status":"open","ping_status":"open","sticky":false,"template":"","format":"standard","meta":{"om_disable_all_campaigns":false,"advanced_seo_description":"","jetpack_seo_html_title":"","jetpack_seo_noindex":false,"_jetpack_memberships_contains_paid_content":false,"footnotes":"","_links_to":"","_links_to_target":""},"categories":[1,16,54,3976],"tags":[143,3990,3991,65],"class_list":{"0":"post-45426","1":"post","2":"type-post","3":"status-publish","4":"format-standard","6":"category-culture","7":"category-monclar","8":"category-loisirs","9":"category-n-172-juillet-2020","10":"tag-monclar-de-quercy","11":"tag-fermeture","12":"tag-bibliobus","13":"tag-bibliotheque"},"jetpack_featured_media_url":"","views":{"total":0,"cached_at":"","cached_date":1738513015},"jetpack_likes_enabled":true,"jetpack_sharing_enabled":true,"jetpack_shortlink":"https:\/\/wp.me\/pg7Wxj-bOG","jetpack-related-posts":[],"_links":{"self":[{"href":"https:\/\/www.o-p-i.fr\/parlonsen\/wp-json\/wp\/v2\/posts\/45426","targetHints":{"allow":["GET"]}}],"collection":[{"href":"https:\/\/www.o-p-i.fr\/parlonsen\/wp-json\/wp\/v2\/posts"}],"about":[{"href":"https:\/\/www.o-p-i.fr\/parlonsen\/wp-json\/wp\/v2\/types\/post"}],"author":[{"embeddable":true,"href":"https:\/\/www.o-p-i.fr\/parlonsen\/wp-json\/wp\/v2\/users\/4"}],"replies":[{"embeddable":true,"href":"https:\/\/www.o-p-i.fr\/parlonsen\/wp-json\/wp\/v2\/comments?post=45426"}],"version-history":[{"count":0,"href":"https:\/\/www.o-p-i.fr\/parlonsen\/wp-json\/wp\/v2\/posts\/45426\/revisions"}],"wp:attachment":[{"href":"https:\/\/www.o-p-i.fr\/parlonsen\/wp-json\/wp\/v2\/media?parent=45426"}],"wp:term":[{"taxonomy":"category","embeddable":true,"href":"https:\/\/www.o-p-i.fr\/parlonsen\/wp-json\/wp\/v2\/categories?post=45426"},{"taxonomy":"post_tag","embeddable":true,"href":"https:\/\/www.o-p-i.fr\/parlonsen\/wp-json\/wp\/v2\/tags?post=45426"}],"curies":[{"name":"wp","href":"https:\/\/api.w.org\/{rel}","templated":true}]}}