{"id":45435,"date":"2020-07-02T16:15:20","date_gmt":"2020-07-02T15:15:20","guid":{"rendered":"https:\/\/www.o-p-i.fr\/parlonsen\/?p=45435"},"modified":"2020-07-02T16:15:20","modified_gmt":"2020-07-02T15:15:20","slug":"eveil-musical-a-montdurausse-81","status":"publish","type":"post","link":"https:\/\/www.o-p-i.fr\/parlonsen\/localisation\/au-pays-des-tescous\/montdurausse\/eveil-musical-a-montdurausse-81\/","title":{"rendered":"Eveil musical&#8230; \u00e0 Montdurausse (81)"},"content":{"rendered":"<p>A la rentr\u00e9e, d\u00e8s le <strong>9 septembre 2020<\/strong>&#8230;\u00a0 <!--more--><\/p>\n<p><img data-recalc-dims=\"1\" loading=\"lazy\" decoding=\"async\" class=\"aligncenter size-full wp-image-45436\" src=\"https:\/\/i0.wp.com\/www.o-p-i.fr\/parlonsen\/wp-content\/uploads\/Musart.jpg?resize=567%2C764&#038;ssl=1\" alt=\"\" width=\"567\" height=\"764\" srcset=\"https:\/\/i0.wp.com\/www.o-p-i.fr\/parlonsen\/wp-content\/uploads\/Musart.jpg?w=567&amp;ssl=1 567w, https:\/\/i0.wp.com\/www.o-p-i.fr\/parlonsen\/wp-content\/uploads\/Musart.jpg?resize=223%2C300&amp;ssl=1 223w, https:\/\/i0.wp.com\/www.o-p-i.fr\/parlonsen\/wp-content\/uploads\/Musart.jpg?resize=111%2C150&amp;ssl=1 111w, https:\/\/i0.wp.com\/www.o-p-i.fr\/parlonsen\/wp-content\/uploads\/Musart.jpg?resize=400%2C539&amp;ssl=1 400w\" sizes=\"auto, (max-width: 567px) 100vw, 567px\" \/><\/p>\n<p><em>Information communiqu\u00e9e par Lina CARMEN<\/em><\/p>\n","protected":false},"excerpt":{"rendered":"<div class=\"mh-excerpt\">A la rentr\u00e9e, d\u00e8s le 9 septembre 2020&#8230;\u00a0<\/div>\n","protected":false},"author":4,"featured_media":0,"comment_status":"open","ping_status":"open","sticky":false,"template":"","format":"standard","meta":{"om_disable_all_campaigns":false,"advanced_seo_description":"","jetpack_seo_html_title":"","jetpack_seo_noindex":false,"_jetpack_memberships_contains_paid_content":false,"footnotes":"","_links_to":"","_links_to_target":""},"categories":[725,32,3976],"tags":[2555,3750,3993],"class_list":{"0":"post-45435","1":"post","2":"type-post","3":"status-publish","4":"format-standard","6":"category-formation-parlons-en","7":"category-montdurausse","8":"category-n-172-juillet-2020","9":"tag-montdurausse","10":"tag-eveil-musical","11":"tag-solfege"},"jetpack_featured_media_url":"","views":{"total":0,"cached_at":"","cached_date":1738513040},"jetpack_likes_enabled":true,"jetpack_sharing_enabled":true,"jetpack_shortlink":"https:\/\/wp.me\/pg7Wxj-bOP","jetpack-related-posts":[],"_links":{"self":[{"href":"https:\/\/www.o-p-i.fr\/parlonsen\/wp-json\/wp\/v2\/posts\/45435","targetHints":{"allow":["GET"]}}],"collection":[{"href":"https:\/\/www.o-p-i.fr\/parlonsen\/wp-json\/wp\/v2\/posts"}],"about":[{"href":"https:\/\/www.o-p-i.fr\/parlonsen\/wp-json\/wp\/v2\/types\/post"}],"author":[{"embeddable":true,"href":"https:\/\/www.o-p-i.fr\/parlonsen\/wp-json\/wp\/v2\/users\/4"}],"replies":[{"embeddable":true,"href":"https:\/\/www.o-p-i.fr\/parlonsen\/wp-json\/wp\/v2\/comments?post=45435"}],"version-history":[{"count":0,"href":"https:\/\/www.o-p-i.fr\/parlonsen\/wp-json\/wp\/v2\/posts\/45435\/revisions"}],"wp:attachment":[{"href":"https:\/\/www.o-p-i.fr\/parlonsen\/wp-json\/wp\/v2\/media?parent=45435"}],"wp:term":[{"taxonomy":"category","embeddable":true,"href":"https:\/\/www.o-p-i.fr\/parlonsen\/wp-json\/wp\/v2\/categories?post=45435"},{"taxonomy":"post_tag","embeddable":true,"href":"https:\/\/www.o-p-i.fr\/parlonsen\/wp-json\/wp\/v2\/tags?post=45435"}],"curies":[{"name":"wp","href":"https:\/\/api.w.org\/{rel}","templated":true}]}}