{"id":45518,"date":"2020-07-11T12:45:22","date_gmt":"2020-07-11T11:45:22","guid":{"rendered":"https:\/\/www.o-p-i.fr\/parlonsen\/?p=45518"},"modified":"2020-08-05T09:53:58","modified_gmt":"2020-08-05T08:53:58","slug":"reprise-du-brunch-lecture-a-salvagnac-81","status":"publish","type":"post","link":"https:\/\/www.o-p-i.fr\/parlonsen\/parlons-en\/culture\/reprise-du-brunch-lecture-a-salvagnac-81\/","title":{"rendered":"Reprise du \u00ab\u00a0Brunch Lecture\u00a0\u00bb&#8230; \u00e0 Salvagnac (81)"},"content":{"rendered":"<p><strong>Dimanche 12 juillet 2020<\/strong>, \u00e0 10h.30<!--more--><\/p>\n<p><img data-recalc-dims=\"1\" loading=\"lazy\" decoding=\"async\" class=\"alignright size-full wp-image-45520\" src=\"https:\/\/i0.wp.com\/www.o-p-i.fr\/parlonsen\/wp-content\/uploads\/biblio.jpg?resize=283%2C198&#038;ssl=1\" alt=\"\" width=\"283\" height=\"198\" srcset=\"https:\/\/i0.wp.com\/www.o-p-i.fr\/parlonsen\/wp-content\/uploads\/biblio.jpg?w=283&amp;ssl=1 283w, https:\/\/i0.wp.com\/www.o-p-i.fr\/parlonsen\/wp-content\/uploads\/biblio.jpg?resize=150%2C105&amp;ssl=1 150w\" sizes=\"auto, (max-width: 283px) 100vw, 283px\" \/>Biblioth\u00e8que de Salvagnac<\/p>\n<p>Nos rendez-vous mensuels les 2\u00e8mes dimanches du mois reprennent : que dites-vous de cette nouvelle ?<\/p>\n<p>Dimanche 12 juillet : brunch-lecture en plein-air, sous le pin au bout des all\u00e9es Jean-Jaur\u00e8s !<\/p>\n<p>(repli dans la salle basse du ch\u00e2teau en cas de mauvais temps)<\/p>\n<p>Echanges et d\u00e9bats se feront, comme toujours, autour d&rsquo;un caf\u00e9 et d&rsquo;une douceur&#8230;.<\/p>\n<p>Qu&rsquo;on se le dise !<\/p>\n<p>A tr\u00e8s vite, l&rsquo;\u00e9quipe de b\u00e9n\u00e9voles de la biblioth\u00e8que de Salvagnac.<\/p>\n<p><em>Information communiqu\u00e9e par Arlette MALLERET<\/em><\/p>\n<p><a href=\"http:\/\/www.o-p-i.fr\/parlonsen\/agenda\/\">Retrouvez tous les \u00e9v\u00e9nements dans l&rsquo;agenda !<\/a><\/p>\n<p>&nbsp;<\/p>\n","protected":false},"excerpt":{"rendered":"<div class=\"mh-excerpt\">Dimanche 12 juillet 2020, \u00e0 10h.30<\/div>\n","protected":false},"author":4,"featured_media":0,"comment_status":"open","ping_status":"open","sticky":false,"template":"","format":"standard","meta":{"om_disable_all_campaigns":false,"advanced_seo_description":"","jetpack_seo_html_title":"","jetpack_seo_noindex":false,"_jetpack_memberships_contains_paid_content":false,"footnotes":"","_links_to":"","_links_to_target":""},"categories":[52,1,54,25,3976],"tags":[65,2548,3899],"class_list":{"0":"post-45518","1":"post","2":"type-post","3":"status-publish","4":"format-standard","6":"category-parlons-en","7":"category-culture","8":"category-loisirs","9":"category-salvagnac","10":"category-n-172-juillet-2020","11":"tag-bibliotheque","12":"tag-salvagnac","13":"tag-brunch-lecture"},"jetpack_featured_media_url":"","views":{"total":0,"cached_at":"","cached_date":1738430147},"jetpack_likes_enabled":true,"jetpack_sharing_enabled":true,"jetpack_shortlink":"https:\/\/wp.me\/pg7Wxj-bQa","jetpack-related-posts":[],"_links":{"self":[{"href":"https:\/\/www.o-p-i.fr\/parlonsen\/wp-json\/wp\/v2\/posts\/45518","targetHints":{"allow":["GET"]}}],"collection":[{"href":"https:\/\/www.o-p-i.fr\/parlonsen\/wp-json\/wp\/v2\/posts"}],"about":[{"href":"https:\/\/www.o-p-i.fr\/parlonsen\/wp-json\/wp\/v2\/types\/post"}],"author":[{"embeddable":true,"href":"https:\/\/www.o-p-i.fr\/parlonsen\/wp-json\/wp\/v2\/users\/4"}],"replies":[{"embeddable":true,"href":"https:\/\/www.o-p-i.fr\/parlonsen\/wp-json\/wp\/v2\/comments?post=45518"}],"version-history":[{"count":0,"href":"https:\/\/www.o-p-i.fr\/parlonsen\/wp-json\/wp\/v2\/posts\/45518\/revisions"}],"wp:attachment":[{"href":"https:\/\/www.o-p-i.fr\/parlonsen\/wp-json\/wp\/v2\/media?parent=45518"}],"wp:term":[{"taxonomy":"category","embeddable":true,"href":"https:\/\/www.o-p-i.fr\/parlonsen\/wp-json\/wp\/v2\/categories?post=45518"},{"taxonomy":"post_tag","embeddable":true,"href":"https:\/\/www.o-p-i.fr\/parlonsen\/wp-json\/wp\/v2\/tags?post=45518"}],"curies":[{"name":"wp","href":"https:\/\/api.w.org\/{rel}","templated":true}]}}