{"id":45527,"date":"2020-07-11T18:15:21","date_gmt":"2020-07-11T17:15:21","guid":{"rendered":"https:\/\/www.o-p-i.fr\/parlonsen\/?p=45527"},"modified":"2020-07-11T18:55:17","modified_gmt":"2020-07-11T17:55:17","slug":"lart-dans-la-rue-a-castelnau-monratier-46","status":"publish","type":"post","link":"https:\/\/www.o-p-i.fr\/parlonsen\/parlons-en\/culture\/lart-dans-la-rue-a-castelnau-monratier-46\/","title":{"rendered":"\u00ab\u00a0L&rsquo;art dans la rue\u00a0\u00bb &#8230; \u00e0 Castelnau Monratier (46)"},"content":{"rendered":"<p><strong>Du 12 juillet au 12 septembre 2020,<\/strong> <!--more--><img data-recalc-dims=\"1\" loading=\"lazy\" decoding=\"async\" class=\"size-full wp-image-45528 aligncenter\" src=\"https:\/\/i0.wp.com\/www.o-p-i.fr\/parlonsen\/wp-content\/uploads\/art-rue.jpg?resize=425%2C606&#038;ssl=1\" alt=\"\" width=\"425\" height=\"606\" srcset=\"https:\/\/i0.wp.com\/www.o-p-i.fr\/parlonsen\/wp-content\/uploads\/art-rue.jpg?w=425&amp;ssl=1 425w, https:\/\/i0.wp.com\/www.o-p-i.fr\/parlonsen\/wp-content\/uploads\/art-rue.jpg?resize=210%2C300&amp;ssl=1 210w, https:\/\/i0.wp.com\/www.o-p-i.fr\/parlonsen\/wp-content\/uploads\/art-rue.jpg?resize=105%2C150&amp;ssl=1 105w, https:\/\/i0.wp.com\/www.o-p-i.fr\/parlonsen\/wp-content\/uploads\/art-rue.jpg?resize=400%2C570&amp;ssl=1 400w\" sizes=\"auto, (max-width: 425px) 100vw, 425px\" \/><strong><a href=\"http:\/\/www.chemindesartscades.com\" target=\"_blank\" rel=\"noopener noreferrer\">Chemin des Arts&rsquo;cades<\/a><\/strong> &#8211; l&rsquo;art dans la rue &#8211; vous invite \u00e0 d\u00e9couvrir por la troisi\u00e8me ann\u00e9e les peintures et sculptures \u00e9ph\u00e9m\u00e8res de 25 artistes \u00e0 Castelnau Montratier dans le Lot.<\/p>\n<p>Les oeuvres sont expos\u00e9es \u00e0 ciel ouvert, \u00e0 voir quand bon vous semblera du 12 juillet au 12 septembre, <b>Les horaires de 8h \u00e0 21h<\/b><\/p>\n<p>Sans oublier les galeries qui exposent des oeuvres p\u00e9rennes.<\/p>\n<p>Florence RACINE<br \/>\nEnroques<br \/>\n46170 CASTELNAU MONTRATIER<br \/>\n05 65 22 28 55<br \/>\nwww.florenceracine.fr<\/p>\n<p><em>Information communiqu\u00e9e par Florence RACINE<\/em><\/p>\n<p><a href=\"http:\/\/www.o-p-i.fr\/parlonsen\/agenda\/\">Retrouvez tous les \u00e9v\u00e9nements dans l&rsquo;agenda !<\/a><\/p>\n<p>&nbsp;<\/p>\n","protected":false},"excerpt":{"rendered":"<div class=\"mh-excerpt\">Du 12 juillet au 12 septembre 2020,<\/div>\n","protected":false},"author":4,"featured_media":0,"comment_status":"open","ping_status":"open","sticky":false,"template":"","format":"standard","meta":{"om_disable_all_campaigns":false,"advanced_seo_description":"","jetpack_seo_html_title":"","jetpack_seo_noindex":false,"_jetpack_memberships_contains_paid_content":false,"footnotes":"","_links_to":"","_links_to_target":""},"categories":[23,1,54,3976,3984],"tags":[4000,4001,3695],"class_list":{"0":"post-45527","1":"post","2":"type-post","3":"status-publish","4":"format-standard","6":"category-au-dela-du-pays","7":"category-culture","8":"category-loisirs","9":"category-n-172-juillet-2020","10":"category-n-173-aout-2020","11":"tag-lart-dans-la-rue","12":"tag-artscades","13":"tag-castelnau-montratier"},"jetpack_featured_media_url":"","views":{"total":0,"cached_at":"","cached_date":1738113549},"jetpack_likes_enabled":true,"jetpack_sharing_enabled":true,"jetpack_shortlink":"https:\/\/wp.me\/pg7Wxj-bQj","jetpack-related-posts":[],"_links":{"self":[{"href":"https:\/\/www.o-p-i.fr\/parlonsen\/wp-json\/wp\/v2\/posts\/45527","targetHints":{"allow":["GET"]}}],"collection":[{"href":"https:\/\/www.o-p-i.fr\/parlonsen\/wp-json\/wp\/v2\/posts"}],"about":[{"href":"https:\/\/www.o-p-i.fr\/parlonsen\/wp-json\/wp\/v2\/types\/post"}],"author":[{"embeddable":true,"href":"https:\/\/www.o-p-i.fr\/parlonsen\/wp-json\/wp\/v2\/users\/4"}],"replies":[{"embeddable":true,"href":"https:\/\/www.o-p-i.fr\/parlonsen\/wp-json\/wp\/v2\/comments?post=45527"}],"version-history":[{"count":0,"href":"https:\/\/www.o-p-i.fr\/parlonsen\/wp-json\/wp\/v2\/posts\/45527\/revisions"}],"wp:attachment":[{"href":"https:\/\/www.o-p-i.fr\/parlonsen\/wp-json\/wp\/v2\/media?parent=45527"}],"wp:term":[{"taxonomy":"category","embeddable":true,"href":"https:\/\/www.o-p-i.fr\/parlonsen\/wp-json\/wp\/v2\/categories?post=45527"},{"taxonomy":"post_tag","embeddable":true,"href":"https:\/\/www.o-p-i.fr\/parlonsen\/wp-json\/wp\/v2\/tags?post=45527"}],"curies":[{"name":"wp","href":"https:\/\/api.w.org\/{rel}","templated":true}]}}