{"id":45617,"date":"2020-07-24T02:59:53","date_gmt":"2020-07-24T01:59:53","guid":{"rendered":"https:\/\/www.o-p-i.fr\/parlonsen\/?p=45617"},"modified":"2020-07-24T02:59:53","modified_gmt":"2020-07-24T01:59:53","slug":"liquide-clowne-a-salvagnac-81","status":"publish","type":"post","link":"https:\/\/www.o-p-i.fr\/parlonsen\/localisation\/au-pays-des-tescous\/salvagnac\/liquide-clowne-a-salvagnac-81\/","title":{"rendered":"\u00ab\u00a0Liquide\u00a0\u00bb, clowne &#8230; \u00e0 Salvagnac (81)"},"content":{"rendered":"<p><strong>Vendredi 24 juillet 2020<\/strong>, \u00e0 21h, Caf\u00e9 \u00ab\u00a0Au bord du Monde\u00a0\u00bb <!--more--> <img data-recalc-dims=\"1\" loading=\"lazy\" decoding=\"async\" class=\"alignleft size-full wp-image-45618\" src=\"https:\/\/i0.wp.com\/www.o-p-i.fr\/parlonsen\/wp-content\/uploads\/Liquide.jpg?resize=340%2C340&#038;ssl=1\" alt=\"\" width=\"340\" height=\"340\" srcset=\"https:\/\/i0.wp.com\/www.o-p-i.fr\/parlonsen\/wp-content\/uploads\/Liquide.jpg?w=340&amp;ssl=1 340w, https:\/\/i0.wp.com\/www.o-p-i.fr\/parlonsen\/wp-content\/uploads\/Liquide.jpg?resize=150%2C150&amp;ssl=1 150w, https:\/\/i0.wp.com\/www.o-p-i.fr\/parlonsen\/wp-content\/uploads\/Liquide.jpg?resize=300%2C300&amp;ssl=1 300w\" sizes=\"auto, (max-width: 340px) 100vw, 340px\" \/>LIQUIDE, solo de clowne \u00e0 partir de 12 ans (Par l&rsquo;association Karavane)<\/p>\n<p>LIQUIDE est un hommage au sensible et \u00e0 la libert\u00e9, un coup de gueule contre la confiscation du corps de la femme et la soci\u00e9t\u00e9 patriarcale, un voyage po\u00e9tique d\u2019une jeune femme avec et vers elle-m\u00eame.<br \/>\n<a href=\"https:\/\/vimeo.com\/411501109\" target=\"_blank\" rel=\"noopener noreferrer\">D\u00e9couvrir en cliqant ici<\/a><\/p>\n<p>&#8230;Et puis c&rsquo;est aussi les REGIN&rsquo;BURGER&#8230; il en reste quelques uns au 05.63.55.14.52&#8230;<\/p>\n<p>&nbsp;<\/p>\n<p><a href=\"https:\/\/www.cafeauborddumonde.fr\/\" target=\"_blank\" rel=\"noopener noreferrer\"><strong>Caf\u00e9 \u00ab\u00a0Au bord du Monde\u00a0\u00bb<\/strong><\/a><br \/>\n12 All\u00e9es Jean Jaur\u00e8s,<br \/>\n81630 Salvagnac<br \/>\n05 63 55 14 52<\/p>\n<p><em>Information communiqu\u00e9e par Yvan<\/em><\/p>\n<p><a href=\"http:\/\/www.o-p-i.fr\/parlonsen\/agenda\/\">Retrouvez tous les \u00e9v\u00e9nements dans l&rsquo;agenda !<\/a><\/p>\n","protected":false},"excerpt":{"rendered":"<div class=\"mh-excerpt\">Vendredi 24 juillet 2020, \u00e0 21h, Caf\u00e9 \u00ab\u00a0Au bord du Monde\u00a0\u00bb<\/div>\n","protected":false},"author":4,"featured_media":0,"comment_status":"open","ping_status":"open","sticky":false,"template":"","format":"standard","meta":{"om_disable_all_campaigns":false,"advanced_seo_description":"","jetpack_seo_html_title":"","jetpack_seo_noindex":false,"_jetpack_memberships_contains_paid_content":false,"footnotes":"","_links_to":"","_links_to_target":""},"categories":[54,25,3976],"tags":[2548,338,3830],"class_list":{"0":"post-45617","1":"post","2":"type-post","3":"status-publish","4":"format-standard","6":"category-loisirs","7":"category-salvagnac","8":"category-n-172-juillet-2020","9":"tag-salvagnac","10":"tag-clown","11":"tag-cafe-au-bord-du-monde"},"jetpack_featured_media_url":"","views":{"total":0,"cached_at":"","cached_date":1738292823},"jetpack_likes_enabled":true,"jetpack_sharing_enabled":true,"jetpack_shortlink":"https:\/\/wp.me\/pg7Wxj-bRL","jetpack-related-posts":[],"_links":{"self":[{"href":"https:\/\/www.o-p-i.fr\/parlonsen\/wp-json\/wp\/v2\/posts\/45617","targetHints":{"allow":["GET"]}}],"collection":[{"href":"https:\/\/www.o-p-i.fr\/parlonsen\/wp-json\/wp\/v2\/posts"}],"about":[{"href":"https:\/\/www.o-p-i.fr\/parlonsen\/wp-json\/wp\/v2\/types\/post"}],"author":[{"embeddable":true,"href":"https:\/\/www.o-p-i.fr\/parlonsen\/wp-json\/wp\/v2\/users\/4"}],"replies":[{"embeddable":true,"href":"https:\/\/www.o-p-i.fr\/parlonsen\/wp-json\/wp\/v2\/comments?post=45617"}],"version-history":[{"count":0,"href":"https:\/\/www.o-p-i.fr\/parlonsen\/wp-json\/wp\/v2\/posts\/45617\/revisions"}],"wp:attachment":[{"href":"https:\/\/www.o-p-i.fr\/parlonsen\/wp-json\/wp\/v2\/media?parent=45617"}],"wp:term":[{"taxonomy":"category","embeddable":true,"href":"https:\/\/www.o-p-i.fr\/parlonsen\/wp-json\/wp\/v2\/categories?post=45617"},{"taxonomy":"post_tag","embeddable":true,"href":"https:\/\/www.o-p-i.fr\/parlonsen\/wp-json\/wp\/v2\/tags?post=45617"}],"curies":[{"name":"wp","href":"https:\/\/api.w.org\/{rel}","templated":true}]}}