{"id":45623,"date":"2020-07-24T05:22:02","date_gmt":"2020-07-24T04:22:02","guid":{"rendered":"https:\/\/www.o-p-i.fr\/parlonsen\/?p=45623"},"modified":"2020-07-24T05:22:02","modified_gmt":"2020-07-24T04:22:02","slug":"donner-son-sang-en-aout-2020-dans-le-tarn-et-garonne","status":"publish","type":"post","link":"https:\/\/www.o-p-i.fr\/parlonsen\/parlons-en\/donner-son-sang-en-aout-2020-dans-le-tarn-et-garonne\/","title":{"rendered":"Donner son sang en ao\u00fbt 2020 dans le Tarn et Garonne"},"content":{"rendered":"<p>O\u00f9 donner dans le TARN et GARONNE au <strong>mois d&rsquo;ao\u00fbt\u00a0 2020<\/strong> ?<!--more--><\/p>\n<p><span style=\"color: #ff0000;\"><strong>Le site EFS de MONTAUBAN<img data-recalc-dims=\"1\" decoding=\"async\" class=\"alignright\" src=\"https:\/\/i0.wp.com\/www.o-p-i.fr\/parlonsen\/wp-content\/uploads\/dondesang.jpg?ssl=1\" \/><\/strong><\/span><br \/>\nEtablissement Fran\u00e7ais du Sang de Montauban<br \/>\n10 rue Dr Alibert 82000 MONTAUBAN<br \/>\n(parking donneurs)<br \/>\nTous les lundis de 10h \u00e0 13h et de 14h \u00e0 18h, les mercredis de 11h \u00e0 13h et de 14h \u00e0 19h et les<br \/>\n1ers samedis du mois de 09h \u00e0 13h<\/p>\n<p><span style=\"color: #ff0000;\"><strong>Les collectes\u00a0 mobiles dans le d\u00e9partement<\/strong><\/span><\/p>\n<ul>\n<li><strong>MONTECH<\/strong> \u2013 SALLE LAURIER<br \/>\nVENDREDI 07 AO\u00dbT De 09h00 \u00e0 14h00<\/li>\n<li><strong>LAFRANCAISE<\/strong> \u2013 M\u00c9DIATH\u00c8QUE<br \/>\nMERCREDI 19 AO\u00dbT De 15h00 \u00e0 19h00<\/li>\n<li><strong>CASTELSARRASIN<\/strong> \u2013 SALLE JEAN MOULIN<br \/>\nJEUDI 27 AO\u00dbT De 10h00 \u00e0 13h30<br \/>\nVENDREDI 28 AO\u00dbT De 14h00 \u00e0 19h00<\/li>\n<li><strong>VALENCE D\u2019AGEN<\/strong> \u2013 SALLE L\u00c9O GIPOULOU<br \/>\nLUNDI 31 AO\u00dbT De 10h00 \u00e0 13h30<br \/>\nMARDI 01 SEPTEMBRE De 14h00 \u00e0 19h00<\/li>\n<\/ul>\n<p><img data-recalc-dims=\"1\" loading=\"lazy\" decoding=\"async\" class=\"wp-image-41523 alignright\" src=\"https:\/\/i0.wp.com\/www.o-p-i.fr\/parlonsen\/wp-content\/uploads\/EFS.jpg?resize=400%2C98&#038;ssl=1\" alt=\"\" width=\"400\" height=\"98\" srcset=\"https:\/\/i0.wp.com\/www.o-p-i.fr\/parlonsen\/wp-content\/uploads\/EFS.jpg?w=283&amp;ssl=1 283w, https:\/\/i0.wp.com\/www.o-p-i.fr\/parlonsen\/wp-content\/uploads\/EFS.jpg?resize=150%2C37&amp;ssl=1 150w\" sizes=\"auto, (max-width: 400px) 100vw, 400px\" \/><\/p>\n<p style=\"font-weight: 400;\"><a href=\"https:\/\/efs.sante.fr\/\">fs.sante.fr<\/a>\u00a0 &#8211;\u00a0\u00a0<a href=\"https:\/\/dondesang.efs.sante.fr\/\">dondesang.efs.sante.fr<\/a><\/p>\n<p><em>Information communiqu\u00e9e par D\u00e9borah IRAGNE<\/em><\/p>\n<p><a href=\"http:\/\/www.o-p-i.fr\/parlonsen\/agenda\/\">Retrouvez tous les \u00e9v\u00e9nements dans l&rsquo;agenda !<\/a><\/p>\n","protected":false},"excerpt":{"rendered":"<div class=\"mh-excerpt\">O\u00f9 donner dans le TARN et GARONNE au mois d&rsquo;ao\u00fbt\u00a0 2020 ?<\/div>\n","protected":false},"author":4,"featured_media":0,"comment_status":"open","ping_status":"open","sticky":false,"template":"","format":"standard","meta":{"om_disable_all_campaigns":false,"advanced_seo_description":"","jetpack_seo_html_title":"","jetpack_seo_noindex":false,"_jetpack_memberships_contains_paid_content":false,"footnotes":"","_links_to":"","_links_to_target":""},"categories":[52],"tags":[],"class_list":{"0":"post-45623","1":"post","2":"type-post","3":"status-publish","4":"format-standard","6":"category-parlons-en"},"jetpack_featured_media_url":"","views":{"total":0,"cached_at":"","cached_date":1738344791},"jetpack_likes_enabled":true,"jetpack_sharing_enabled":true,"jetpack_shortlink":"https:\/\/wp.me\/pg7Wxj-bRR","jetpack-related-posts":[],"_links":{"self":[{"href":"https:\/\/www.o-p-i.fr\/parlonsen\/wp-json\/wp\/v2\/posts\/45623","targetHints":{"allow":["GET"]}}],"collection":[{"href":"https:\/\/www.o-p-i.fr\/parlonsen\/wp-json\/wp\/v2\/posts"}],"about":[{"href":"https:\/\/www.o-p-i.fr\/parlonsen\/wp-json\/wp\/v2\/types\/post"}],"author":[{"embeddable":true,"href":"https:\/\/www.o-p-i.fr\/parlonsen\/wp-json\/wp\/v2\/users\/4"}],"replies":[{"embeddable":true,"href":"https:\/\/www.o-p-i.fr\/parlonsen\/wp-json\/wp\/v2\/comments?post=45623"}],"version-history":[{"count":0,"href":"https:\/\/www.o-p-i.fr\/parlonsen\/wp-json\/wp\/v2\/posts\/45623\/revisions"}],"wp:attachment":[{"href":"https:\/\/www.o-p-i.fr\/parlonsen\/wp-json\/wp\/v2\/media?parent=45623"}],"wp:term":[{"taxonomy":"category","embeddable":true,"href":"https:\/\/www.o-p-i.fr\/parlonsen\/wp-json\/wp\/v2\/categories?post=45623"},{"taxonomy":"post_tag","embeddable":true,"href":"https:\/\/www.o-p-i.fr\/parlonsen\/wp-json\/wp\/v2\/tags?post=45623"}],"curies":[{"name":"wp","href":"https:\/\/api.w.org\/{rel}","templated":true}]}}