{"id":45688,"date":"2020-08-03T15:37:09","date_gmt":"2020-08-03T14:37:09","guid":{"rendered":"https:\/\/www.o-p-i.fr\/parlonsen\/?p=45688"},"modified":"2025-11-10T15:57:44","modified_gmt":"2025-11-10T14:57:44","slug":"cinemonclar-le-programme-du-vendredi-21-aout-au-mardi-15-septembre-2020-a-monclar-de-quercy","status":"publish","type":"post","link":"https:\/\/www.o-p-i.fr\/parlonsen\/localisation\/au-pays-des-tescous\/monclar\/cinemonclar-le-programme-du-vendredi-21-aout-au-mardi-15-septembre-2020-a-monclar-de-quercy\/","title":{"rendered":"Cin\u00e9Monclar, le programme du vendredi 21 ao\u00fbt au mardi 15 septembre 2020 ..\u00e0 Monclar de Quercy"},"content":{"rendered":"<p><span style=\"font-size: small;\">Cin\u00e9monclar propose:<\/span> <!--more--> <strong>Pr\u00e9cautions sanitaires COVID<\/strong> <span style=\"color: #ff0000;\"><em>Distanciation sociale : Pas plus de\u00a0 5 personnes \u00e0 la fois dans l\u2019entr\u00e9e et respect des marquages au sol.<\/em><\/span> <span style=\"color: #ff0000;\"><em>Dans la salle : laisser libre au moins un si\u00e8ge entre chaque spectateur<\/em><\/span> <span style=\"color: #ff0000;\"><em>ou groupe d\u2019une m\u00eame famille.<\/em><\/span><\/p>\r\n<ul>\r\n<li><strong>Vendredi 21 ao\u00fbt 2020<\/strong> Terrible jungle 21h00\u00a0 \u00a0 <a href=\"http:\/\/www.allocine.fr\/video\/player_gen_cmedia=19589193&amp;cfilm=274312.html\" target=\"_blank\" rel=\"noopener noreferrer\"><em>\u00a0Pour voir la bande annonce, cliquez ici\u00a0<\/em><\/a><\/li>\r\n<li><strong>Dimanche 23 ao\u00fbt 2020<\/strong>\r\n<ul>\r\n<li>T\u2019as pecho ? 15h00\u00a0 <a href=\"http:\/\/www.allocine.fr\/video\/player_gen_cmedia=19589015&amp;cfilm=275360.html\" target=\"_blank\" rel=\"noopener noreferrer\"><em>Pour voir la bande annonce, cliquez ici\u00a0<\/em><\/a><\/li>\r\n<li>Just kids 17h00\u00a0 <em><a href=\"http:\/\/www.allocine.fr\/video\/player_gen_cmedia=19588125&amp;cfilm=268304.html\" target=\"_blank\" rel=\"noopener noreferrer\">Pour voir la bande annonce, cliquez ici<\/a>\u00a0<\/em><\/li>\r\n<\/ul>\r\n<\/li>\r\n<li><strong>Mardi 25 ao\u00fbt 2020<\/strong> Malmkrog (vo) (dur\u00e9e 3h20)\u00a0 <a href=\"http:\/\/www.allocine.fr\/video\/player_gen_cmedia=19588741&amp;cfilm=272698.html\" target=\"_blank\" rel=\"noopener noreferrer\"><em>Pour voir la bande annonce, cliquez ici\u00a0<\/em><\/a><\/li>\r\n<li><strong>Vendredi 28 ao\u00fbt 2020<\/strong> IP MAN 4 &#8230; <a href=\"http:\/\/www.allocine.fr\/video\/player_gen_cmedia=19589044&amp;cfilm=250664.html\" target=\"_blank\" rel=\"noopener noreferrer\">21h00\u00a0 <em>Pour voir la bande annonce, cliquez ici\u00a0<\/em><\/a><\/li>\r\n<li><strong>Dimanche 30 ao\u00fbt 2020<\/strong>\r\n<ul>\r\n<li>YAKARI 15h00\u00a0 <em><a href=\"http:\/\/www.allocine.fr\/video\/player_gen_cmedia=19587953&amp;cfilm=261097.html\" target=\"_blank\" rel=\"noopener noreferrer\">Pour voir la bande annonce, cliquez ici<\/a>\u00a0<\/em><\/li>\r\n<li>Le sel des larmes 16h.45\u00a0 <a href=\"http:\/\/www.allocine.fr\/video\/player_gen_cmedia=19586611&amp;cfilm=264054.html\" target=\"_blank\" rel=\"noopener noreferrer\"><em>Pour voir la bande annonce, cliquez ici\u00a0<\/em><\/a><\/li>\r\n<\/ul>\r\n<\/li>\r\n<li><strong>Mardi 1er septembre 2020<\/strong> Madre (vo)\u00a0 <a href=\"http:\/\/www.allocine.fr\/video\/player_gen_cmedia=19585396&amp;cfilm=273345.html\" target=\"_blank\" rel=\"noopener noreferrer\"><em>Pour voir la bande annonce, cliquez ici\u00a0<\/em><\/a><\/li>\r\n<li><strong>Vendredi 4 septembre 2020<\/strong> Belle fille 21h00\u00a0 <a href=\"http:\/\/www.allocine.fr\/video\/player_gen_cmedia=19585924&amp;cfilm=267703.html\" target=\"_blank\" rel=\"noopener noreferrer\"><em>Pour voir la bande annonce, cliquez ici\u00a0<\/em><\/a><\/li>\r\n<li><strong>Dimanche 6 septembre 2020<\/strong>\r\n<ul>\r\n<li><a href=\"http:\/\/www.allocine.fr\/video\/player_gen_cmedia=19587026&amp;cfilm=255535.html\" target=\"_blank\" rel=\"noopener noreferrer\">Les blagues de toto<\/a> 15h00\u00a0 <a href=\"http:\/\/www.allocine.fr\/video\/player_gen_cmedia=19587026&amp;cfilm=255535.html\" target=\"_blank\" rel=\"noopener noreferrer\"><em>Pour voir la bande annonce, cliquez ici\u00a0<\/em><\/a><\/li>\r\n<li>Greenland&#8230; 16h.45\u00a0 <a href=\"http:\/\/www.allocine.fr\/video\/player_gen_cmedia=19589034&amp;cfilm=264720.html\" target=\"_blank\" rel=\"noopener noreferrer\"><em>Pour voir la bande annonce, cliquez ici\u00a0<\/em><\/a><\/li>\r\n<\/ul>\r\n<\/li>\r\n<li><strong>Mardi 8 septembre 2020<\/strong> Chongqing blues (vo)\u00a0 <a href=\"http:\/\/www.allocine.fr\/video\/player_gen_cmedia=19589237&amp;cfilm=180431.html\" target=\"_blank\" rel=\"noopener noreferrer\"><em>Pour voir la bande annonce, cliquez ici\u00a0<\/em><\/a><\/li>\r\n<li><strong>Vendredi 11 septembre 2020<\/strong> Effacer l\u2019historique 21h00\u00a0 <a href=\"http:\/\/www.allocine.fr\/video\/player_gen_cmedia=19587258&amp;cfilm=275608.html\" target=\"_blank\" rel=\"noopener noreferrer\"><em>Pour voir la bande annonce, cliquez ici\u00a0<\/em><\/a><\/li>\r\n<li><strong>Dimanche 13 septembre 2020<\/strong>\r\n<ul>\r\n<li>Blanche-neige, les souliers rouges et les sept nains&#8230; 15h00\u00a0 <a href=\"http:\/\/www.allocine.fr\/video\/player_gen_cmedia=19589115&amp;cfilm=256380.html\" target=\"_blank\" rel=\"noopener noreferrer\"><em>Pour voir la bande annonce, cliquez ici\u00a0<\/em><\/a><\/li>\r\n<li>Le d\u00e9fi du champion 17h00\u00a0 <a href=\"http:\/\/www.allocine.fr\/video\/player_gen_cmedia=19587908&amp;cfilm=275513.html\" target=\"_blank\" rel=\"noopener noreferrer\"><em>Pour voir la bande annonce, cliquez ici\u00a0<\/em><\/a><\/li>\r\n<\/ul>\r\n<\/li>\r\n<li><strong>Mardi 15 septembre 2020<\/strong> Light of my life (vo) 21h00\u00a0 <a href=\"http:\/\/www.allocine.fr\/video\/player_gen_cmedia=19585004&amp;cfilm=250139.html\" target=\"_blank\" rel=\"noopener noreferrer\"><em>Pour voir la bande annonce, cliquez ici\u00a0<\/em><\/a><\/li>\r\n<\/ul>\r\n<p><strong><span style=\"color: #ff0000;\">Pr\u00e9cautions sanitaires COVID<\/span><\/strong> <span style=\"color: #ff0000;\">Distanciation sociale : respecter les marques au sol,<\/span> <span style=\"color: #ff0000;\">laisser libre au moins un si\u00e8ge entre chaque spectateur ou groupe d\u2019une m\u00eame famille.<br \/><\/span> Pour t\u00e9l\u00e9charger le programme illustr\u00e9 n\u00b0 90 cliquez ici <strong><a href=\"https:\/\/www.o-p-i.fr\/parlonsen\/wp-content\/uploads\/programme-n\u00b0-90.pdf\">programme n\u00b0 90<\/a><\/strong><\/p>\r\n<div><em>Information communiqu\u00e9e par Guy ROUMAGNAC<\/em><\/div>\r\n<div><!-- \/wp:post-content -->\r\n\r\n<!-- wp:paragraph --><a href=\"https:\/\/www.o-p-i.fr\/parlonsen\/agenda\/\">Retrouvez tous les \u00e9v\u00e9nements dans l&rsquo;agenda !<\/a><\/div>\r\n<p>&nbsp;<\/p>","protected":false},"excerpt":{"rendered":"<div class=\"mh-excerpt\">Cin\u00e9monclar propose:<\/div>\n","protected":false},"author":4,"featured_media":0,"comment_status":"open","ping_status":"open","sticky":false,"template":"","format":"standard","meta":{"om_disable_all_campaigns":false,"advanced_seo_description":"","jetpack_seo_html_title":"","jetpack_seo_noindex":false,"_jetpack_memberships_contains_paid_content":false,"footnotes":"","_links_to":"","_links_to_target":""},"categories":[52,16,54,3984,4007],"tags":[1768,1833,2998,3057,3571],"class_list":{"0":"post-45688","1":"post","2":"type-post","3":"status-publish","4":"format-standard","6":"category-parlons-en","7":"category-monclar","8":"category-loisirs","9":"category-n-173-aout-2020","10":"category-n-174-septembre-2020","11":"tag-cinemonclar","12":"tag-programme-cinema","13":"tag-cine-monclar","14":"tag-bandes-annonces","15":"tag-amis-du-cinema"},"jetpack_featured_media_url":"","views":{"total":0,"cached_at":"","cached_date":1738489040},"jetpack_likes_enabled":true,"jetpack_sharing_enabled":true,"jetpack_shortlink":"https:\/\/wp.me\/pg7Wxj-bSU","jetpack-related-posts":[],"_links":{"self":[{"href":"https:\/\/www.o-p-i.fr\/parlonsen\/wp-json\/wp\/v2\/posts\/45688","targetHints":{"allow":["GET"]}}],"collection":[{"href":"https:\/\/www.o-p-i.fr\/parlonsen\/wp-json\/wp\/v2\/posts"}],"about":[{"href":"https:\/\/www.o-p-i.fr\/parlonsen\/wp-json\/wp\/v2\/types\/post"}],"author":[{"embeddable":true,"href":"https:\/\/www.o-p-i.fr\/parlonsen\/wp-json\/wp\/v2\/users\/4"}],"replies":[{"embeddable":true,"href":"https:\/\/www.o-p-i.fr\/parlonsen\/wp-json\/wp\/v2\/comments?post=45688"}],"version-history":[{"count":1,"href":"https:\/\/www.o-p-i.fr\/parlonsen\/wp-json\/wp\/v2\/posts\/45688\/revisions"}],"predecessor-version":[{"id":67370,"href":"https:\/\/www.o-p-i.fr\/parlonsen\/wp-json\/wp\/v2\/posts\/45688\/revisions\/67370"}],"wp:attachment":[{"href":"https:\/\/www.o-p-i.fr\/parlonsen\/wp-json\/wp\/v2\/media?parent=45688"}],"wp:term":[{"taxonomy":"category","embeddable":true,"href":"https:\/\/www.o-p-i.fr\/parlonsen\/wp-json\/wp\/v2\/categories?post=45688"},{"taxonomy":"post_tag","embeddable":true,"href":"https:\/\/www.o-p-i.fr\/parlonsen\/wp-json\/wp\/v2\/tags?post=45688"}],"curies":[{"name":"wp","href":"https:\/\/api.w.org\/{rel}","templated":true}]}}