{"id":4587,"date":"2010-08-16T17:23:36","date_gmt":"2010-08-16T15:23:36","guid":{"rendered":"\/parlonsen\/?p=4587"},"modified":"2010-08-18T17:09:27","modified_gmt":"2010-08-18T15:09:27","slug":"course-nature-a-larroque","status":"publish","type":"post","link":"https:\/\/www.o-p-i.fr\/parlonsen\/parlons-en\/commerce\/course-nature-a-larroque\/","title":{"rendered":"Course Nature &#8230; \u00e0 Larroque"},"content":{"rendered":"<p style=\"text-align: justify;\"><span style=\"color: #003366;\"><strong>Dimanche 5 septembre<\/strong><\/span> aura lieu les 10km en ligne de la course nature  de  Larroque. Le d\u00e9part et le retour se feront \u00e0 Mespel et vous pourrez   profiter du paysage de la for\u00eat de Gr\u00e9signe.<!--more--><\/p>\n<figure id=\"attachment_4695\" aria-describedby=\"caption-attachment-4695\" style=\"width: 300px\" class=\"wp-caption alignright\"><em><em><img data-recalc-dims=\"1\" loading=\"lazy\" decoding=\"async\" class=\"size-full wp-image-4695\" title=\"Larroque (81)\" src=\"https:\/\/i0.wp.com\/www.o-p-i.fr\/parlonsen\/wp-content\/uploads\/plan_larroque.jpg?resize=300%2C310&#038;ssl=1\" alt=\"Larroque (81)\" width=\"300\" height=\"310\" srcset=\"https:\/\/i0.wp.com\/www.o-p-i.fr\/parlonsen\/wp-content\/uploads\/plan_larroque.jpg?w=300&amp;ssl=1 300w, https:\/\/i0.wp.com\/www.o-p-i.fr\/parlonsen\/wp-content\/uploads\/plan_larroque.jpg?resize=290%2C300&amp;ssl=1 290w\" sizes=\"auto, (max-width: 300px) 100vw, 300px\" \/><\/em><\/em><figcaption id=\"caption-attachment-4695\" class=\"wp-caption-text\">Larroque (81)<\/figcaption><\/figure>\n<p style=\"text-align: justify;\"><em>\u00ab\u00a0Amoureux de sport simple et naturel &#8230; <\/em><em>avec un go\u00fbt certain de l&rsquo;effort, pratiquants immuables de courses p\u00e9destres, nous avons &#8230; Bernard, G\u00e9rard, Georges et moi m\u00eame organis\u00e9 une course nature de 10 kms dans notre petit village de Larroque &#8230; pour partager avec le plus de monde possible toutes ces valeurs qui nous tiennent tant \u00e0 c\u0153ur ; mais nous voulons aussi faire de cette journ\u00e9e un moment festif et c&rsquo;est pour cela qu&rsquo;en parall\u00e8le \u00e0 ce 10kms nous proposons aussi une randonn\u00e9e men\u00e9e par Edwige d&rsquo;un pas tranquille et assur\u00e9, en for\u00eat de Gr\u00e9signe pour les accompagnants des coureurs, mais aussi pour les accrocs de la marche en for\u00eat et campagne &#8230; suivie apr\u00e8s la remise des r\u00e9compenses &#8230; d&rsquo;un petit repas frugal et musical (chaque ann\u00e9e nos ami(e)s les sonneurs nous font partager leur amour de la musique et plus sp\u00e9cialement celle du cor) qui nous permettra de prolonger ce moment.<br \/>\nBien s\u00fbr nous ne sommes que des amateurs et notre course n&rsquo;attire pas encore la foule des grands jours, elle est \u00e0 l&rsquo;\u00e9chelle de notre petit village et nous en sommes fiers, car si il est bien petit&#8230; il est aussi tr\u00e8s beau, noy\u00e9 dans un oc\u00e9an de verdure en lisi\u00e8re de for\u00eat et prot\u00e9g\u00e9 par de magnifiques falaises ocres.\u00a0\u00bb<\/em><\/p>\n<p style=\"text-align: justify;\"><span style=\"color: #003366;\"><strong>D\u00e9part et Arriv\u00e9e Hameau de Mespel<\/strong><\/span><\/p>\n<p><span style=\"color: #003366;\"><strong>Course en ligne Individuelle 10 Km en for\u00eat de Gr\u00e9signe<\/strong><\/span><br \/>\nPr\u00e9-Inscription\u00a0: 05-63-33-26-61 et 05-63-41-96-35<br \/>\nBulletin \u00e0 t\u00e9l\u00e9charger sur : <a title=\"Ouvre le site dans une nouvelle fen\u00eatre\" href=\"http:\/\/larroque81.org\/\" target=\"_blank\">http:\/\/larroque81.org\/<\/a><br \/>\nPrix\u00a0: 9\u20ac et certificat m\u00e9dical obligatoire<br \/>\nInscription le jour de la course entre 8 et 10h\u00a0:<br \/>\nPrix\u00a0: 10\u20ac et certificat m\u00e9dical obligatoire<br \/>\nautorisation parentale pour les mineurs<br \/>\nD\u00e9part de la course 10h<\/p>\n<p><span style=\"color: #003366;\"><strong>Randonn\u00e9e P\u00e9destre<\/strong><\/span><br \/>\nPrix\u00a0: 3\u20ac<br \/>\nD\u00e9part de la randonn\u00e9e 9h30<\/p>\n<p><span style=\"color: #003366;\"><strong>Remise des coupes et r\u00e9compenses<\/strong><\/span><\/p>\n<p>Remise des coupes et r\u00e9compenses \u00e0 midi<\/p>\n<p><span style=\"color: #003366;\"><strong>Possibilit\u00e9 de restauration rapide sur place<\/strong><\/span><br \/>\nSaucisse \u2013 frites &#8211; vin (1 verre)<br \/>\nPrix\u00a0: 6\u20ac00<\/p>\n<p style=\"text-align: justify;\"><span style=\"color: #003366;\"><strong>Contact : M. Jacques Chambon<\/strong><br \/>\nLe Vieux Village<br \/>\n81140 Larroque<\/span><\/p>\n<p style=\"text-align: justify;\"><span style=\"color: #003366;\">T\u00e9l. : 05 63 41 96 35<\/span><\/p>\n<p style=\"text-align: justify;\"><span style=\"color: #003366;\">Courriel : <a href=\"mailto:edwige.pavan@orange.fr\">edwige.pavan@orange.fr<\/a><\/span><\/p>\n<p style=\"text-align: justify;\"><em>Communiqu\u00e9 de Jacques Chambon<\/em><\/p>\n<p><a href=\"https:\/\/www.o-p-i.fr\/parlonsen\/agenda\/\"><strong>Retrouvez tous les \u00e9v\u00e8nements dans l&rsquo;agenda !<\/strong><\/a><\/p>\n","protected":false},"excerpt":{"rendered":"<div class=\"mh-excerpt\">Dimanche 5 septembre aura lieu les 10km en ligne de la course nature de Larroque. Le d\u00e9part et le retour se feront \u00e0 Mespel et vous pourrez profiter du paysage de la for\u00eat de Gr\u00e9signe.<\/div>\n","protected":false},"author":2,"featured_media":0,"comment_status":"open","ping_status":"open","sticky":false,"template":"","format":"standard","meta":{"om_disable_all_campaigns":false,"advanced_seo_description":"","jetpack_seo_html_title":"","jetpack_seo_noindex":false,"_jetpack_memberships_contains_paid_content":false,"footnotes":"","_links_to":"","_links_to_target":""},"categories":[4,42,603,54,53,25,633],"tags":[166,330,482,558,641,642],"class_list":{"0":"post-4587","1":"post","2":"type-post","3":"status-publish","4":"format-standard","6":"category-commerce","7":"category-a-cote-de-chez-nous","8":"category-vive-lete","9":"category-loisirs","10":"category-sports","11":"category-salvagnac","12":"category-n-52-aout-2010","13":"tag-randonnee","14":"tag-rencontre","15":"tag-gresigne","16":"tag-larroque","17":"tag-course","18":"tag-foret"},"jetpack_featured_media_url":"","views":{"total":0,"cached_at":"","cached_date":1738516874},"jetpack_likes_enabled":true,"jetpack_sharing_enabled":true,"jetpack_shortlink":"https:\/\/wp.me\/pg7Wxj-1bZ","jetpack-related-posts":[],"_links":{"self":[{"href":"https:\/\/www.o-p-i.fr\/parlonsen\/wp-json\/wp\/v2\/posts\/4587","targetHints":{"allow":["GET"]}}],"collection":[{"href":"https:\/\/www.o-p-i.fr\/parlonsen\/wp-json\/wp\/v2\/posts"}],"about":[{"href":"https:\/\/www.o-p-i.fr\/parlonsen\/wp-json\/wp\/v2\/types\/post"}],"author":[{"embeddable":true,"href":"https:\/\/www.o-p-i.fr\/parlonsen\/wp-json\/wp\/v2\/users\/2"}],"replies":[{"embeddable":true,"href":"https:\/\/www.o-p-i.fr\/parlonsen\/wp-json\/wp\/v2\/comments?post=4587"}],"version-history":[{"count":0,"href":"https:\/\/www.o-p-i.fr\/parlonsen\/wp-json\/wp\/v2\/posts\/4587\/revisions"}],"wp:attachment":[{"href":"https:\/\/www.o-p-i.fr\/parlonsen\/wp-json\/wp\/v2\/media?parent=4587"}],"wp:term":[{"taxonomy":"category","embeddable":true,"href":"https:\/\/www.o-p-i.fr\/parlonsen\/wp-json\/wp\/v2\/categories?post=4587"},{"taxonomy":"post_tag","embeddable":true,"href":"https:\/\/www.o-p-i.fr\/parlonsen\/wp-json\/wp\/v2\/tags?post=4587"}],"curies":[{"name":"wp","href":"https:\/\/api.w.org\/{rel}","templated":true}]}}