{"id":45879,"date":"2020-09-03T08:40:10","date_gmt":"2020-09-03T07:40:10","guid":{"rendered":"https:\/\/www.o-p-i.fr\/parlonsen\/?p=45879"},"modified":"2020-09-03T08:40:10","modified_gmt":"2020-09-03T07:40:10","slug":"zai-zai-zai-zai-a-vaour-81","status":"publish","type":"post","link":"https:\/\/www.o-p-i.fr\/parlonsen\/localisation\/a-cote-de-chez-nous\/zai-zai-zai-zai-a-vaour-81\/","title":{"rendered":"\u00ab\u00a0Za\u00ef Za\u00ef Za\u00ef Za\u00ef\u00a0\u00bb &#8230; \u00e0 Vaour (81)"},"content":{"rendered":"<p><strong>Jeudi 17 septembre 2020<\/strong> \u00e0 18h30 \u00e0 La Commanderie<!--more--><\/p>\n<p>C&rsquo;est la rentr\u00e9e pour L&rsquo;\u00e9t\u00e9 de Vaour, et malgr\u00e9 le contexte, on a bien l&rsquo;intention de vous retrouver !<\/p>\n<p>Le Festival Nect&rsquo;arts Festival qui devait se tenir les 19 et 20 septembre \u00e0 Carmaux a malheureusement \u00e9t\u00e9 annul\u00e9 et report\u00e9 en 2021. On vous propose donc plut\u00f4t de venir du c\u00f4t\u00e9 de Vaour, au Th\u00e9\u00e2tre de la Commanderie, pour une s\u00e9rie d&rsquo;\u00e9v\u00e9nements entre reports du printemps dernier et d\u00e9but de la saison 2020\/2021.<\/p>\n<p>Et pour commencer, une adaptation th\u00e9\u00e2trale de la bande dessin\u00e9e de Fabcaro \u00ab\u00a0Za\u00ef Za\u00ef Za\u00ef Za\u00ef\u00a0\u00bb, \u00e0 ne pas rater !<\/p>\n<p>AU TH\u00c9\u00c2TRE DE LA COMMANDERIE<\/p>\n<p><img data-recalc-dims=\"1\" loading=\"lazy\" decoding=\"async\" class=\"alignright size-full wp-image-45880\" src=\"https:\/\/i0.wp.com\/www.o-p-i.fr\/parlonsen\/wp-content\/uploads\/Zai.jpg?resize=283%2C451&#038;ssl=1\" alt=\"\" width=\"283\" height=\"451\" srcset=\"https:\/\/i0.wp.com\/www.o-p-i.fr\/parlonsen\/wp-content\/uploads\/Zai.jpg?w=283&amp;ssl=1 283w, https:\/\/i0.wp.com\/www.o-p-i.fr\/parlonsen\/wp-content\/uploads\/Zai.jpg?resize=188%2C300&amp;ssl=1 188w, https:\/\/i0.wp.com\/www.o-p-i.fr\/parlonsen\/wp-content\/uploads\/Zai.jpg?resize=94%2C150&amp;ssl=1 94w\" sizes=\"auto, (max-width: 283px) 100vw, 283px\" \/>\u00ab\u00a0Za\u00ef Za\u00ef Za\u00ef Za\u00ef\u00a0\u00bb<\/p>\n<p>Blutack Theatre<\/p>\n<p>D&rsquo;apr\u00e8s le roman graphique de Fabcaro (\u00c9ditions 6 Pieds sous Terre)<\/p>\n<p>Un auteur de bande dessin\u00e9e, alors qu&rsquo;il fait ses courses, r\u00e9alise qu&rsquo;il n&rsquo;a pas sa carte de fid\u00e9lit\u00e9 sur lui. La caissi\u00e8re appelle le vigile, mais quand celui-ci arrive, l&rsquo;auteur le menace et parvient \u00e0 s&rsquo;enfuir.<\/p>\n<p>La police est alert\u00e9e, s&rsquo;engage alors une traque sans merci, le fugitif traversant la r\u00e9gion, en stop, battant la campagne, partag\u00e9 entre remord et questions existentielles.<\/p>\n<p>Assez vite les m\u00e9dias s&#8217;emparent de l&rsquo;affaire et le pays est en \u00e9moi.<\/p>\n<p>L&rsquo;histoire du fugitif est sur toutes les l\u00e8vres et divise la soci\u00e9t\u00e9, entre psychose et volont\u00e9 d&rsquo;engagement, entre compassion et id\u00e9es fascisantes. Car finalement on conna\u00eet mal l&rsquo;auteur de BD, il pourrait tr\u00e8s bien constituer une menace pour l&rsquo;ensemble de la soci\u00e9t\u00e9.<\/p>\n<p>Road trip s\u00e9dentaire et autonome<\/p>\n<p>\u00c0 partir de 12 ans<\/p>\n<p>Adultes de tous \u00e2ges bienvenus<\/p>\n<p><strong><span style=\"color: #ff0000;\">Gratuit &#8211; R\u00e9servation obligatoire<\/span> <\/strong>au 05 63 56 36 87 ou sur <strong><a href=\"http:\/\/etedevaour.festik.net\" target=\"_blank\" rel=\"noopener noreferrer\">etedevaour.festik.net<\/a><\/strong><\/p>\n<h3><a href=\"http:\/\/www.etedevaour.org\/\" target=\"_blank\" rel=\"noopener noreferrer\">Association L&rsquo;\u00e9t\u00e9 de Vaour<\/a><br \/>\nMaison des associations<br \/>\n81140 VAOUR<br \/>\nT\u00e9l. : 05 63 56 36 87<br \/>\nMail : <a style=\"font-size: 16px;\" href=\"mailto:web@etedevaour.org\">web@etedevaour.org<\/a><\/h3>\n<p><em>Information communiqu\u00e9e par l&rsquo;\u00e9quipe \u00ab\u00a0Et\u00e9 de Vaour\u00a0\u00bb<\/em><\/p>\n<p><a href=\"http:\/\/www.o-p-i.fr\/parlonsen\/agenda\/\">Retrouvez tous les \u00e9v\u00e9nements dans l&rsquo;agenda !<\/a><\/p>\n<p>&nbsp;<\/p>\n<p>&nbsp;<\/p>\n","protected":false},"excerpt":{"rendered":"<div class=\"mh-excerpt\">Jeudi 17 septembre 2020 \u00e0 18h30 \u00e0 La Commanderie<\/div>\n","protected":false},"author":4,"featured_media":0,"comment_status":"open","ping_status":"open","sticky":false,"template":"","format":"standard","meta":{"om_disable_all_campaigns":false,"advanced_seo_description":"","jetpack_seo_html_title":"","jetpack_seo_noindex":false,"_jetpack_memberships_contains_paid_content":false,"footnotes":"","_links_to":"","_links_to_target":""},"categories":[42,54,4007],"tags":[57,187,2785,3210],"class_list":{"0":"post-45879","1":"post","2":"type-post","3":"status-publish","4":"format-standard","6":"category-a-cote-de-chez-nous","7":"category-loisirs","8":"category-n-174-septembre-2020","9":"tag-theatre","10":"tag-vaour","11":"tag-theatre-de-la-commanderie","12":"tag-lete-de-vaour"},"jetpack_featured_media_url":"","views":{"total":0,"cached_at":"","cached_date":1738359630},"jetpack_likes_enabled":true,"jetpack_sharing_enabled":true,"jetpack_shortlink":"https:\/\/wp.me\/pg7Wxj-bVZ","jetpack-related-posts":[],"_links":{"self":[{"href":"https:\/\/www.o-p-i.fr\/parlonsen\/wp-json\/wp\/v2\/posts\/45879","targetHints":{"allow":["GET"]}}],"collection":[{"href":"https:\/\/www.o-p-i.fr\/parlonsen\/wp-json\/wp\/v2\/posts"}],"about":[{"href":"https:\/\/www.o-p-i.fr\/parlonsen\/wp-json\/wp\/v2\/types\/post"}],"author":[{"embeddable":true,"href":"https:\/\/www.o-p-i.fr\/parlonsen\/wp-json\/wp\/v2\/users\/4"}],"replies":[{"embeddable":true,"href":"https:\/\/www.o-p-i.fr\/parlonsen\/wp-json\/wp\/v2\/comments?post=45879"}],"version-history":[{"count":0,"href":"https:\/\/www.o-p-i.fr\/parlonsen\/wp-json\/wp\/v2\/posts\/45879\/revisions"}],"wp:attachment":[{"href":"https:\/\/www.o-p-i.fr\/parlonsen\/wp-json\/wp\/v2\/media?parent=45879"}],"wp:term":[{"taxonomy":"category","embeddable":true,"href":"https:\/\/www.o-p-i.fr\/parlonsen\/wp-json\/wp\/v2\/categories?post=45879"},{"taxonomy":"post_tag","embeddable":true,"href":"https:\/\/www.o-p-i.fr\/parlonsen\/wp-json\/wp\/v2\/tags?post=45879"}],"curies":[{"name":"wp","href":"https:\/\/api.w.org\/{rel}","templated":true}]}}