{"id":45882,"date":"2020-09-03T09:04:06","date_gmt":"2020-09-03T08:04:06","guid":{"rendered":"https:\/\/www.o-p-i.fr\/parlonsen\/?p=45882"},"modified":"2025-12-17T16:25:17","modified_gmt":"2025-12-17T15:25:17","slug":"world-cleanup-day-a-saint-etienne-de-tulmont-82","status":"publish","type":"post","link":"https:\/\/www.o-p-i.fr\/parlonsen\/parlons-en\/pratique\/world-cleanup-day-a-saint-etienne-de-tulmont-82\/","title":{"rendered":"\u00ab\u00a0World Cleanup Day\u00a0\u00bb&#8230; \u00e0 Saint Etienne de Tulmont (82)"},"content":{"rendered":"<p><strong>Samedi 19 septembre 2020<\/strong>, de 9h. \u00e0 midi. <!--more--><img data-recalc-dims=\"1\" loading=\"lazy\" decoding=\"async\" class=\"alignright size-medium wp-image-45883\" src=\"https:\/\/i0.wp.com\/www.o-p-i.fr\/parlonsen\/wp-content\/uploads\/Cleanup.jpg?resize=208%2C300&#038;ssl=1\" alt=\"\" width=\"208\" height=\"300\" srcset=\"https:\/\/i0.wp.com\/www.o-p-i.fr\/parlonsen\/wp-content\/uploads\/Cleanup.jpg?resize=208%2C300&amp;ssl=1 208w, https:\/\/i0.wp.com\/www.o-p-i.fr\/parlonsen\/wp-content\/uploads\/Cleanup.jpg?resize=104%2C150&amp;ssl=1 104w, https:\/\/i0.wp.com\/www.o-p-i.fr\/parlonsen\/wp-content\/uploads\/Cleanup.jpg?resize=400%2C577&amp;ssl=1 400w, https:\/\/i0.wp.com\/www.o-p-i.fr\/parlonsen\/wp-content\/uploads\/Cleanup.jpg?w=567&amp;ssl=1 567w\" sizes=\"auto, (max-width: 208px) 100vw, 208px\" \/>Notre environnement, c&rsquo;est l&rsquo;affaire de tous.<\/p>\n<p>Parce que nous sommes tous concern\u00e9s par la pr\u00e9servation de notre environnement, nous sommes tous invit\u00e9, \u00e9coles, associations, entreprises et habitants de Saint Etienne de Tulmont par l&rsquo;association \u00ab Ma commune et Moi \u00bb, \u00e0 agir en participant \u00e0 la journ\u00e9e mondiale du nettoyage le samedi 19 septembre \u00e0 9h00 \u00e0 midi sur la place du Tulmonenc. Cet appel, c&rsquo;est surtout une invitation \u00e0 venir passer un bon moment, parce qu&rsquo;il n&rsquo;y a pas mieux que de se sentir utile et se faire plaisir au travers des projets solidaires au profit de la commune et ses habitants, cr\u00e9do de l&rsquo;association.<\/p>\n<p>D\u00e9j\u00e0 l&rsquo;ann\u00e9e derni\u00e8re, l&rsquo;\u00e9v\u00e8nement avait rassembl\u00e9 une quarantaine de personnes petits et grand. La r\u00e9colte y avait \u00e9t\u00e9 fructueuse, car c&rsquo;\u00e9tait pr\u00e8s de 110 kg de d\u00e9chets qui ont \u00e9t\u00e9 arrach\u00e9s \u00e0 nos rues et bordures de sentiers. C&rsquo;est \u00e9galement une mani\u00e8re de nous r\u00e9approprier notre environnement dans ce contexte de replis sur soi forc\u00e9 par l&rsquo;\u00e9pisode pand\u00e9mique qui nous pr\u00e9occupe tous. En outre, c&rsquo;est surtout une mani\u00e8re de voir les choses diff\u00e9remment pour changer les comportements et se responsabiliser.<\/p>\n<p>Enfin, durant l&rsquo;\u00e9v\u00e8nement, si le port du masque est obligatoire, gr\u00e2ce \u00e0 nos commer\u00e7ants les sacs poubelles et gants seront mis \u00e0 disposition des participants.<\/p>\n<p>Avec cet \u00e9v\u00e8nement, l&rsquo;association relance ces projets mis entre parenth\u00e8ses au premier semestre. D&rsquo;ailleurs en octobre, elle vous appelle petit et grand \u00e0 se joindre une nouvelle fois \u00e0 elle \u00e0 la rencontre de notre patrimoine au travers une belle balade cont\u00e9e sur les sentiers de notre village.<\/p>\n<p><em>Information communiqu\u00e9e par Cyrille PERROT<\/em><\/p>\n<p><a href=\"http:\/\/www.o-p-i.fr\/parlonsen\/agenda\/\">Retrouvez tous les \u00e9v\u00e9nements dans l&rsquo;agenda !<\/a><\/p>\n","protected":false},"excerpt":{"rendered":"<div class=\"mh-excerpt\">Samedi 19 septembre 2020, de 9h. \u00e0 midi.<\/div>\n","protected":false},"author":4,"featured_media":68035,"comment_status":"open","ping_status":"open","sticky":false,"template":"","format":"standard","meta":{"om_disable_all_campaigns":false,"advanced_seo_description":"","jetpack_seo_html_title":"","jetpack_seo_noindex":false,"_jetpack_memberships_contains_paid_content":false,"footnotes":"","_links_to":"","_links_to_target":""},"categories":[42,291,6,4007],"tags":[203,2562,6541],"class_list":{"0":"post-45882","1":"post","2":"type-post","3":"status-publish","4":"format-standard","5":"has-post-thumbnail","7":"category-a-cote-de-chez-nous","8":"category-solidarite","9":"category-pratique","10":"category-n-174-septembre-2020","11":"tag-saint-etienne-de-tulmont","12":"tag-environnement","13":"tag-asso-ma-commune-et-moi"},"jetpack_featured_media_url":"https:\/\/i0.wp.com\/www.o-p-i.fr\/parlonsen\/wp-content\/uploads\/2020-World-Cleanup-Day-st-etienne-tulmont.webp?fit=208%2C300&ssl=1","views":{"total":1,"cached_at":"","cached_date":1738380799},"jetpack_likes_enabled":true,"jetpack_sharing_enabled":true,"jetpack_shortlink":"https:\/\/wp.me\/pg7Wxj-bW2","jetpack-related-posts":[],"_links":{"self":[{"href":"https:\/\/www.o-p-i.fr\/parlonsen\/wp-json\/wp\/v2\/posts\/45882","targetHints":{"allow":["GET"]}}],"collection":[{"href":"https:\/\/www.o-p-i.fr\/parlonsen\/wp-json\/wp\/v2\/posts"}],"about":[{"href":"https:\/\/www.o-p-i.fr\/parlonsen\/wp-json\/wp\/v2\/types\/post"}],"author":[{"embeddable":true,"href":"https:\/\/www.o-p-i.fr\/parlonsen\/wp-json\/wp\/v2\/users\/4"}],"replies":[{"embeddable":true,"href":"https:\/\/www.o-p-i.fr\/parlonsen\/wp-json\/wp\/v2\/comments?post=45882"}],"version-history":[{"count":1,"href":"https:\/\/www.o-p-i.fr\/parlonsen\/wp-json\/wp\/v2\/posts\/45882\/revisions"}],"predecessor-version":[{"id":68036,"href":"https:\/\/www.o-p-i.fr\/parlonsen\/wp-json\/wp\/v2\/posts\/45882\/revisions\/68036"}],"wp:featuredmedia":[{"embeddable":true,"href":"https:\/\/www.o-p-i.fr\/parlonsen\/wp-json\/wp\/v2\/media\/68035"}],"wp:attachment":[{"href":"https:\/\/www.o-p-i.fr\/parlonsen\/wp-json\/wp\/v2\/media?parent=45882"}],"wp:term":[{"taxonomy":"category","embeddable":true,"href":"https:\/\/www.o-p-i.fr\/parlonsen\/wp-json\/wp\/v2\/categories?post=45882"},{"taxonomy":"post_tag","embeddable":true,"href":"https:\/\/www.o-p-i.fr\/parlonsen\/wp-json\/wp\/v2\/tags?post=45882"}],"curies":[{"name":"wp","href":"https:\/\/api.w.org\/{rel}","templated":true}]}}