{"id":45934,"date":"2020-09-04T05:40:25","date_gmt":"2020-09-04T04:40:25","guid":{"rendered":"https:\/\/www.o-p-i.fr\/parlonsen\/?p=45934"},"modified":"2020-09-04T05:53:03","modified_gmt":"2020-09-04T04:53:03","slug":"foire-dautomne-et-fete-de-la-courge-a-negrepelisse-82-5","status":"publish","type":"post","link":"https:\/\/www.o-p-i.fr\/parlonsen\/parlons-en\/agriculture\/foire-dautomne-et-fete-de-la-courge-a-negrepelisse-82-5\/","title":{"rendered":"Foire d&rsquo;Automne et f\u00eate de la courge&#8230;\u00e0 N\u00e8grepelisse (82)"},"content":{"rendered":"<p><strong>Dimanche 11 octobre 2020,<\/strong> de 8h. \u00e0 17h. centre ville\u00a0 <!--more--><img data-recalc-dims=\"1\" loading=\"lazy\" decoding=\"async\" class=\"alignright size-full wp-image-45935\" src=\"https:\/\/i0.wp.com\/www.o-p-i.fr\/parlonsen\/wp-content\/uploads\/foire-n%C3%A8gre.jpg?resize=340%2C479&#038;ssl=1\" alt=\"\" width=\"340\" height=\"479\" srcset=\"https:\/\/i0.wp.com\/www.o-p-i.fr\/parlonsen\/wp-content\/uploads\/foire-n%C3%A8gre.jpg?w=340&amp;ssl=1 340w, https:\/\/i0.wp.com\/www.o-p-i.fr\/parlonsen\/wp-content\/uploads\/foire-n%C3%A8gre.jpg?resize=213%2C300&amp;ssl=1 213w, https:\/\/i0.wp.com\/www.o-p-i.fr\/parlonsen\/wp-content\/uploads\/foire-n%C3%A8gre.jpg?resize=106%2C150&amp;ssl=1 106w\" sizes=\"auto, (max-width: 340px) 100vw, 340px\" \/>Pour la 12\u00e8me ann\u00e9e cons\u00e9cutive, la Foire d&rsquo;Automne et f\u00eate de la courge, organis\u00e9es par la Mairie de N\u00e8grepelisse, conjointement \u00e0 la course d&rsquo;endurance p\u00e9destre La N\u00e8grepelissienne, se d\u00e9rouleront Dimanche 11 octobre le temps d&rsquo;une journ\u00e9e ponctu\u00e9e par la vente de nombreux produits alimentaires et vestimentaires, un march\u00e9 artisanal, des balades en cal\u00e8che et en poney, des man\u00e8ges, animations en tout genre.<\/p>\n<p>L&rsquo;objectif est de r\u00e9unir autour du th\u00e8me de l&rsquo;automne et de la citrouille, l\u00e9gume de saison par excellence \u00e0 l&rsquo;approche d&rsquo;Halloween, les savoir-faire artisanaux (bijoux, peinture sur porcelaine, crochet, poterie, travail sur bois, tableaux &#8230;) gastronomiques, le tout sous la forme d&rsquo;une belle foire.<\/p>\n<p>Renouer avec l&rsquo;esprit la foire traditionnelle pendant lesquels le gout et la f\u00eate sont \u00e0 l&rsquo;honneur sont les maitres-mots.<\/p>\n<p>Plus de 80 producteurs et artisans, sont attendus : cucurbitac\u00e9es, jus de fruits, confitures, miel, ail, pains, vins, huitres, sucreries et douceurs, charcuteries, fromages, fruits et l\u00e9gumes de saison, cuisine du monde, v\u00eatements, chaussures, artisanat, bibeloterie, v\u00e9g\u00e9taux, food truck&#8230;<\/p>\n<p>Chaque ann\u00e9e, le nombre de visiteurs n&rsquo;a de cesse d&rsquo;augmenter.<\/p>\n<p>L&rsquo;entr\u00e9e pour les visiteurs est gratuite.<\/p>\n<p>Contact au 05 63 64 26 21 \u2013 Prix du stand 6 \u20ac (m\u00e9trage illimit\u00e9)<\/p>\n<p><strong>Pour t\u00e9l\u00e9charger le dossier d&rsquo;inscription cliquez <a href=\"https:\/\/www.o-p-i.fr\/parlonsen\/wp-content\/uploads\/foire-2020-inscriptions.pdf\">foire 2020 inscriptions <\/a><\/strong>Les inscriptions sont ouvertes.<br \/>\nDes mesures sanitaires et gestes barri\u00e8res seront \u00e0 pr\u00e9voir. Ces mesures seront ajust\u00e9es jusqu&rsquo;au 11 octobre prochain.<br \/>\nUne course d&rsquo;endurance p\u00e9destre en matin\u00e9e est associ\u00e9e \u00e0 cette journ\u00e9e r\u00e9unissant plus d&rsquo;une centaine de sportifs chaque ann\u00e9e.<\/p>\n<p>Aurore Deffr\u00e8ne<br \/>\nResponsable du service Associations<br \/>\nR\u00e9gisseur de la r\u00e9servation des salles et du mat\u00e9riel municipal<br \/>\nOrganisation de festivit\u00e9s<br \/>\nAgent d\u00e9l\u00e9gu\u00e9e et correspondante CNAS<br \/>\n14 A Place Nationale<br \/>\n82800 N\u00e8grepelisse<br \/>\n05 63 64 26 21 &#8211; <a href=\"mailto:a.deffrene@ville-negrepelisse.fr\" target=\"_blank\" rel=\"noopener noreferrer\">a.deffrene@ville-negrepelisse.fr<\/a><br \/>\nOuverture du service<br \/>\nLundi et vendredi de 8 heures \u00e0 12 heures et de 13 heures \u00e0 17 heures<br \/>\nMardi, mercredi, jeudi de 8 heures \u00e0 12 heures<\/p>\n<p><em>Information communiqu\u00e9e par Aurore DEFFRENE<\/em><\/p>\n<p><a href=\"http:\/\/www.o-p-i.fr\/parlonsen\/agenda\/\">Retrouvez tous les \u00e9v\u00e9nements dans l&rsquo;agenda !<\/a><\/p>\n","protected":false},"excerpt":{"rendered":"<div class=\"mh-excerpt\">Dimanche 11 octobre 2020, de 8h. \u00e0 17h. centre ville\u00a0<\/div>\n","protected":false},"author":4,"featured_media":0,"comment_status":"open","ping_status":"open","sticky":false,"template":"","format":"standard","meta":{"om_disable_all_campaigns":false,"advanced_seo_description":"","jetpack_seo_html_title":"","jetpack_seo_noindex":false,"_jetpack_memberships_contains_paid_content":false,"footnotes":"","_links_to":"","_links_to_target":""},"categories":[3,51,4,42,704,6,4056],"tags":[100,493,702,715],"class_list":{"0":"post-45934","1":"post","2":"type-post","3":"status-publish","4":"format-standard","6":"category-agriculture","7":"category-artisanat","8":"category-commerce","9":"category-a-cote-de-chez-nous","10":"category-cest-lautomne","11":"category-pratique","12":"category-n-175-octobre-2020-2","13":"tag-negrepelisse","14":"tag-foire","15":"tag-citrouille","16":"tag-automne"},"jetpack_featured_media_url":"","views":{"total":0,"cached_at":"","cached_date":1738466406},"jetpack_likes_enabled":true,"jetpack_sharing_enabled":true,"jetpack_shortlink":"https:\/\/wp.me\/pg7Wxj-bWS","jetpack-related-posts":[],"_links":{"self":[{"href":"https:\/\/www.o-p-i.fr\/parlonsen\/wp-json\/wp\/v2\/posts\/45934","targetHints":{"allow":["GET"]}}],"collection":[{"href":"https:\/\/www.o-p-i.fr\/parlonsen\/wp-json\/wp\/v2\/posts"}],"about":[{"href":"https:\/\/www.o-p-i.fr\/parlonsen\/wp-json\/wp\/v2\/types\/post"}],"author":[{"embeddable":true,"href":"https:\/\/www.o-p-i.fr\/parlonsen\/wp-json\/wp\/v2\/users\/4"}],"replies":[{"embeddable":true,"href":"https:\/\/www.o-p-i.fr\/parlonsen\/wp-json\/wp\/v2\/comments?post=45934"}],"version-history":[{"count":0,"href":"https:\/\/www.o-p-i.fr\/parlonsen\/wp-json\/wp\/v2\/posts\/45934\/revisions"}],"wp:attachment":[{"href":"https:\/\/www.o-p-i.fr\/parlonsen\/wp-json\/wp\/v2\/media?parent=45934"}],"wp:term":[{"taxonomy":"category","embeddable":true,"href":"https:\/\/www.o-p-i.fr\/parlonsen\/wp-json\/wp\/v2\/categories?post=45934"},{"taxonomy":"post_tag","embeddable":true,"href":"https:\/\/www.o-p-i.fr\/parlonsen\/wp-json\/wp\/v2\/tags?post=45934"}],"curies":[{"name":"wp","href":"https:\/\/api.w.org\/{rel}","templated":true}]}}