{"id":45982,"date":"2020-09-10T20:00:57","date_gmt":"2020-09-10T19:00:57","guid":{"rendered":"https:\/\/www.o-p-i.fr\/parlonsen\/?p=45982"},"modified":"2020-09-10T22:50:46","modified_gmt":"2020-09-10T21:50:46","slug":"assemblee-generale-de-lete-de-vaour","status":"publish","type":"post","link":"https:\/\/www.o-p-i.fr\/parlonsen\/parlons-en\/pratique\/assemblee-generale-de-lete-de-vaour\/","title":{"rendered":"Assembl\u00e9e G\u00e9n\u00e9rale de \u00ab\u00a0L&rsquo;\u00e9t\u00e9 de Vaour\u00a0\u00bb (81)"},"content":{"rendered":"<p><strong>Samedi 12 septembre 2020<\/strong> \u00e0 15h, au Th\u00e9\u00e2tre de la Commanderie. <!--more-->Tr\u00e8s ch\u00e8r.e.s Adh\u00e9rent.e.s, B\u00e9n\u00e9voles, Ami.e.s, Sympathisant.e.s, Supporters.trices, Fan.e.s, Soutiens, Souriant.e.s, Camarades, Membres et autres Copines et Copains,<\/p>\n<p>Vous \u00eates affectueusement mais fermement convi\u00e9.e.s \u00e0 l&rsquo;Assembl\u00e9e G\u00e9n\u00e9rale de \u00ab\u00a0L&rsquo;\u00e9t\u00e9 de Vaour\u00a0\u00bb<\/p>\n<p>L&rsquo;Assembl\u00e9e G\u00e9n\u00e9rale est bien s\u00fbr ouverte \u00e0 tous, mais :<\/p>\n<ul>\n<li>il faut avoir adh\u00e9rer en 2019 pour pouvoir participer aux votes concernant le bilan moral, financier et d&rsquo;activit\u00e9 de l&rsquo;ann\u00e9e pass\u00e9e.<\/li>\n<li>il faudra \u00eatre \u00e0 jour de votre adh\u00e9sion 2020 pour pouvoir participer aux votes concernant les orientations et le budget pr\u00e9visionnel de l&rsquo;ann\u00e9e en cours.<\/li>\n<\/ul>\n<p>Pour adh\u00e9rer,<a href=\"https:\/\/www.helloasso.com\/associations\/association-l-ete-de-vaour\/adhesions\/adhesion-2020\" target=\"_blank\" rel=\"noopener noreferrer\"><span style=\"color: #ff0000;\"><strong> cliquez ici<\/strong><\/span><\/a><\/p>\n<p>Et n&rsquo;oubliez pas:<\/p>\n<p><strong>Jeudi 17 septembre \u00e0 18h30<\/strong><\/p>\n<p>AU TH\u00c9\u00c2TRE DE LA COMMANDERIE<\/p>\n<p><strong><a href=\"https:\/\/www.o-p-i.fr\/parlonsen\/localisation\/a-cote-de-chez-nous\/zai-zai-zai-zai-a-vaour-81\/\" target=\"_blank\" rel=\"noopener noreferrer\">\u00ab\u00a0Za\u00ef Za\u00ef Za\u00ef Za\u00ef\u00a0\u00bb\u00a0 Blutack Th\u00e9\u00e2tre<\/a><\/strong><\/p>\n<p>&nbsp;<\/p>\n<h4><a href=\"http:\/\/www.etedevaour.org\/\" target=\"_blank\" rel=\"noopener noreferrer\">Association L&rsquo;\u00e9t\u00e9 de Vaour<\/a><br \/>\nMaison des associations<br \/>\n81140 VAOUR<br \/>\nT\u00e9l. : 05 63 56 36 87<br \/>\nMail : <a style=\"font-size: 16px;\" href=\"mailto:web@etedevaour.org\">web@etedevaour.org<\/a><\/h4>\n<p><em>Information communiqu\u00e9e par l&rsquo;\u00e9quipe \u00ab\u00a0Et\u00e9 de Vaour\u00a0\u00bb<\/em><\/p>\n<p><a href=\"http:\/\/www.o-p-i.fr\/parlonsen\/agenda\/\">Retrouvez tous les \u00e9v\u00e9nements dans l&rsquo;agenda !<\/a><\/p>\n","protected":false},"excerpt":{"rendered":"<div class=\"mh-excerpt\">Samedi 12 septembre 2020 \u00e0 15h, au Th\u00e9\u00e2tre de la Commanderie.<\/div>\n","protected":false},"author":4,"featured_media":0,"comment_status":"open","ping_status":"open","sticky":false,"template":"","format":"standard","meta":{"om_disable_all_campaigns":false,"advanced_seo_description":"","jetpack_seo_html_title":"","jetpack_seo_noindex":false,"_jetpack_memberships_contains_paid_content":false,"footnotes":"","_links_to":"","_links_to_target":""},"categories":[42,54,6,4007],"tags":[187,2619,2785,3210],"class_list":{"0":"post-45982","1":"post","2":"type-post","3":"status-publish","4":"format-standard","6":"category-a-cote-de-chez-nous","7":"category-loisirs","8":"category-pratique","9":"category-n-174-septembre-2020","10":"tag-vaour","11":"tag-assemblee-generale","12":"tag-theatre-de-la-commanderie","13":"tag-lete-de-vaour"},"jetpack_featured_media_url":"","views":{"total":0,"cached_at":"","cached_date":1738267693},"jetpack_likes_enabled":true,"jetpack_sharing_enabled":true,"jetpack_shortlink":"https:\/\/wp.me\/pg7Wxj-bXE","jetpack-related-posts":[],"_links":{"self":[{"href":"https:\/\/www.o-p-i.fr\/parlonsen\/wp-json\/wp\/v2\/posts\/45982","targetHints":{"allow":["GET"]}}],"collection":[{"href":"https:\/\/www.o-p-i.fr\/parlonsen\/wp-json\/wp\/v2\/posts"}],"about":[{"href":"https:\/\/www.o-p-i.fr\/parlonsen\/wp-json\/wp\/v2\/types\/post"}],"author":[{"embeddable":true,"href":"https:\/\/www.o-p-i.fr\/parlonsen\/wp-json\/wp\/v2\/users\/4"}],"replies":[{"embeddable":true,"href":"https:\/\/www.o-p-i.fr\/parlonsen\/wp-json\/wp\/v2\/comments?post=45982"}],"version-history":[{"count":0,"href":"https:\/\/www.o-p-i.fr\/parlonsen\/wp-json\/wp\/v2\/posts\/45982\/revisions"}],"wp:attachment":[{"href":"https:\/\/www.o-p-i.fr\/parlonsen\/wp-json\/wp\/v2\/media?parent=45982"}],"wp:term":[{"taxonomy":"category","embeddable":true,"href":"https:\/\/www.o-p-i.fr\/parlonsen\/wp-json\/wp\/v2\/categories?post=45982"},{"taxonomy":"post_tag","embeddable":true,"href":"https:\/\/www.o-p-i.fr\/parlonsen\/wp-json\/wp\/v2\/tags?post=45982"}],"curies":[{"name":"wp","href":"https:\/\/api.w.org\/{rel}","templated":true}]}}