{"id":46006,"date":"2020-09-11T14:58:21","date_gmt":"2020-09-11T13:58:21","guid":{"rendered":"https:\/\/www.o-p-i.fr\/parlonsen\/?p=46006"},"modified":"2025-11-10T15:57:44","modified_gmt":"2025-11-10T14:57:44","slug":"cinemonclar-le-programme-du-vendredi-18-septembre-au-mardi-13-octobre-2020-a-monclar-de-quercy","status":"publish","type":"post","link":"https:\/\/www.o-p-i.fr\/parlonsen\/localisation\/au-pays-des-tescous\/monclar\/cinemonclar-le-programme-du-vendredi-18-septembre-au-mardi-13-octobre-2020-a-monclar-de-quercy\/","title":{"rendered":"Cin\u00e9Monclar, le programme du vendredi 18 septembre au mardi 13 octobre 2020 ..\u00e0 Monclar de Quercy"},"content":{"rendered":"<p>Cin\u00e9Monclar propose: <!--more--><\/p>\r\n<p><span style=\"color: #ff0000;\">Attention les horaires du dimanche sont variables.<br \/><\/span><span style=\"color: #ff0000;\">Pensez aux pr\u00e9cautions sanitaires.<\/span><\/p>\r\n<ul>\r\n<li><strong>Vendredi 18 septembre 2020\u00a0 <\/strong>Petit Pays 21h00\u00a0 <em>\u00a0 <a href=\"http:\/\/www.allocine.fr\/video\/player_gen_cmedia=19585950&amp;cfilm=269704.html\" target=\"_blank\" rel=\"noopener noreferrer\">Pour voir la bande annonce, cliquez ici\u00a0<\/a><\/em><\/li>\r\n<li><strong>Dimanche 20 septembre 2020<\/strong>\r\n<ul>\r\n<li>Bigfoot family 15h00<em>\u00a0 \u00a0 <a href=\"http:\/\/www.allocine.fr\/video\/player_gen_cmedia=19588827&amp;cfilm=268934.html\" target=\"_blank\" rel=\"noopener noreferrer\">Pour voir la bande annonce, cliquez ici\u00a0<\/a><\/em><\/li>\r\n<li>Police 16h45\u00a0 \u00a0 <a href=\"http:\/\/www.allocine.fr\/video\/player_gen_cmedia=19585567&amp;cfilm=267302.html\" target=\"_blank\" rel=\"noopener noreferrer\"><em>Pour voir la bande annonce, cliquez ici\u00a0<\/em><\/a><\/li>\r\n<\/ul>\r\n<\/li>\r\n<li><strong>Mardi 22 septembre 2020<\/strong>\u00a0 A perfect family (VO) 21h00<em>\u00a0 \u00a0 <a href=\"http:\/\/www.allocine.fr\/video\/player_gen_cmedia=19589056&amp;cfilm=280139.html\" target=\"_blank\" rel=\"noopener noreferrer\">Pour voir la bande annonce, cliquez ici\u00a0<\/a><\/em><\/li>\r\n<li><strong>Vendredi 25 septembre 2020<\/strong> Tenet (dur\u00e9e 2h30) 20h30<em>\u00a0 \u00a0 <a href=\"http:\/\/www.allocine.fr\/video\/player_gen_cmedia=19588680&amp;cfilm=251315.html\" target=\"_blank\" rel=\"noopener noreferrer\">Pour voir la bande annonce, cliquez ici\u00a0<\/a><\/em><\/li>\r\n<li><strong>Dimanche 27 septembre 2020<\/strong>\r\n<ul>\r\n<li>Spycies 15h00<em>\u00a0 \u00a0 <a href=\"http:\/\/www.allocine.fr\/video\/player_gen_cmedia=19589176&amp;cfilm=265545.html\" target=\"_blank\" rel=\"noopener noreferrer\">Pour voir la bande annonce, cliquez ici\u00a0<\/a><\/em><\/li>\r\n<li>Mignonnes 17h00<em>\u00a0 \u00a0 <a href=\"http:\/\/www.allocine.fr\/video\/player_gen_cmedia=19586115&amp;cfilm=258022.html\" target=\"_blank\" rel=\"noopener noreferrer\">Pour voir la bande annonce, cliquez ici\u00a0<\/a><\/em><\/li>\r\n<\/ul>\r\n<\/li>\r\n<li><strong>Mardi 29 septembre 2020<\/strong>\u00a0 Citoyens du monde (VO) 21h00<em>\u00a0 \u00a0 <a href=\"http:\/\/www.allocine.fr\/video\/player_gen_cmedia=19587058&amp;cfilm=273523.html\" target=\"_blank\" rel=\"noopener noreferrer\">Pour voir la bande annonce, cliquez ici\u00a0<\/a><\/em><\/li>\r\n<li><strong>Vendredi 2 octobre 2020<\/strong> Enorme 21h00<em>\u00a0 \u00a0 <a href=\"http:\/\/www.allocine.fr\/video\/player_gen_cmedia=19585671&amp;cfilm=258205.html\" target=\"_blank\" rel=\"noopener noreferrer\">Pour voir la bande annonce, cliquez ici\u00a0<\/a><\/em><\/li>\r\n<li><strong>Dimanche 4 octobre 2020<\/strong>\r\n<ul>\r\n<li>L\u2019\u00e9quipe de secours, en route pour l&rsquo;aventure 15h00<em>\u00a0 \u00a0 <a href=\"http:\/\/www.allocine.fr\/video\/player_gen_cmedia=19586992&amp;cfilm=277724.html\" target=\"_blank\" rel=\"noopener noreferrer\">Pour voir la bande annonce, clique<\/a><\/em><em>z ici\u00a0<\/em><\/li>\r\n<li>Antoinette dans les C\u00e9vennes 16h00<em>\u00a0 \u00a0 <a href=\"http:\/\/www.allocine.fr\/video\/player_gen_cmedia=19589280&amp;cfilm=272217.html\" target=\"_blank\" rel=\"noopener noreferrer\">Pour voir la bande annonce, cliquez ici\u00a0<\/a><\/em><\/li>\r\n<\/ul>\r\n<\/li>\r\n<li><strong>Mardi 6 octobre 2020<\/strong>\u00a0 Ema (VO) 21h00<em>\u00a0 \u00a0 <a href=\"http:\/\/www.allocine.fr\/video\/player_gen_cmedia=19587061&amp;cfilm=269021.html\" target=\"_blank\" rel=\"noopener noreferrer\">Pour voir la bande annonce, cliquez ici\u00a0<\/a><\/em><\/li>\r\n<li><strong>Vendredi 9 octobre 2020<\/strong>\u00a0 Le bonheur des uns&#8230; 21h00<em>\u00a0 \u00a0 <a href=\"http:\/\/www.allocine.fr\/video\/player_gen_cmedia=19587803&amp;cfilm=271602.html\" target=\"_blank\" rel=\"noopener noreferrer\">Pour voir la bande annonce, cliquez ici\u00a0<\/a><\/em><\/li>\r\n<li><strong>Dimanche 11 octobre 2020<\/strong>\r\n<ul>\r\n<li>Yuki, le secret de la montagne magique 15h00<em>\u00a0 \u00a0 <a href=\"http:\/\/www.allocine.fr\/video\/player_gen_cmedia=19586371&amp;cfilm=277315.html\" target=\"_blank\" rel=\"noopener noreferrer\">Pour voir la bande annonce, cliquez ici\u00a0<\/a><\/em><\/li>\r\n<li>J\u2019irai mourir dans les Carpates 16h45<em>\u00a0 \u00a0 <a href=\"http:\/\/www.allocine.fr\/video\/player_gen_cmedia=19589134&amp;cfilm=274282.html\" target=\"_blank\" rel=\"noopener noreferrer\">Pour voir la bande annonce, cliquez ici\u00a0<\/a><\/em><\/li>\r\n<\/ul>\r\n<\/li>\r\n<li><strong>Mardi 13 octobre 2020<\/strong> Eva en aout (VO) 21h00<em>\u00a0 \u00a0 <a href=\"http:\/\/www.allocine.fr\/video\/player_gen_cmedia=19589035&amp;cfilm=253522.html\" target=\"_blank\" rel=\"noopener noreferrer\">Pour voir la bande annonce, cliquez ici\u00a0<\/a><\/em><\/li>\r\n<\/ul>\r\n<p><strong><span style=\"color: #ff0000;\">Pr\u00e9cautions sanitaires COVID<\/span><\/strong> <span style=\"color: #ff0000;\">Distanciation sociale : respecter les marques au sol,<\/span> <span style=\"color: #ff0000;\">laisser libre au moins un si\u00e8ge entre chaque spectateur ou groupe d\u2019une m\u00eame famille. <\/span> Pour t\u00e9l\u00e9charger le programme illustr\u00e9 n\u00b0 91 cliquez ici <strong>: <a href=\"https:\/\/www.o-p-i.fr\/parlonsen\/wp-content\/uploads\/n\u00b091-SeptOct-2020.pdf\">n\u00b091 SeptOct 2020<\/a><\/strong><\/p>\r\n<div><em>Information communiqu\u00e9e par Guy ROUMAGNAC<\/em><\/div>\r\n<div><!-- \/wp:post-content -->\r\n\r\n<!-- wp:paragraph --><a href=\"https:\/\/www.o-p-i.fr\/parlonsen\/agenda\/\">Retrouvez tous les \u00e9v\u00e9nements dans l&rsquo;agenda !<\/a><\/div>","protected":false},"excerpt":{"rendered":"<div class=\"mh-excerpt\">Cin\u00e9Monclar propose:<\/div>\n","protected":false},"author":4,"featured_media":0,"comment_status":"open","ping_status":"open","sticky":false,"template":"","format":"standard","meta":{"om_disable_all_campaigns":false,"advanced_seo_description":"","jetpack_seo_html_title":"","jetpack_seo_noindex":false,"_jetpack_memberships_contains_paid_content":false,"footnotes":"","_links_to":"","_links_to_target":""},"categories":[52,16,54,4007,4056],"tags":[143,1766,1768,1833,3057],"class_list":{"0":"post-46006","1":"post","2":"type-post","3":"status-publish","4":"format-standard","6":"category-parlons-en","7":"category-monclar","8":"category-loisirs","9":"category-n-174-septembre-2020","10":"category-n-175-octobre-2020-2","11":"tag-monclar-de-quercy","12":"tag-cinema","13":"tag-cinemonclar","14":"tag-programme-cinema","15":"tag-bandes-annonces"},"jetpack_featured_media_url":"","views":{"total":0,"cached_at":"","cached_date":1738289721},"jetpack_likes_enabled":true,"jetpack_sharing_enabled":true,"jetpack_shortlink":"https:\/\/wp.me\/pg7Wxj-bY2","jetpack-related-posts":[],"_links":{"self":[{"href":"https:\/\/www.o-p-i.fr\/parlonsen\/wp-json\/wp\/v2\/posts\/46006","targetHints":{"allow":["GET"]}}],"collection":[{"href":"https:\/\/www.o-p-i.fr\/parlonsen\/wp-json\/wp\/v2\/posts"}],"about":[{"href":"https:\/\/www.o-p-i.fr\/parlonsen\/wp-json\/wp\/v2\/types\/post"}],"author":[{"embeddable":true,"href":"https:\/\/www.o-p-i.fr\/parlonsen\/wp-json\/wp\/v2\/users\/4"}],"replies":[{"embeddable":true,"href":"https:\/\/www.o-p-i.fr\/parlonsen\/wp-json\/wp\/v2\/comments?post=46006"}],"version-history":[{"count":1,"href":"https:\/\/www.o-p-i.fr\/parlonsen\/wp-json\/wp\/v2\/posts\/46006\/revisions"}],"predecessor-version":[{"id":67369,"href":"https:\/\/www.o-p-i.fr\/parlonsen\/wp-json\/wp\/v2\/posts\/46006\/revisions\/67369"}],"wp:attachment":[{"href":"https:\/\/www.o-p-i.fr\/parlonsen\/wp-json\/wp\/v2\/media?parent=46006"}],"wp:term":[{"taxonomy":"category","embeddable":true,"href":"https:\/\/www.o-p-i.fr\/parlonsen\/wp-json\/wp\/v2\/categories?post=46006"},{"taxonomy":"post_tag","embeddable":true,"href":"https:\/\/www.o-p-i.fr\/parlonsen\/wp-json\/wp\/v2\/tags?post=46006"}],"curies":[{"name":"wp","href":"https:\/\/api.w.org\/{rel}","templated":true}]}}