{"id":46059,"date":"2020-09-17T13:04:14","date_gmt":"2020-09-17T12:04:14","guid":{"rendered":"https:\/\/www.o-p-i.fr\/parlonsen\/?p=46059"},"modified":"2020-09-17T13:04:14","modified_gmt":"2020-09-17T12:04:14","slug":"la-soupe-populaire-participative-a-cordes-81","status":"publish","type":"post","link":"https:\/\/www.o-p-i.fr\/parlonsen\/parlons-en\/pratique\/la-soupe-populaire-participative-a-cordes-81\/","title":{"rendered":"La Soupe populaire participative&#8230; \u00e0 Cordes (81)"},"content":{"rendered":"<p>ou auberge cordaise ! <strong>Tous les samedis \u00e0 partir de 12h.30.<\/strong><!--more--><img data-recalc-dims=\"1\" loading=\"lazy\" decoding=\"async\" class=\"alignright wp-image-46060\" src=\"https:\/\/i0.wp.com\/www.o-p-i.fr\/parlonsen\/wp-content\/uploads\/auberge.jpg?resize=550%2C210&#038;ssl=1\" alt=\"\" width=\"550\" height=\"210\" srcset=\"https:\/\/i0.wp.com\/www.o-p-i.fr\/parlonsen\/wp-content\/uploads\/auberge.jpg?w=340&amp;ssl=1 340w, https:\/\/i0.wp.com\/www.o-p-i.fr\/parlonsen\/wp-content\/uploads\/auberge.jpg?resize=300%2C115&amp;ssl=1 300w, https:\/\/i0.wp.com\/www.o-p-i.fr\/parlonsen\/wp-content\/uploads\/auberge.jpg?resize=150%2C57&amp;ssl=1 150w\" sizes=\"auto, (max-width: 550px) 100vw, 550px\" \/>Voulez\u00advous partager un moment de convivialit\u00e9 et d&rsquo;\u00e9changes informels autour d&rsquo;une table avec une bonne assiette de soupe et des visages connus ou inconnus ?<br \/>\nSi c&rsquo;est le cas, cela est d\u00e9sormais possible \u00e0 Cordes sur Ciel, tous les samedis \u00e0 partir de 12h30\u00ad13h. Pas besoin de montrer patte blanche ni monnaie tr\u00e9buchante, il suffit de venir avec sa bonne humeur et un compl\u00e9ment, c&rsquo;est l&rsquo;auberge cordaise (on apporte un plat chaud ou froid, du fromage, du vin, un dessert bref, ce que vous voulez&#8230;) pour ce repas \u00e0 partager ainsi qu&rsquo;une buche de bois si vous en avez (pour la chemin\u00e9e les jours d&rsquo;hiver)).<\/p>\n<h4>Comment \u00e7a fonctionne ?<\/h4>\n<p>La soupe c&rsquo;est la base de ce \u00ab\u00a0pot commun\u00a0\u00bb (on peut en faire en toute saison, chaude ou froide). Elle est pr\u00e9par\u00e9e \u00e0 tour de r\u00f4le par une ou plusieurs personnes \u00e0 La table de la rue sans nom ou chez vous. Vous vous inscrivez sur le calendrier pr\u00e9vu \u00e0 cet effet \u00e0 la date qui vous convient, je me charge de relancer les bonnes volont\u00e9s pour que le calendrier se remplisse au fur et \u00e0 mesure.<br \/>\nPas besoin de s&rsquo;inscrire \u00e0 l&rsquo;avance pour partager le repas, on partage ce que l&rsquo;on a et on se serrera s&rsquo;il y a beaucoup de monde, pas besoin non plus d&rsquo;amener ses couverts, \u00e0 priori on a ce qu&rsquo;il faut sur place.<\/p>\n<h4>\n\u00c7a se passe o\u00f9 ? :<\/h4>\n<p>\u00e0 Cordes il y a une rue sans nom, \u00e7a para\u00eet bizarre mais pourtant \u00e7a existe bel et bien, une petite rue sans nom ni num\u00e9ro, une rue qui commence \u00e0 angle droit avec la Grand rue de l&rsquo;Horloge et tourne ensuite pour rejoindre la Rue de la Lanterne. Le lieu a \u00e9t\u00e9 baptis\u00e9 \u00ab La Table de la rue sans nom \u00bb.<br \/>\nL&rsquo;avantage d&rsquo;une rue sans nom c&rsquo;est qu&rsquo;elle offre tous les possibles&#8230;<br \/>\nPour se rendre dans ce lieu il suffit d&rsquo;atteindre le 12 Grand rue de l&rsquo;horloge (il para\u00eet qu&rsquo;il y a un tourneur sur bois \u00e0 cette adresse ?) puis prendre \u00e0 droite et faire 5m, entrez par la porte vitr\u00e9e qui s&rsquo;y trouve. Au del\u00e0 de 50 personnes on squatte la rue&#8230;C&rsquo;est pas un commerce,\u00a0 mais un lieu pour refaire le monde, qui sait ?<br \/>\nQuelques contacts :<br \/>\nClaude<br \/>\n05 63 47 15 16<br \/>\nMartine<br \/>\n05 63 56 27 46<br \/>\nMichel<br \/>\n06 81 03 40 56<\/p>\n<p>Information communiqu\u00e9e par Michel<\/p>\n<p><a href=\"http:\/\/www.o-p-i.fr\/parlonsen\/agenda\/\">Retrouvez tous les \u00e9v\u00e9nements dans l&rsquo;agenda !<\/a><\/p>\n","protected":false},"excerpt":{"rendered":"<div class=\"mh-excerpt\">ou auberge cordaise ! Tous les samedis \u00e0 partir de 12h.30.<\/div>\n","protected":false},"author":4,"featured_media":0,"comment_status":"open","ping_status":"open","sticky":false,"template":"","format":"standard","meta":{"om_disable_all_campaigns":false,"advanced_seo_description":"","jetpack_seo_html_title":"","jetpack_seo_noindex":false,"_jetpack_memberships_contains_paid_content":false,"footnotes":"","_links_to":"","_links_to_target":""},"categories":[42,54,6,4007],"tags":[2038,2097,4066],"class_list":{"0":"post-46059","1":"post","2":"type-post","3":"status-publish","4":"format-standard","6":"category-a-cote-de-chez-nous","7":"category-loisirs","8":"category-pratique","9":"category-n-174-septembre-2020","10":"tag-auberge-espagnole","11":"tag-cordes-sur-ciel","12":"tag-soupe"},"jetpack_featured_media_url":"","views":{"total":0,"cached_at":"","cached_date":1738347284},"jetpack_likes_enabled":true,"jetpack_sharing_enabled":true,"jetpack_shortlink":"https:\/\/wp.me\/pg7Wxj-bYT","jetpack-related-posts":[],"_links":{"self":[{"href":"https:\/\/www.o-p-i.fr\/parlonsen\/wp-json\/wp\/v2\/posts\/46059","targetHints":{"allow":["GET"]}}],"collection":[{"href":"https:\/\/www.o-p-i.fr\/parlonsen\/wp-json\/wp\/v2\/posts"}],"about":[{"href":"https:\/\/www.o-p-i.fr\/parlonsen\/wp-json\/wp\/v2\/types\/post"}],"author":[{"embeddable":true,"href":"https:\/\/www.o-p-i.fr\/parlonsen\/wp-json\/wp\/v2\/users\/4"}],"replies":[{"embeddable":true,"href":"https:\/\/www.o-p-i.fr\/parlonsen\/wp-json\/wp\/v2\/comments?post=46059"}],"version-history":[{"count":0,"href":"https:\/\/www.o-p-i.fr\/parlonsen\/wp-json\/wp\/v2\/posts\/46059\/revisions"}],"wp:attachment":[{"href":"https:\/\/www.o-p-i.fr\/parlonsen\/wp-json\/wp\/v2\/media?parent=46059"}],"wp:term":[{"taxonomy":"category","embeddable":true,"href":"https:\/\/www.o-p-i.fr\/parlonsen\/wp-json\/wp\/v2\/categories?post=46059"},{"taxonomy":"post_tag","embeddable":true,"href":"https:\/\/www.o-p-i.fr\/parlonsen\/wp-json\/wp\/v2\/tags?post=46059"}],"curies":[{"name":"wp","href":"https:\/\/api.w.org\/{rel}","templated":true}]}}