{"id":46062,"date":"2020-09-17T18:45:46","date_gmt":"2020-09-17T17:45:46","guid":{"rendered":"https:\/\/www.o-p-i.fr\/parlonsen\/?p=46062"},"modified":"2020-09-17T19:47:10","modified_gmt":"2020-09-17T18:47:10","slug":"accordeon-musette-a-salvagnac","status":"publish","type":"post","link":"https:\/\/www.o-p-i.fr\/parlonsen\/parlons-en\/pratique\/accordeon-musette-a-salvagnac\/","title":{"rendered":"Accord\u00e9on musette &#8230; \u00e0 Salvagnac"},"content":{"rendered":"<p><strong>Dimanche 20 septembre 2020<\/strong> \u00e0 12h, \u00e0 La Guinguette<!--more--><\/p>\n<p><img data-recalc-dims=\"1\" loading=\"lazy\" decoding=\"async\" class=\"alignright size-medium wp-image-46072\" src=\"https:\/\/i0.wp.com\/www.o-p-i.fr\/parlonsen\/wp-content\/uploads\/Andr%C3%A9.jpg?resize=133%2C300&#038;ssl=1\" alt=\"\" width=\"133\" height=\"300\" srcset=\"https:\/\/i0.wp.com\/www.o-p-i.fr\/parlonsen\/wp-content\/uploads\/Andr%C3%A9.jpg?resize=133%2C300&amp;ssl=1 133w, https:\/\/i0.wp.com\/www.o-p-i.fr\/parlonsen\/wp-content\/uploads\/Andr%C3%A9.jpg?resize=66%2C150&amp;ssl=1 66w, https:\/\/i0.wp.com\/www.o-p-i.fr\/parlonsen\/wp-content\/uploads\/Andr%C3%A9.jpg?w=283&amp;ssl=1 283w\" sizes=\"auto, (max-width: 133px) 100vw, 133px\" \/><\/p>\n<p>Accord\u00e9on musette \u00e0 la guinguette de Salvagnac<\/p>\n<p>Dimanche prochain le 20 Septembre la guinguette de Salvagnac recommence son repas musette \u00e0 partir de 12H00<br \/>\nPr\u00e9par\u00e9 exclusivement avec des produits du terroir pour 22 \u20ac<br \/>\nAvec <a href=\"http:\/\/orchestreericandre.fr\/accueil\" target=\"_blank\" rel=\"noopener noreferrer\">Eric Andr\u00e9 de Cordes sur ciel<\/a> accord\u00e9oniste chanteur et animateur plus d&rsquo;info sur son site orchestreericandre.fr.<br \/>\nVous pouvez aussi profiter de l&rsquo;apr\u00e8s-midi musette en venant juste apr\u00e8s le repas pour boire un verre et \u00e9couter la musique.<\/p>\n<p>L&rsquo;ambiance est sympathique et d\u00e9contract\u00e9e, <span style=\"color: #ff0000;\">les mesures barri\u00e8res restant de rigueur, nous vous invitons \u00e0 porter le masque.<\/span> Le dimanche suivant le 27 Septembre la guinguette sera ferm\u00e9 exceptionnellement mais on vous propose pour remplacer cette date un 1er mercredi avec le repas musette et accord\u00e9on le 23 Septembre repas toujours \u00e0 22 \u20ac<\/p>\n<p>Renseignement et r\u00e9servation, contacter \u00ab\u00a0la Guinguette de Salvagnac\u00a0\u00bb au 05 63 58 69 84<\/p>\n<p>La Guinguette du lac les Sourigous<br \/>\n81630 Salvagnac<\/p>\n<p><em>Information communiqu\u00e9e par l&rsquo;\u00e9quipe de La Guinguette<\/em><\/p>\n<p><a href=\"http:\/\/www.o-p-i.fr\/parlonsen\/agenda\/\">Retrouvez tous les \u00e9v\u00e9nements dans l&rsquo;agenda !<\/a><\/p>\n","protected":false},"excerpt":{"rendered":"<div class=\"mh-excerpt\">Dimanche 20 septembre 2020 \u00e0 12h, \u00e0 La Guinguette<\/div>\n","protected":false},"author":4,"featured_media":0,"comment_status":"open","ping_status":"open","sticky":false,"template":"","format":"standard","meta":{"om_disable_all_campaigns":false,"advanced_seo_description":"","jetpack_seo_html_title":"","jetpack_seo_noindex":false,"_jetpack_memberships_contains_paid_content":false,"footnotes":"","_links_to":"","_links_to_target":""},"categories":[52,54,6,25,4007],"tags":[2548,433,3085,3534],"class_list":{"0":"post-46062","1":"post","2":"type-post","3":"status-publish","4":"format-standard","6":"category-parlons-en","7":"category-loisirs","8":"category-pratique","9":"category-salvagnac","10":"category-n-174-septembre-2020","11":"tag-salvagnac","12":"tag-la-guinguette","13":"tag-musette","14":"tag-repas-anime"},"jetpack_featured_media_url":"","views":{"total":0,"cached_at":"","cached_date":1738461054},"jetpack_likes_enabled":true,"jetpack_sharing_enabled":true,"jetpack_shortlink":"https:\/\/wp.me\/pg7Wxj-bYW","jetpack-related-posts":[],"_links":{"self":[{"href":"https:\/\/www.o-p-i.fr\/parlonsen\/wp-json\/wp\/v2\/posts\/46062","targetHints":{"allow":["GET"]}}],"collection":[{"href":"https:\/\/www.o-p-i.fr\/parlonsen\/wp-json\/wp\/v2\/posts"}],"about":[{"href":"https:\/\/www.o-p-i.fr\/parlonsen\/wp-json\/wp\/v2\/types\/post"}],"author":[{"embeddable":true,"href":"https:\/\/www.o-p-i.fr\/parlonsen\/wp-json\/wp\/v2\/users\/4"}],"replies":[{"embeddable":true,"href":"https:\/\/www.o-p-i.fr\/parlonsen\/wp-json\/wp\/v2\/comments?post=46062"}],"version-history":[{"count":0,"href":"https:\/\/www.o-p-i.fr\/parlonsen\/wp-json\/wp\/v2\/posts\/46062\/revisions"}],"wp:attachment":[{"href":"https:\/\/www.o-p-i.fr\/parlonsen\/wp-json\/wp\/v2\/media?parent=46062"}],"wp:term":[{"taxonomy":"category","embeddable":true,"href":"https:\/\/www.o-p-i.fr\/parlonsen\/wp-json\/wp\/v2\/categories?post=46062"},{"taxonomy":"post_tag","embeddable":true,"href":"https:\/\/www.o-p-i.fr\/parlonsen\/wp-json\/wp\/v2\/tags?post=46062"}],"curies":[{"name":"wp","href":"https:\/\/api.w.org\/{rel}","templated":true}]}}