{"id":46071,"date":"2020-09-17T19:29:16","date_gmt":"2020-09-17T18:29:16","guid":{"rendered":"https:\/\/www.o-p-i.fr\/parlonsen\/?p=46071"},"modified":"2020-09-17T22:39:12","modified_gmt":"2020-09-17T21:39:12","slug":"atelier-de-dessin-a-saint-antonin-noble-val","status":"publish","type":"post","link":"https:\/\/www.o-p-i.fr\/parlonsen\/parlons-en\/culture\/atelier-de-dessin-a-saint-antonin-noble-val\/","title":{"rendered":"Atelier de dessin&#8230; \u00e0 Saint Antonin Noble Val (82)"},"content":{"rendered":"<p><strong>Samedi 26 septembre 2020<\/strong>, \u00e0 10h. \u00e0 la librairie \u00ab\u00a0Le Tracteur Savant\u00a0\u00bb<!--more--><\/p>\n<p><img data-recalc-dims=\"1\" loading=\"lazy\" decoding=\"async\" class=\"alignright size-medium wp-image-46074\" src=\"https:\/\/i0.wp.com\/www.o-p-i.fr\/parlonsen\/wp-content\/uploads\/friman.jpg?resize=217%2C300&#038;ssl=1\" alt=\"\" width=\"217\" height=\"300\" srcset=\"https:\/\/i0.wp.com\/www.o-p-i.fr\/parlonsen\/wp-content\/uploads\/friman.jpg?resize=217%2C300&amp;ssl=1 217w, https:\/\/i0.wp.com\/www.o-p-i.fr\/parlonsen\/wp-content\/uploads\/friman.jpg?resize=109%2C150&amp;ssl=1 109w, https:\/\/i0.wp.com\/www.o-p-i.fr\/parlonsen\/wp-content\/uploads\/friman.jpg?w=340&amp;ssl=1 340w\" sizes=\"auto, (max-width: 217px) 100vw, 217px\" \/>Dans le cadre d\u2019un partenariat avec l\u2019association REEL, Mathias FRIMAN nous fait le plaisir de proposer un atelier pour petits et grands.<\/p>\n<p>Mathias Friman est auteur illustrateur. Il a \u00e9tudi\u00e9 \u00e0 l\u2019Ecole Nationale des Beaux-Arts. Il a \u00e9t\u00e9 laur\u00e9at en 2015 du concours \u00abdes parents, des b\u00e9b\u00e9s, un livre\u00bb, avec \u00abLe petit cam\u00e9l\u00e9on\u00bb, un album \u00e9crit par Caroline Pellissier.<br \/>\nMathias Friman aime observer la vie sur la terre, la dessiner, faire partager ce qu\u2019il a vu, compris. Ce qui l\u2019a \u00e9mu, aussi. Dans l\u2019espace blanc de sa page, on trouve finesse et force de son trait au crayon graphite, proche du dessin naturaliste ; des touches d\u2019une seule couleur, \u00e0 la fois tendres et \u00e9clatantes. Ses livres respirent, parlent, peupl\u00e9s d\u2019animaux et de v\u00e9g\u00e9taux qui nous content leurs histoires naturelles belles et vraies.<\/p>\n<p>Cet atelier s\u2019adresse \u00e0 tout public (enfants\/adultes) et <strong><span style=\"color: #ff0000;\">est accessible uniquement sur r\u00e9servation<\/span> <\/strong>\u00e0 <a href=\"mailto:letracteursavant@gmail.com\" target=\"_blank\" rel=\"noopener noreferrer\">letracteursavant@gmail.com<\/a><\/p>\n<p>L&rsquo;atelier est gratuit, sur r\u00e9servation uniquement et sera suivi d&rsquo;une d\u00e9dicace.<\/p>\n<p><strong><a href=\"http:\/\/www.letracteursavant.fr\" target=\"_blank\" rel=\"noopener noreferrer\">Librairie Le Tracteur Savant<\/a><\/strong><br \/>\n3, place de la Halle<br \/>\n82140 Saint-Antonin-Noble-Val<br \/>\n07 82 55 72 27<\/p>\n<p><em>Information communiqu\u00e9e par\u00a0Les conductrices du Tracteur<\/em><\/p>\n<p><a href=\"http:\/\/www.o-p-i.fr\/parlonsen\/agenda\/\">Retrouvez tous les \u00e9v\u00e9nements dans l&rsquo;agenda !<\/a><\/p>\n","protected":false},"excerpt":{"rendered":"<div class=\"mh-excerpt\">Samedi 26 septembre 2020, \u00e0 10h. \u00e0 la librairie \u00ab\u00a0Le Tracteur Savant\u00a0\u00bb<\/div>\n","protected":false},"author":4,"featured_media":0,"comment_status":"open","ping_status":"open","sticky":false,"template":"","format":"standard","meta":{"om_disable_all_campaigns":false,"advanced_seo_description":"","jetpack_seo_html_title":"","jetpack_seo_noindex":false,"_jetpack_memberships_contains_paid_content":false,"footnotes":"","_links_to":"","_links_to_target":""},"categories":[42,1,725,4007],"tags":[2671,2701,3196],"class_list":{"0":"post-46071","1":"post","2":"type-post","3":"status-publish","4":"format-standard","6":"category-a-cote-de-chez-nous","7":"category-culture","8":"category-formation-parlons-en","9":"category-n-174-septembre-2020","10":"tag-atelier-de-dessin","11":"tag-le-tracteur-savant","12":"tag-saint-antonin"},"jetpack_featured_media_url":"","views":{"total":3,"cached_at":"","cached_date":1738464403},"jetpack_likes_enabled":true,"jetpack_sharing_enabled":true,"jetpack_shortlink":"https:\/\/wp.me\/pg7Wxj-bZ5","jetpack-related-posts":[],"_links":{"self":[{"href":"https:\/\/www.o-p-i.fr\/parlonsen\/wp-json\/wp\/v2\/posts\/46071","targetHints":{"allow":["GET"]}}],"collection":[{"href":"https:\/\/www.o-p-i.fr\/parlonsen\/wp-json\/wp\/v2\/posts"}],"about":[{"href":"https:\/\/www.o-p-i.fr\/parlonsen\/wp-json\/wp\/v2\/types\/post"}],"author":[{"embeddable":true,"href":"https:\/\/www.o-p-i.fr\/parlonsen\/wp-json\/wp\/v2\/users\/4"}],"replies":[{"embeddable":true,"href":"https:\/\/www.o-p-i.fr\/parlonsen\/wp-json\/wp\/v2\/comments?post=46071"}],"version-history":[{"count":0,"href":"https:\/\/www.o-p-i.fr\/parlonsen\/wp-json\/wp\/v2\/posts\/46071\/revisions"}],"wp:attachment":[{"href":"https:\/\/www.o-p-i.fr\/parlonsen\/wp-json\/wp\/v2\/media?parent=46071"}],"wp:term":[{"taxonomy":"category","embeddable":true,"href":"https:\/\/www.o-p-i.fr\/parlonsen\/wp-json\/wp\/v2\/categories?post=46071"},{"taxonomy":"post_tag","embeddable":true,"href":"https:\/\/www.o-p-i.fr\/parlonsen\/wp-json\/wp\/v2\/tags?post=46071"}],"curies":[{"name":"wp","href":"https:\/\/api.w.org\/{rel}","templated":true}]}}