{"id":46121,"date":"2020-09-24T09:20:26","date_gmt":"2020-09-24T08:20:26","guid":{"rendered":"https:\/\/www.o-p-i.fr\/parlonsen\/?p=46121"},"modified":"2020-09-24T09:20:26","modified_gmt":"2020-09-24T08:20:26","slug":"matinees-bien-etre-a-vaour-81","status":"publish","type":"post","link":"https:\/\/www.o-p-i.fr\/parlonsen\/parlons-en\/pratique\/matinees-bien-etre-a-vaour-81\/","title":{"rendered":"Matin\u00e9es Bien-\u00catre&#8230;\u00e0 Vaour (81)"},"content":{"rendered":"<p><strong>Jeudi 8 octobre 2020<\/strong>, \u00e0 la Friperie.<!--more--><\/p>\n<p><img data-recalc-dims=\"1\" loading=\"lazy\" decoding=\"async\" class=\"alignright size-full wp-image-46122\" src=\"https:\/\/i0.wp.com\/www.o-p-i.fr\/parlonsen\/wp-content\/uploads\/Coiffeuse.jpg?resize=340%2C255&#038;ssl=1\" alt=\"\" width=\"340\" height=\"255\" srcset=\"https:\/\/i0.wp.com\/www.o-p-i.fr\/parlonsen\/wp-content\/uploads\/Coiffeuse.jpg?w=340&amp;ssl=1 340w, https:\/\/i0.wp.com\/www.o-p-i.fr\/parlonsen\/wp-content\/uploads\/Coiffeuse.jpg?resize=300%2C225&amp;ssl=1 300w, https:\/\/i0.wp.com\/www.o-p-i.fr\/parlonsen\/wp-content\/uploads\/Coiffeuse.jpg?resize=150%2C113&amp;ssl=1 150w\" sizes=\"auto, (max-width: 340px) 100vw, 340px\" \/>Matin\u00e9es Bien-\u00catre \u00e0 la Friperie de Vaour<br \/>\nC&rsquo;est reparti avec Laura, coiffeuse \u00e0 domicile, qui s&rsquo;installera, pour la matin\u00e9e, un jeudi par mois, au 1er \u00e9tage de la friperie de Vaour, de 10h \u00e0 12h30. Au programme: petit caf\u00e9, biscuits, essayage de v\u00eatements, coupe, teinture, brushing et discussions d\u00e9brid\u00e9es.<br \/>\n<strong>Tarifs<\/strong> :<\/p>\n<ul>\n<li>shampoing coupe coiffage 30\u20ac,<\/li>\n<li>shampoing couleur coiffage 35\u20ac,<\/li>\n<li>brushing 15\u20ac,<\/li>\n<li>coupe enfant 10 \u00e0 16\u20ac,<\/li>\n<li>homme 15\u20ac.<\/li>\n<\/ul>\n<p><strong>Dates<\/strong> :<\/p>\n<ul>\n<li>Jeudi 8 octobre 2020<\/li>\n<li>Jeudi 12 novembre 2020<\/li>\n<li>Jeudi 17 d\u00e9cembre 2020<\/li>\n<\/ul>\n<p>De 10h \u00e0 12h30. Rendez-vous : 06 95 37 78 52.<\/p>\n<p><em>Information communiqu\u00e9e par Familles Rurales du Cause<\/em><\/p>\n<p><a href=\"http:\/\/www.o-p-i.fr\/parlonsen\/agenda\/\">Retrouvez tous les \u00e9v\u00e9nements dans l&rsquo;agenda !<\/a><\/p>\n","protected":false},"excerpt":{"rendered":"<div class=\"mh-excerpt\">Jeudi 8 octobre 2020, \u00e0 la Friperie.<\/div>\n","protected":false},"author":4,"featured_media":0,"comment_status":"open","ping_status":"open","sticky":false,"template":"","format":"standard","meta":{"om_disable_all_campaigns":false,"advanced_seo_description":"","jetpack_seo_html_title":"","jetpack_seo_noindex":false,"_jetpack_memberships_contains_paid_content":false,"footnotes":"","_links_to":"","_links_to_target":""},"categories":[51,42,6,4056],"tags":[187,310,3584,4076],"class_list":{"0":"post-46121","1":"post","2":"type-post","3":"status-publish","4":"format-standard","6":"category-artisanat","7":"category-a-cote-de-chez-nous","8":"category-pratique","9":"category-n-175-octobre-2020-2","10":"tag-vaour","11":"tag-friperie","12":"tag-familles-rurales-du-causse","13":"tag-coiffeuse"},"jetpack_featured_media_url":"","views":{"total":5,"cached_at":"","cached_date":1738215539},"jetpack_likes_enabled":true,"jetpack_sharing_enabled":true,"jetpack_shortlink":"https:\/\/wp.me\/pg7Wxj-bZT","jetpack-related-posts":[],"_links":{"self":[{"href":"https:\/\/www.o-p-i.fr\/parlonsen\/wp-json\/wp\/v2\/posts\/46121","targetHints":{"allow":["GET"]}}],"collection":[{"href":"https:\/\/www.o-p-i.fr\/parlonsen\/wp-json\/wp\/v2\/posts"}],"about":[{"href":"https:\/\/www.o-p-i.fr\/parlonsen\/wp-json\/wp\/v2\/types\/post"}],"author":[{"embeddable":true,"href":"https:\/\/www.o-p-i.fr\/parlonsen\/wp-json\/wp\/v2\/users\/4"}],"replies":[{"embeddable":true,"href":"https:\/\/www.o-p-i.fr\/parlonsen\/wp-json\/wp\/v2\/comments?post=46121"}],"version-history":[{"count":0,"href":"https:\/\/www.o-p-i.fr\/parlonsen\/wp-json\/wp\/v2\/posts\/46121\/revisions"}],"wp:attachment":[{"href":"https:\/\/www.o-p-i.fr\/parlonsen\/wp-json\/wp\/v2\/media?parent=46121"}],"wp:term":[{"taxonomy":"category","embeddable":true,"href":"https:\/\/www.o-p-i.fr\/parlonsen\/wp-json\/wp\/v2\/categories?post=46121"},{"taxonomy":"post_tag","embeddable":true,"href":"https:\/\/www.o-p-i.fr\/parlonsen\/wp-json\/wp\/v2\/tags?post=46121"}],"curies":[{"name":"wp","href":"https:\/\/api.w.org\/{rel}","templated":true}]}}