{"id":46185,"date":"2020-10-01T22:43:55","date_gmt":"2020-10-01T21:43:55","guid":{"rendered":"https:\/\/www.o-p-i.fr\/parlonsen\/?p=46185"},"modified":"2020-10-01T22:44:52","modified_gmt":"2020-10-01T21:44:52","slug":"joce-chansons-a-voir-les-cabannes-81","status":"publish","type":"post","link":"https:\/\/www.o-p-i.fr\/parlonsen\/localisation\/a-cote-de-chez-nous\/joce-chansons-a-voir-les-cabannes-81\/","title":{"rendered":"JOCE \u00ab\u00a0Chansons \u00e0 voir\u00a0\u00bb&#8230; Les Cabannes (81)"},"content":{"rendered":"<p><strong>Samedi\u00a0 3 octobre 2020<\/strong> \u00e0 20h30, sur la sc\u00e8ne du Colombier.<!--more--><br \/>\n<img data-recalc-dims=\"1\" loading=\"lazy\" decoding=\"async\" class=\"alignleft size-full wp-image-46187\" src=\"https:\/\/i0.wp.com\/www.o-p-i.fr\/parlonsen\/wp-content\/uploads\/Joce.jpg?resize=425%2C424&#038;ssl=1\" alt=\"\" width=\"425\" height=\"424\" srcset=\"https:\/\/i0.wp.com\/www.o-p-i.fr\/parlonsen\/wp-content\/uploads\/Joce.jpg?w=425&amp;ssl=1 425w, https:\/\/i0.wp.com\/www.o-p-i.fr\/parlonsen\/wp-content\/uploads\/Joce.jpg?resize=150%2C150&amp;ssl=1 150w, https:\/\/i0.wp.com\/www.o-p-i.fr\/parlonsen\/wp-content\/uploads\/Joce.jpg?resize=300%2C300&amp;ssl=1 300w, https:\/\/i0.wp.com\/www.o-p-i.fr\/parlonsen\/wp-content\/uploads\/Joce.jpg?resize=400%2C399&amp;ssl=1 400w\" sizes=\"auto, (max-width: 425px) 100vw, 425px\" \/><strong>JOCE \u00ab\u00a0Chansons \u00e0 voir\u00a0\u00bb<\/strong> Compagnie Les Petites Notes<br \/>\nNous avions d\u00e9j\u00e0 appr\u00e9ci\u00e9 ses grandes qualit\u00e9s d&rsquo;interpr\u00e8te lors de la soir\u00e9e organis\u00e9e au Colombier par la Ligue contre le cancer, en d\u00e9cembre 2018. Nous avions tr\u00e8s envie de retrouver sa voix m\u00e9lodieuse qu&rsquo;elle sait rendre douce et c\u00e2line quand il s&rsquo;agit d&rsquo;amour, ou endiabl\u00e9e quand elle interpr\u00e8te les r\u00e9voltes de L\u00e9o Ferr\u00e9 !<br \/>\nElle sera accompagn\u00e9e par l&rsquo;excellent pianiste et compositeur Benjamin Barria, originaire de Cordes sur Ciel.<br \/>\nUne tr\u00e8s jolie soir\u00e9e en perspective qui ravira les amateurs de chansons fran\u00e7aises !<\/p>\n<h4>Concert<\/h4>\n<p>Joce chante depuis toujours la chanson fran\u00e7aise intimiste. C\u2019est une interpr\u00e8te g\u00e9n\u00e9reuse au service des \u00e9motions ; elle y met sa force et son exp\u00e9rience. Sa voix singuli\u00e8re et ses interpr\u00e9tations font d\u2019elle, une artiste \u00ab qu\u2019on n\u2019oublie pas \u00bb. Avec Benjamin Barria au piano, Joce vous conte un quotidien o\u00f9 les \u00ab\u00a0vers\u00a0\u00bb s&rsquo;entrechoquent\u2026Ind\u00e9pendamment de son r\u00e9pertoire personnel, elle reprend quelques auteurs classiques et contemporains (Allain Leprest, Georges Brassens, Barbara ou encore Juliette, Yves Jamait, Barbara Weldens, Lynda Lemay\u2026). Une \u00e9nergie contagieuse ! De la chanson 100 % fran\u00e7aise, avec de jolis textes inclassables, et de l\u2019inattendu\u2026 Pas de genre, pas de style, et pourtant tout est singulier, en toute simplicit\u00e9\u2026<\/p>\n<p>Dur\u00e9e : 1h30 Tout public<br \/>\nTarifs : 12 \u20ac &#8211; 10 \u20ac &#8211; 5 \u20ac<\/p>\n<p>Le nombre de places \u00e9tant limit\u00e9 (mesures sanitaires obligent), nous vous conseillons vivement de r\u00e9server vos places au plus vite,<br \/>\npar t\u00e9l\u00e9phone au 07 83 26 33 11 ou par mail : <a href=\"mailto:contact@theatrelecolombier.fr\" target=\"_blank\" rel=\"noopener noreferrer\">contact@theatrelecolombier.fr<\/a><\/p>\n<p>Mesures sanitaires \u00e0 respecter dans le th\u00e9\u00e2tre :<\/p>\n<p><span style=\"color: #ff0000;\">Le port du masque est obligatoire y compris durant le concert. Cette obligation concerne tous les spectateurs \u00e0 partir de 11 ans.<\/span><br \/>\n<span style=\"color: #ff0000;\">La distanciation physique d&rsquo;un m\u00e8tre minimum est impos\u00e9e : un si\u00e8ge sur deux, sauf pour les couples ou groupes d&rsquo;ami(e)s.<\/span><\/p>\n<p>Vous aimeriez nous rencontrer ? parler avec nous ? devenir b\u00e9n\u00e9vole ?<br \/>\nVous pouvez nous t\u00e9l\u00e9phoner (07 83 26 33 11) ou nous envoyer un mail \u00e0 l\u2019adresse suivante : <a href=\"mailto:contact@theatrelecolombier.fr\" target=\"_blank\" rel=\"noopener noreferrer\">contact@theatrelecolombier.fr<\/a><\/p>\n<p>Vous pouvez aussi nous \u00e9crire :<\/p>\n<p>Th\u00e9\u00e2tre le Colombier<br \/>\n8, rue des Tannneries<br \/>\n81170 Les Cabannes<\/p>\n<p><em>Information communiqu\u00e9e par l&rsquo;\u00e9quipe du Colombier<\/em><\/p>\n<p><a href=\"http:\/\/www.o-p-i.fr\/parlonsen\/agenda\/\">Retrouvez tous les \u00e9v\u00e9nements dans l&rsquo;agenda !<\/a><\/p>\n","protected":false},"excerpt":{"rendered":"<div class=\"mh-excerpt\">Samedi\u00a0 3 octobre 2020 \u00e0 20h30, sur la sc\u00e8ne du Colombier.<\/div>\n","protected":false},"author":4,"featured_media":0,"comment_status":"open","ping_status":"open","sticky":false,"template":"","format":"standard","meta":{"om_disable_all_campaigns":false,"advanced_seo_description":"","jetpack_seo_html_title":"","jetpack_seo_noindex":false,"_jetpack_memberships_contains_paid_content":false,"footnotes":"","_links_to":"","_links_to_target":""},"categories":[42,54,4056],"tags":[43,754,3055],"class_list":{"0":"post-46185","1":"post","2":"type-post","3":"status-publish","4":"format-standard","6":"category-a-cote-de-chez-nous","7":"category-loisirs","8":"category-n-175-octobre-2020-2","9":"tag-concert","10":"tag-les-cabannes","11":"tag-theatre-le-colombier"},"jetpack_featured_media_url":"","views":{"total":0,"cached_at":"","cached_date":1738527561},"jetpack_likes_enabled":true,"jetpack_sharing_enabled":true,"jetpack_shortlink":"https:\/\/wp.me\/pg7Wxj-c0V","jetpack-related-posts":[],"_links":{"self":[{"href":"https:\/\/www.o-p-i.fr\/parlonsen\/wp-json\/wp\/v2\/posts\/46185","targetHints":{"allow":["GET"]}}],"collection":[{"href":"https:\/\/www.o-p-i.fr\/parlonsen\/wp-json\/wp\/v2\/posts"}],"about":[{"href":"https:\/\/www.o-p-i.fr\/parlonsen\/wp-json\/wp\/v2\/types\/post"}],"author":[{"embeddable":true,"href":"https:\/\/www.o-p-i.fr\/parlonsen\/wp-json\/wp\/v2\/users\/4"}],"replies":[{"embeddable":true,"href":"https:\/\/www.o-p-i.fr\/parlonsen\/wp-json\/wp\/v2\/comments?post=46185"}],"version-history":[{"count":0,"href":"https:\/\/www.o-p-i.fr\/parlonsen\/wp-json\/wp\/v2\/posts\/46185\/revisions"}],"wp:attachment":[{"href":"https:\/\/www.o-p-i.fr\/parlonsen\/wp-json\/wp\/v2\/media?parent=46185"}],"wp:term":[{"taxonomy":"category","embeddable":true,"href":"https:\/\/www.o-p-i.fr\/parlonsen\/wp-json\/wp\/v2\/categories?post=46185"},{"taxonomy":"post_tag","embeddable":true,"href":"https:\/\/www.o-p-i.fr\/parlonsen\/wp-json\/wp\/v2\/tags?post=46185"}],"curies":[{"name":"wp","href":"https:\/\/api.w.org\/{rel}","templated":true}]}}