{"id":46211,"date":"2020-10-03T13:13:58","date_gmt":"2020-10-03T12:13:58","guid":{"rendered":"https:\/\/www.o-p-i.fr\/parlonsen\/?p=46211"},"modified":"2020-10-23T22:22:25","modified_gmt":"2020-10-23T21:22:25","slug":"cinemonclar-le-programme-du-vendredi-16-octobre-au-mardi-10-novembre-2020-a-monclar-de-quercy","status":"publish","type":"post","link":"https:\/\/www.o-p-i.fr\/parlonsen\/localisation\/au-pays-des-tescous\/monclar\/cinemonclar-le-programme-du-vendredi-16-octobre-au-mardi-10-novembre-2020-a-monclar-de-quercy\/","title":{"rendered":"Cin\u00e9Monclar, le programme du vendredi 16 octobre  au mardi 10 novembre 2020 ..\u00e0 Monclar de Quercy"},"content":{"rendered":"<p>Cin\u00e9Monclar propose: <!--more--><\/p>\r\n<h1><span style=\"color: #ff0000;\"><span style=\"font-size: small;\">Vous le savez, \u00e0 cause du couvre-feu dans notre d\u00e9partement, les sorties seront interdites, depuis le\u00a0 24 octobre minuit, apr\u00e8s 21h.<br \/><\/span><span style=\"font-size: small;\">Nos s\u00e9ances de la semaine, mardi et vendredi , seront, donc, avanc\u00e9es \u00e0 18h.<\/span><\/span><\/h1>\r\n<p><span style=\"color: #ff0000;\"><strong>Attention<\/strong> les horaires du dimanche ( 2\u00e8me s\u00e9ance) sont variables. <br \/><\/span><span style=\"color: #ff0000;\">Pensez aux pr\u00e9cautions sanitaires. <br \/>Passage \u00e0 \u00ab\u00a0L&rsquo;HEURE D&rsquo;HIVER\u00a0\u00bb le 27 octobre 2020<\/span><\/p>\r\n<ul>\r\n<li><strong>Vendredi 16 octobre 2020<\/strong> BOUTCHOU 21h .\u00a0 \u00a0 <em><a href=\"http:\/\/www.allocine.fr\/video\/player_gen_cmedia=19589296&amp;cfilm=272061.html\" target=\"_blank\" rel=\"noopener noreferrer\">Pour voir la bande annonce, cliquez ici<\/a><br \/><\/em><\/li>\r\n<li><del><span style=\"color: #ff0000;\"><strong>Samedi 17 octobre 2020\u00a0<\/strong> CINOCHE EN SHORT 18h.\u00a0<\/span><\/del><strong><span style=\"color: #ff0000;\"> \u00a0 ANNULE<\/span><\/strong><\/li>\r\n<li><strong>Dimanche 18 octobre 2020\u00a0<\/strong>\r\n<ul>\r\n<li>LE CORBEAU ET UN DR\u00d4LE DE MOINEAU 15h.\u00a0 <a href=\"http:\/\/www.allocine.fr\/video\/player_gen_cmedia=18747290&amp;cfilm=129907.html\" target=\"_blank\" rel=\"noopener noreferrer\"><em>Pour voir la bande annonce, cliquez ici\u00a0<\/em><\/a><\/li>\r\n<li>ADOLESCENTES 16h.\u00a0 <a href=\"http:\/\/www.allocine.fr\/video\/player_gen_cmedia=19586732&amp;cfilm=239054.html\" target=\"_blank\" rel=\"noopener noreferrer\"><em>Pour voir la bande annonce, cliquez ici <\/em><\/a><\/li>\r\n<\/ul>\r\n<\/li>\r\n<li><strong>Mardi 20 octobre 2020<\/strong> ANTIGONE (vo) 21h.\u00a0 <a href=\"http:\/\/www.allocine.fr\/video\/player_gen_cmedia=19587628&amp;cfilm=276600.html\" target=\"_blank\" rel=\"noopener noreferrer\"><em>Pour voir la bande annonce, cliquez ici <\/em><\/a><\/li>\r\n<li><strong>Vendredi 23 octobre 2020<\/strong>\u00a0 LES CHOSES QU&rsquo;ON DIT \u00a021h.\u00a0<a href=\"http:\/\/www.allocine.fr\/video\/player_gen_cmedia=19588818&amp;cfilm=278943.html\" target=\"_blank\" rel=\"noopener noreferrer\"> <em>Pour voir la bande annonce, cliquez ici <\/em><\/a><\/li>\r\n<li><strong>Dimanche 25 octobre 2020<\/strong>\r\n<ul>\r\n<li>BALADES SOUS LES ETOILES 15h.\u00a0 <a href=\"http:\/\/www.allocine.fr\/video\/player_gen_cmedia=19589064&amp;cfilm=283805.html\" target=\"_blank\" rel=\"noopener noreferrer\"><em>Pour voir la bande annonce, cliquez ici\u00a0<\/em><\/a><\/li>\r\n<li>LES APPARENCES 16h.\u00a0 <a href=\"http:\/\/www.allocine.fr\/video\/player_gen_cmedia=19586794&amp;cfilm=273261.html\" target=\"_blank\" rel=\"noopener noreferrer\"><em>Pour voir la bande annonce, cliquez ici <\/em><\/a><\/li>\r\n<\/ul>\r\n<\/li>\r\n<li><strong>Mardi 27 octobre 2020\u00a0<\/strong> ONDINE (vo) 18h.\u00a0 <a href=\"http:\/\/www.allocine.fr\/video\/player_gen_cmedia=19587787&amp;cfilm=271953.html\" target=\"_blank\" rel=\"noopener noreferrer\"><em>Pour voir la bande annonce, cliquez ici <\/em><\/a><\/li>\r\n<li><strong>Vendredi 30 octobre 2020<\/strong> BLACKBIRD 20h.30\u00a0 <a href=\"http:\/\/www.allocine.fr\/video\/player_gen_cmedia=19589687&amp;cfilm=266297.html\" target=\"_blank\" rel=\"noopener noreferrer\"><em>Pour voir la bande annonce, cliquez ici <\/em><\/a><\/li>\r\n<li><strong>Dimanche 1er novembre 2020<\/strong>\r\n<ul>\r\n<li>CALAMITY, UNE ENFANCE DE MARTHA JANE CANNARY 15h.\u00a0 <a href=\"http:\/\/www.allocine.fr\/video\/player_gen_cmedia=19588866&amp;cfilm=271607.html\" target=\"_blank\" rel=\"noopener noreferrer\"><em>Pour voir la bande annonce, cliquez ici\u00a0<\/em><\/a><\/li>\r\n<li>MON COUSIN 16h.45\u00a0 <a href=\"http:\/\/www.allocine.fr\/video\/player_gen_cmedia=19585699&amp;cfilm=271832.html\" target=\"_blank\" rel=\"noopener noreferrer\"><em>Pour voir la bande annonce, cliquez ici <\/em><\/a><\/li>\r\n<\/ul>\r\n<\/li>\r\n<li><strong>Mardi 3 novembre 2020<\/strong> UN PAYS QUI SE TIENT SAGE 18h.\u00a0 <a href=\"http:\/\/www.allocine.fr\/video\/player_gen_cmedia=19589747&amp;cfilm=283687.html\" target=\"_blank\" rel=\"noopener noreferrer\"><em>Pour voir la bande annonce, cliquez ici <\/em><\/a><\/li>\r\n<li><strong>Vendredi 6novembre 2020<\/strong>\u00a0 PARENTS D&rsquo;ELEVES 18h.\u00a0 <a href=\"http:\/\/www.allocine.fr\/video\/player_gen_cmedia=19589315&amp;cfilm=275121.html\" target=\"_blank\" rel=\"noopener noreferrer\"><em>Pour voir la bande annonce, cliquez ici <\/em><\/a><\/li>\r\n<li><strong>Dimanche 8 novembre 2020<\/strong>\r\n<ul>\r\n<li>PETIT VAMPIRE 15h.\u00a0 <a href=\"http:\/\/www.allocine.fr\/video\/player_gen_cmedia=19584818&amp;cfilm=195021.html\" target=\"_blank\" rel=\"noopener noreferrer\"><em>Pour voir la bande annonce, cliquez ici\u00a0<\/em><\/a><\/li>\r\n<li>ADIEU LES CONS 16h.45\u00a0 <a href=\"http:\/\/www.allocine.fr\/video\/player_gen_cmedia=19589536&amp;cfilm=274345.html\" target=\"_blank\" rel=\"noopener noreferrer\"><em>Pour voir la bande annonce, cliquez ici <\/em><\/a><\/li>\r\n<\/ul>\r\n<\/li>\r\n<li><strong>Mardi 8 novembre 2020<\/strong> YALDA, LA NUIT DU PARDON (vo)\u00a0 18h.\u00a0 \u00a0<a href=\"http:\/\/www.allocine.fr\/video\/player_gen_cmedia=19587424&amp;cfilm=261101.html\" target=\"_blank\" rel=\"noopener noreferrer\"> <em>Pour voir la bande annonce, cliquez ici\u00a0<\/em><\/a><\/li>\r\n<\/ul>\r\n<p>\u00a0 <strong><span style=\"color: #ff0000;\">Pr\u00e9cautions sanitaires COVID<\/span><\/strong> <span style=\"color: #ff0000;\">Distanciation sociale : respecter les marques au sol,<\/span> <span style=\"color: #ff0000;\">laisser libre au moins un si\u00e8ge entre chaque spectateur ou groupe d\u2019une m\u00eame famille. <\/span><\/p>\r\n<p>Pour t\u00e9l\u00e9charger le programme illustr\u00e9 n\u00b0 92 cliquez ici <strong>: <a href=\"https:\/\/www.o-p-i.fr\/parlonsen\/wp-content\/uploads\/92OctNov2020.pdf\">92OctNov2020<\/a><\/strong><\/p>\r\n<div><em>Information communiqu\u00e9e par Guy ROUMAGNAC<\/em><\/div>\r\n<div><!-- \/wp:post-content -->\r\n\r\n<!-- wp:paragraph --><a href=\"https:\/\/www.o-p-i.fr\/parlonsen\/agenda\/\">Retrouvez tous les \u00e9v\u00e9nements dans l&rsquo;agenda !<\/a><\/div>\r\n<p>&nbsp;<\/p>","protected":false},"excerpt":{"rendered":"<div class=\"mh-excerpt\">Cin\u00e9Monclar propose:<\/div>\n","protected":false},"author":4,"featured_media":0,"comment_status":"open","ping_status":"open","sticky":false,"template":"","format":"standard","meta":{"om_disable_all_campaigns":false,"advanced_seo_description":"","jetpack_seo_html_title":"","jetpack_seo_noindex":false,"_jetpack_memberships_contains_paid_content":false,"footnotes":"","_links_to":"","_links_to_target":""},"categories":[52,16,54,4056,4082],"tags":[143,1264,1768,2998,3057],"class_list":{"0":"post-46211","1":"post","2":"type-post","3":"status-publish","4":"format-standard","6":"category-parlons-en","7":"category-monclar","8":"category-loisirs","9":"category-n-175-octobre-2020-2","10":"category-n-176-novembre-2020-2","11":"tag-monclar-de-quercy","12":"tag-programme","13":"tag-cinemonclar","14":"tag-cine-monclar","15":"tag-bandes-annonces"},"jetpack_featured_media_url":"","views":{"total":0,"cached_at":"","cached_date":1738416952},"jetpack_likes_enabled":true,"jetpack_sharing_enabled":true,"jetpack_shortlink":"https:\/\/wp.me\/pg7Wxj-c1l","jetpack-related-posts":[],"_links":{"self":[{"href":"https:\/\/www.o-p-i.fr\/parlonsen\/wp-json\/wp\/v2\/posts\/46211","targetHints":{"allow":["GET"]}}],"collection":[{"href":"https:\/\/www.o-p-i.fr\/parlonsen\/wp-json\/wp\/v2\/posts"}],"about":[{"href":"https:\/\/www.o-p-i.fr\/parlonsen\/wp-json\/wp\/v2\/types\/post"}],"author":[{"embeddable":true,"href":"https:\/\/www.o-p-i.fr\/parlonsen\/wp-json\/wp\/v2\/users\/4"}],"replies":[{"embeddable":true,"href":"https:\/\/www.o-p-i.fr\/parlonsen\/wp-json\/wp\/v2\/comments?post=46211"}],"version-history":[{"count":0,"href":"https:\/\/www.o-p-i.fr\/parlonsen\/wp-json\/wp\/v2\/posts\/46211\/revisions"}],"wp:attachment":[{"href":"https:\/\/www.o-p-i.fr\/parlonsen\/wp-json\/wp\/v2\/media?parent=46211"}],"wp:term":[{"taxonomy":"category","embeddable":true,"href":"https:\/\/www.o-p-i.fr\/parlonsen\/wp-json\/wp\/v2\/categories?post=46211"},{"taxonomy":"post_tag","embeddable":true,"href":"https:\/\/www.o-p-i.fr\/parlonsen\/wp-json\/wp\/v2\/tags?post=46211"}],"curies":[{"name":"wp","href":"https:\/\/api.w.org\/{rel}","templated":true}]}}