{"id":46263,"date":"2020-10-09T05:24:40","date_gmt":"2020-10-09T04:24:40","guid":{"rendered":"https:\/\/www.o-p-i.fr\/parlonsen\/?p=46263"},"modified":"2020-10-09T05:36:09","modified_gmt":"2020-10-09T04:36:09","slug":"annulation-des-animations-familles-rurales-du-causse","status":"publish","type":"post","link":"https:\/\/www.o-p-i.fr\/parlonsen\/parlons-en\/pratique\/annulation-des-animations-familles-rurales-du-causse\/","title":{"rendered":"Annulation des animations Familles Rurales du Causse"},"content":{"rendered":"<p>pr\u00e9vues cette semaine. <!--more--><img data-recalc-dims=\"1\" loading=\"lazy\" decoding=\"async\" class=\"alignright wp-image-45353\" src=\"https:\/\/i0.wp.com\/www.o-p-i.fr\/parlonsen\/wp-content\/uploads\/Familles-Rurales-du-Causse.jpg?resize=350%2C288&#038;ssl=1\" alt=\"\" width=\"350\" height=\"288\" srcset=\"https:\/\/i0.wp.com\/www.o-p-i.fr\/parlonsen\/wp-content\/uploads\/Familles-Rurales-du-Causse.jpg?w=231&amp;ssl=1 231w, https:\/\/i0.wp.com\/www.o-p-i.fr\/parlonsen\/wp-content\/uploads\/Familles-Rurales-du-Causse.jpg?resize=150%2C123&amp;ssl=1 150w\" sizes=\"auto, (max-width: 350px) 100vw, 350px\" \/>L&rsquo;un des membres de Familles Rurales ayant \u00e9t\u00e9 test\u00e9e positive au Covid 19, les membres de l&rsquo;\u00e9quipe de l&rsquo;association sont de ce fait \u00ab\u00a0cas contact\u00a0\u00bb. C&rsquo;est pourquoi nous nous voyons dans l&rsquo;obligation d&rsquo;annuler toutes les animations n\u00e9cessitant leur pr\u00e9sence :<\/p>\n<ul>\n<li>la presse du Jus de Pomme<\/li>\n<li>le d\u00e9jeuner du Causse Caf\u00e9 du jeudi 8 octobre<\/li>\n<li>la premi\u00e8re s\u00e9ance de Feldenkra\u00efs, \u00e0 Penne<\/li>\n<\/ul>\n<p>Les ouvertures des friperies et la venue de la coiffeuse sont maintenues, demain et samedi, \u00e0 Penne, Les Cabannes et Vaour.<br \/>\nAu moins une nouvelle enthousiasmante : la collection Automne est arriv\u00e9e!<\/p>\n<p><strong>Infos pressage de pomme<\/strong><br \/>\nPour les personnes qui auraient dores et d\u00e9j\u00e0 cueilli beaucoup de pommes, quelques infos sur les prochaines presses organis\u00e9es dans les environs :<br \/>\n&#8211; Les 21 et 22 octobre, par <strong><a href=\"http:\/\/terrepaysanne.org\/informations\" target=\"_blank\" rel=\"noopener noreferrer\">Terre Paysanne<\/a><\/strong>, entre Najac et La Fouillade (ZA du Puech) &#8211; Infos et r\u00e9servation : 06 16 03 65 64<\/p>\n<p>D&rsquo;aures infos sur des possibilit\u00e9s de presse seront disponibles, vendredi, aupr\u00e8s de Caherine 07 86 90 12 21<\/p>\n<p>L&rsquo;\u00e9quipe Familles Rurales du Causse<br \/>\nTel : 05 63 56 39 23<br \/>\nMail :<a href=\"mailto:afrv@vaour.net\" target=\"_blank\" rel=\"noopener noreferrer\"> afrv@vaour.net<\/a><\/p>\n","protected":false},"excerpt":{"rendered":"<div class=\"mh-excerpt\">pr\u00e9vues cette semaine.<\/div>\n","protected":false},"author":4,"featured_media":0,"comment_status":"open","ping_status":"open","sticky":false,"template":"","format":"standard","meta":{"om_disable_all_campaigns":false,"advanced_seo_description":"","jetpack_seo_html_title":"","jetpack_seo_noindex":false,"_jetpack_memberships_contains_paid_content":false,"footnotes":"","_links_to":"","_links_to_target":""},"categories":[42,58,6,4056],"tags":[3584,4094],"class_list":{"0":"post-46263","1":"post","2":"type-post","3":"status-publish","4":"format-standard","6":"category-a-cote-de-chez-nous","7":"category-sante","8":"category-pratique","9":"category-n-175-octobre-2020-2","10":"tag-familles-rurales-du-causse","11":"tag-covid"},"jetpack_featured_media_url":"","views":{"total":0,"cached_at":"","cached_date":1738273101},"jetpack_likes_enabled":true,"jetpack_sharing_enabled":true,"jetpack_shortlink":"https:\/\/wp.me\/pg7Wxj-c2b","jetpack-related-posts":[],"_links":{"self":[{"href":"https:\/\/www.o-p-i.fr\/parlonsen\/wp-json\/wp\/v2\/posts\/46263","targetHints":{"allow":["GET"]}}],"collection":[{"href":"https:\/\/www.o-p-i.fr\/parlonsen\/wp-json\/wp\/v2\/posts"}],"about":[{"href":"https:\/\/www.o-p-i.fr\/parlonsen\/wp-json\/wp\/v2\/types\/post"}],"author":[{"embeddable":true,"href":"https:\/\/www.o-p-i.fr\/parlonsen\/wp-json\/wp\/v2\/users\/4"}],"replies":[{"embeddable":true,"href":"https:\/\/www.o-p-i.fr\/parlonsen\/wp-json\/wp\/v2\/comments?post=46263"}],"version-history":[{"count":0,"href":"https:\/\/www.o-p-i.fr\/parlonsen\/wp-json\/wp\/v2\/posts\/46263\/revisions"}],"wp:attachment":[{"href":"https:\/\/www.o-p-i.fr\/parlonsen\/wp-json\/wp\/v2\/media?parent=46263"}],"wp:term":[{"taxonomy":"category","embeddable":true,"href":"https:\/\/www.o-p-i.fr\/parlonsen\/wp-json\/wp\/v2\/categories?post=46263"},{"taxonomy":"post_tag","embeddable":true,"href":"https:\/\/www.o-p-i.fr\/parlonsen\/wp-json\/wp\/v2\/tags?post=46263"}],"curies":[{"name":"wp","href":"https:\/\/api.w.org\/{rel}","templated":true}]}}