{"id":46319,"date":"2020-10-22T09:29:25","date_gmt":"2020-10-22T08:29:25","guid":{"rendered":"https:\/\/www.o-p-i.fr\/parlonsen\/?p=46319"},"modified":"2020-10-27T00:08:04","modified_gmt":"2020-10-26T23:08:04","slug":"rencontres-dansees-2020-ebenbao-a-lavaur-81","status":"publish","type":"post","link":"https:\/\/www.o-p-i.fr\/parlonsen\/parlons-en\/culture\/rencontres-dansees-2020-ebenbao-a-lavaur-81\/","title":{"rendered":"Rencontres dans\u00e9es 2020 \u00ab\u00a0Ebenbao\u00a0\u00bb&#8230; \u00e0 Lavaur (81)"},"content":{"rendered":"<p><strong>Samedi 14 novembre 2020<\/strong> \u00e0 <del>21 h<\/del> \u2013\u00a0 <span style=\"color: #ff0000;\"><strong>18h<\/strong><\/span>. Halle aux grains.<!--more--><br \/>\n<strong><img data-recalc-dims=\"1\" loading=\"lazy\" decoding=\"async\" class=\"alignright size-medium wp-image-46320\" src=\"https:\/\/i0.wp.com\/www.o-p-i.fr\/parlonsen\/wp-content\/uploads\/Ebenbao-4.jpg?resize=300%2C289&#038;ssl=1\" alt=\"\" width=\"300\" height=\"289\" srcset=\"https:\/\/i0.wp.com\/www.o-p-i.fr\/parlonsen\/wp-content\/uploads\/Ebenbao-4.jpg?resize=300%2C289&amp;ssl=1 300w, https:\/\/i0.wp.com\/www.o-p-i.fr\/parlonsen\/wp-content\/uploads\/Ebenbao-4.jpg?resize=150%2C144&amp;ssl=1 150w, https:\/\/i0.wp.com\/www.o-p-i.fr\/parlonsen\/wp-content\/uploads\/Ebenbao-4.jpg?resize=400%2C385&amp;ssl=1 400w, https:\/\/i0.wp.com\/www.o-p-i.fr\/parlonsen\/wp-content\/uploads\/Ebenbao-4.jpg?w=425&amp;ssl=1 425w\" sizes=\"auto, (max-width: 300px) 100vw, 300px\" \/><span style=\"color: #ff0000;\">Attention, changement d&rsquo;horaire<\/span><\/strong><\/p>\n<p><strong>Dans le cadre des rencontres dans\u00e9es 2020<\/strong><br \/>\nL&rsquo;association Ebenbao propose une soir\u00e9e consacr\u00e9e \u00e0 la danse contemporaine et afro-contemporaine.<br \/>\nLe projet s\u2019inscrit dans une volont\u00e9 de mise en coh\u00e9rence de cr\u00e9ations chor\u00e9graphiques issues d\u2019une recherche de mouvements afro-contemporains Il r\u00e9unit des danseurs professionnels dans le cadre d\u2019une ouverture vers l\u2019\u00e9change, le croisement et la mixit\u00e9.<br \/>\nAssocier des artistes de diff\u00e9rents horizons autour d\u2019un projet construit dans le cadre d\u2019une r\u00e9sidence artistique avec des danseurs professionnels et amateurs, aller \u00e0 la rencontre des autres par des valeurs fondamentales de vivre ensemble, de diversit\u00e9, de rapport \u00e0 la vie et au corps \u00e0 travers la danse.<br \/>\nPermettre \u00e0 des amateurs \u00e9clair\u00e9s et passionn\u00e9s de partager le travail de cr\u00e9ation et de la sc\u00e8ne.<br \/>\nPour cette session 2020, Ebenbao donne carte blanche \u00e0 la Compagnie de Didier DJELEHOUNDE, danseur et chor\u00e9graphe originaire du B\u00e9nin.<br \/>\nDeux pi\u00e8ces chor\u00e9graphiques seront au programme:<\/p>\n<ul>\n<li><strong>\u00ab\u00a0Plus que jamais\u00a0\u00bb<\/strong> 7 danseuses r\u00e9inventent l&rsquo;histoire du combat des femmes pour rester debout.<\/li>\n<li>\u00a0<strong>\u00ab\u00a0Le prochain\u00a0\u00bb<\/strong> duo interpr\u00e9t\u00e9 par un couple de danseurs, nous transporte dans le monde de l&rsquo;attente et de l&rsquo;impatience.<\/li>\n<\/ul>\n<p><strong>Tarif entr\u00e9e<\/strong> : 8 \u20ac &#8211; gratuit pour les enfants de \u2013 de 12 ans.<br \/>\nL\u2019association Ebenbao soutient \u00e0 travers ses activit\u00e9s, l\u2019ONG Dim\u00e9 Mali de Conakry pour l\u2019aide aux soins des enfants d\u00e9favoris\u00e9s.<br \/>\nRenseignements, inscriptions et r\u00e9servations\u00a0:<br \/>\n<a href=\"mailto:ebenbao@gmail.com\" target=\"_blank\" rel=\"noopener noreferrer\">ebenbao@gmail.com<\/a> &#8211; ou 06 88 80 00 31<\/p>\n<p>&nbsp;<\/p>\n<div>\n<div><b>Association Ebenbao<\/b><br \/>\n<b><\/b><\/div>\n<\/div>\n<div><img loading=\"lazy\" decoding=\"async\" class=\"CToWUd\" src=\"https:\/\/ci6.googleusercontent.com\/proxy\/TY1GzFNhXrzgUygpl3aON5IlxwfZN89U7-Dq5R21r94GXJ253M6aAw9fVBqgBuNtoXn-ZOgoNvA3J-0p17k3_PpjLj9_wOjgcl5HD8dWyKsFLYDzRa1bu4qt6UNLREk-ebeD0zEIWlbYzGZ3Zm_EF372B2cIpKUgkiLUxHZaEtawYVPAU1udo542oFyDQ031SBjOzIH07uT6Fxxvew=s0-d-e1-ft#https:\/\/docs.google.com\/uc?export=download&amp;id=1fPQOhjsSfnDta1AVVFW1vloo9apcV5yP&amp;revid=0B1wu96QBrAgkTVJ2bmlBa1VoQkhMTHRRLy9KTTZsbDZnMGZvPQ\" width=\"90\" height=\"129\" \/><br \/>\n<b>3 bis rue Jouxaigues<br \/>\n<\/b><\/div>\n<div><b>81500 Lavaur<br \/>\n<\/b><\/div>\n<div><b>06 88 80 00 31<br \/>\n<\/b><\/div>\n<div><b><a href=\"http:\/\/www.ebenbao.fr\/\" target=\"_blank\" rel=\"noopener noreferrer\" data-saferedirecturl=\"https:\/\/www.google.com\/url?q=http:\/\/www.ebenbao.fr&amp;source=gmail&amp;ust=1603384477865000&amp;usg=AFQjCNH4JTBFnd7-lMkz_EbMrRN7w1WbZA\">www.ebenbao.fr\u00a0<\/a>\u00a0\u00a0<\/b><\/div>\n<div><\/div>\n<div><em>Information communiqu\u00e9e par Chantal DIMIER<\/em><\/div>\n<div><\/div>\n<div>\n<p><a href=\"http:\/\/www.o-p-i.fr\/parlonsen\/agenda\/\">Retrouvez tous les \u00e9v\u00e9nements dans l&rsquo;agenda !<\/a><\/p>\n<\/div>\n<div><\/div>\n<p>&nbsp;<\/p>\n<p>&nbsp;<\/p>\n","protected":false},"excerpt":{"rendered":"<div class=\"mh-excerpt\">Samedi 14 novembre 2020 \u00e0 21 h \u2013\u00a0 18h. Halle aux grains.<\/div>\n","protected":false},"author":4,"featured_media":0,"comment_status":"open","ping_status":"open","sticky":false,"template":"","format":"standard","meta":{"om_disable_all_campaigns":false,"advanced_seo_description":"","jetpack_seo_html_title":"","jetpack_seo_noindex":false,"_jetpack_memberships_contains_paid_content":false,"footnotes":"","_links_to":"","_links_to_target":""},"categories":[52,42,1,54,4082],"tags":[239,330,2832],"class_list":{"0":"post-46319","1":"post","2":"type-post","3":"status-publish","4":"format-standard","6":"category-parlons-en","7":"category-a-cote-de-chez-nous","8":"category-culture","9":"category-loisirs","10":"category-n-176-novembre-2020-2","11":"tag-lavaur","12":"tag-rencontre","13":"tag-ebenbao"},"jetpack_featured_media_url":"","views":{"total":0,"cached_at":"","cached_date":1738211968},"jetpack_likes_enabled":true,"jetpack_sharing_enabled":true,"jetpack_shortlink":"https:\/\/wp.me\/pg7Wxj-c35","jetpack-related-posts":[],"_links":{"self":[{"href":"https:\/\/www.o-p-i.fr\/parlonsen\/wp-json\/wp\/v2\/posts\/46319","targetHints":{"allow":["GET"]}}],"collection":[{"href":"https:\/\/www.o-p-i.fr\/parlonsen\/wp-json\/wp\/v2\/posts"}],"about":[{"href":"https:\/\/www.o-p-i.fr\/parlonsen\/wp-json\/wp\/v2\/types\/post"}],"author":[{"embeddable":true,"href":"https:\/\/www.o-p-i.fr\/parlonsen\/wp-json\/wp\/v2\/users\/4"}],"replies":[{"embeddable":true,"href":"https:\/\/www.o-p-i.fr\/parlonsen\/wp-json\/wp\/v2\/comments?post=46319"}],"version-history":[{"count":0,"href":"https:\/\/www.o-p-i.fr\/parlonsen\/wp-json\/wp\/v2\/posts\/46319\/revisions"}],"wp:attachment":[{"href":"https:\/\/www.o-p-i.fr\/parlonsen\/wp-json\/wp\/v2\/media?parent=46319"}],"wp:term":[{"taxonomy":"category","embeddable":true,"href":"https:\/\/www.o-p-i.fr\/parlonsen\/wp-json\/wp\/v2\/categories?post=46319"},{"taxonomy":"post_tag","embeddable":true,"href":"https:\/\/www.o-p-i.fr\/parlonsen\/wp-json\/wp\/v2\/tags?post=46319"}],"curies":[{"name":"wp","href":"https:\/\/api.w.org\/{rel}","templated":true}]}}