{"id":46403,"date":"2020-11-24T11:04:01","date_gmt":"2020-11-24T10:04:01","guid":{"rendered":"https:\/\/www.o-p-i.fr\/parlonsen\/?p=46403"},"modified":"2020-11-24T11:06:24","modified_gmt":"2020-11-24T10:06:24","slug":"collecte-feminite-sans-abri-a-monclar-de-quercy-82","status":"publish","type":"post","link":"https:\/\/www.o-p-i.fr\/parlonsen\/localisation\/au-pays-des-tescous\/monclar\/collecte-feminite-sans-abri-a-monclar-de-quercy-82\/","title":{"rendered":"Collecte \u00ab\u00a0F\u00e9minit\u00e9 sans Abri\u00a0\u00bb &#8230;\u00e0 Monclar de Quercy (82)"},"content":{"rendered":"<p><strong>Samedi 28 novembre 2020,<\/strong> au Carrefour Contact de Monclar.<!--more--><br \/>\n<img data-recalc-dims=\"1\" loading=\"lazy\" decoding=\"async\" class=\"alignright size-full wp-image-46405\" src=\"https:\/\/i0.wp.com\/www.o-p-i.fr\/parlonsen\/wp-content\/uploads\/1FSA.jpg?resize=283%2C320&#038;ssl=1\" alt=\"\" width=\"283\" height=\"320\" srcset=\"https:\/\/i0.wp.com\/www.o-p-i.fr\/parlonsen\/wp-content\/uploads\/1FSA.jpg?w=283&amp;ssl=1 283w, https:\/\/i0.wp.com\/www.o-p-i.fr\/parlonsen\/wp-content\/uploads\/1FSA.jpg?resize=265%2C300&amp;ssl=1 265w, https:\/\/i0.wp.com\/www.o-p-i.fr\/parlonsen\/wp-content\/uploads\/1FSA.jpg?resize=133%2C150&amp;ssl=1 133w\" sizes=\"auto, (max-width: 283px) 100vw, 283px\" \/>L&rsquo;association FEMINITE SANS ABRI organise une journ\u00e9e de \u00ab\u00a0collecte caddy\u00a0\u00bb le samedi 28 novembre 2020 au Carrefour Contact de Monclar.<br \/>\nCette journ\u00e9e permettra d&rsquo;optimiser la collecte p\u00e9renne pr\u00e9sente depuis plusieurs semaines dans la salle d&rsquo;attente des kin\u00e9s du village.<br \/>\nLes dons en produits d&rsquo;hygi\u00e8ne et de beaut\u00e9 re\u00e7us ce jour l\u00e0 permettront la fabrication en plus grand nombre de kits pour les f\u00eates de fin d&rsquo;ann\u00e9e \u00e0 l&rsquo;attention des personnes vivants dans la grande pr\u00e9carit\u00e9, femmes, hommes, enfants.<br \/>\nVoici une liste de produits collect\u00e9s qui servent \u00e0 la confection des kits, sur une base commune : savon, gel douche, shampoing, lait pour le corps, cr\u00e8me visage, brosse \u00e0 dents, dentifrice, coton, coton tiges, mouchoirs en papier. Pour les femmes : serviettes hygi\u00e9niques et tampons, pour les hommes : rasoir, mousse \u00e0 raser. Selon les dons re\u00e7us nous rajoutons : lingettes intimes, lime \u00e0 ongles, apr\u00e8s shampoing, cr\u00e8me mains, stick l\u00e8vres, bijou, maquillage, coupe-ongles, pr\u00e9servatifs&#8230;<\/p>\n<p>Chaque don, m\u00eame un seul produit, shampoing, gel douche, dentifrice&#8230;est important.<br \/>\nMerci par avance pour les dons que FSA recevra ce samedi 28 novembre. Nous en ferons le bilan \u00e9crit et photographique les jours suivants.<\/p>\n<p><strong> Organisateur : <\/strong>F\u00e9minit\u00e9 sans abri<\/p>\n<p><strong> Contact : <\/strong>M\u00e9au Dominique<br \/>\n3 impasse Louis Galinier<br \/>\n82230-Monclar de Quercy<br \/>\nT\u00e9l. :06 07 88 32 66<br \/>\nCourriel : <a href=\"mailto:domsame@free.fr\" target=\"_blank\" rel=\"noopener noreferrer\">domsame@free.fr<\/a><\/p>\n<p>.<em>Information communiqu\u00e9e par Dominique MEAU<\/em><\/p>\n","protected":false},"excerpt":{"rendered":"<div class=\"mh-excerpt\">Samedi 28 novembre 2020, au Carrefour Contact de Monclar.<\/div>\n","protected":false},"author":4,"featured_media":0,"comment_status":"open","ping_status":"open","sticky":false,"template":"","format":"standard","meta":{"om_disable_all_campaigns":false,"advanced_seo_description":"","jetpack_seo_html_title":"","jetpack_seo_noindex":false,"_jetpack_memberships_contains_paid_content":false,"footnotes":"","_links_to":"","_links_to_target":""},"categories":[52,16,291,4082],"tags":[422,3826,143],"class_list":{"0":"post-46403","1":"post","2":"type-post","3":"status-publish","4":"format-standard","6":"category-parlons-en","7":"category-monclar","8":"category-solidarite","9":"category-n-176-novembre-2020-2","10":"tag-collecte","11":"tag-feminite-sans-abri","12":"tag-monclar-de-quercy"},"jetpack_featured_media_url":"","views":{"total":0,"cached_at":"","cached_date":1738460624},"jetpack_likes_enabled":true,"jetpack_sharing_enabled":true,"jetpack_shortlink":"https:\/\/wp.me\/pg7Wxj-c4r","jetpack-related-posts":[],"_links":{"self":[{"href":"https:\/\/www.o-p-i.fr\/parlonsen\/wp-json\/wp\/v2\/posts\/46403","targetHints":{"allow":["GET"]}}],"collection":[{"href":"https:\/\/www.o-p-i.fr\/parlonsen\/wp-json\/wp\/v2\/posts"}],"about":[{"href":"https:\/\/www.o-p-i.fr\/parlonsen\/wp-json\/wp\/v2\/types\/post"}],"author":[{"embeddable":true,"href":"https:\/\/www.o-p-i.fr\/parlonsen\/wp-json\/wp\/v2\/users\/4"}],"replies":[{"embeddable":true,"href":"https:\/\/www.o-p-i.fr\/parlonsen\/wp-json\/wp\/v2\/comments?post=46403"}],"version-history":[{"count":0,"href":"https:\/\/www.o-p-i.fr\/parlonsen\/wp-json\/wp\/v2\/posts\/46403\/revisions"}],"wp:attachment":[{"href":"https:\/\/www.o-p-i.fr\/parlonsen\/wp-json\/wp\/v2\/media?parent=46403"}],"wp:term":[{"taxonomy":"category","embeddable":true,"href":"https:\/\/www.o-p-i.fr\/parlonsen\/wp-json\/wp\/v2\/categories?post=46403"},{"taxonomy":"post_tag","embeddable":true,"href":"https:\/\/www.o-p-i.fr\/parlonsen\/wp-json\/wp\/v2\/tags?post=46403"}],"curies":[{"name":"wp","href":"https:\/\/api.w.org\/{rel}","templated":true}]}}