{"id":46421,"date":"2020-11-26T17:04:08","date_gmt":"2020-11-26T16:04:08","guid":{"rendered":"https:\/\/www.o-p-i.fr\/parlonsen\/?p=46421"},"modified":"2020-11-26T17:04:08","modified_gmt":"2020-11-26T16:04:08","slug":"reouverture-de-la-bibliotheque-a-salvagnac-81","status":"publish","type":"post","link":"https:\/\/www.o-p-i.fr\/parlonsen\/parlons-en\/pratique\/reouverture-de-la-bibliotheque-a-salvagnac-81\/","title":{"rendered":"R\u00e9ouverture de la biblioth\u00e8que&#8230;\u00e0 Salvagnac (81)"},"content":{"rendered":"<p>A partir de<strong> samedi 28 novembre 2020<\/strong>.<!--more-->Sauf contre ordre d&rsquo;ici l\u00e0 ou consignes minist\u00e9rielles suppl\u00e9mentaires, nous serons heureux de vous retrouver \u00e0 la biblioth\u00e8que \u00e0 partir de samedi 28 novembre 10h dans les conditions que vous connaissez d\u00e9j\u00e0 :<br \/>\n-une entr\u00e9e et une sortie diff\u00e9renci\u00e9e<br \/>\n-une jauge limit\u00e9e des personnes \u00e0 l&rsquo;int\u00e9rieur de la biblioth\u00e8que<br \/>\n-des bacs d\u00e8s l&rsquo;entr\u00e9e pour une mise en quarantaine des documents en retour (hors les murs) avant de r\u00e9int\u00e9grer les rayonnages<br \/>\n-des \u00e9quipements de protection (gel hydro-alcoolique \u00e0 l&rsquo;entr\u00e9e et \u00e0 la sortie , plexiglas \u00e0 la banque d&rsquo;accueil).<br \/>\n-un port du masque obligatoire pour les adultes dans la biblioth\u00e8que<\/p>\n<p>Nous vous attendons donc avec grand plaisir.<br \/>\nDes nouveaut\u00e9s ont \u00e9t\u00e9 acquises et seront rapidement sur les pr\u00e9sentoirs.<\/p>\n<p>Vous pouvez toujours effectuer des r\u00e9servations sur le site <strong><a href=\"https:\/\/media.gaillac-graulhet.fr\/index.php\" target=\"_blank\" rel=\"noopener noreferrer\">media.ted<\/a><\/strong> qui seront apport\u00e9es par la navette du mardi AM d\u00e8s qu&rsquo;elles seront pr\u00eates.<br \/>\nA tr\u00e8s bient\u00f4t<\/p>\n<p>L&rsquo;\u00e9quipe des b\u00e9n\u00e9voles<\/p>\n<p><img data-recalc-dims=\"1\" loading=\"lazy\" decoding=\"async\" class=\"alignleft size-full wp-image-45520\" src=\"https:\/\/i0.wp.com\/www.o-p-i.fr\/parlonsen\/wp-content\/uploads\/biblio.jpg?resize=283%2C198&#038;ssl=1\" alt=\"\" width=\"283\" height=\"198\" srcset=\"https:\/\/i0.wp.com\/www.o-p-i.fr\/parlonsen\/wp-content\/uploads\/biblio.jpg?w=283&amp;ssl=1 283w, https:\/\/i0.wp.com\/www.o-p-i.fr\/parlonsen\/wp-content\/uploads\/biblio.jpg?resize=150%2C105&amp;ssl=1 150w\" sizes=\"auto, (max-width: 283px) 100vw, 283px\" \/>Biblioth\u00e8que du Pays Salvagnacois<br \/>\n&gt;<br \/>\n7 all\u00e9es Jean Jaur\u00e8s 81630 SALVAGNAC<br \/>\n0563405902 aux heures d&rsquo;ouverture:<br \/>\n&gt;<br \/>\nmercredi de 10h \u00e0 12h et 14h30-16h30<br \/>\nsamedi de 10h \u00e0 12h<br \/>\n&gt;<br \/>\ndimanche de 10 h \u00e0 12h<\/p>\n<p><em>Information communiqu\u00e9e par Arlette MALLERET<\/em><\/p>\n","protected":false},"excerpt":{"rendered":"<div class=\"mh-excerpt\">A partir de samedi 28 novembre 2020.<\/div>\n","protected":false},"author":4,"featured_media":0,"comment_status":"open","ping_status":"open","sticky":false,"template":"","format":"standard","meta":{"om_disable_all_campaigns":false,"advanced_seo_description":"","jetpack_seo_html_title":"","jetpack_seo_noindex":false,"_jetpack_memberships_contains_paid_content":false,"footnotes":"","_links_to":"","_links_to_target":""},"categories":[54,6,25,4082],"tags":[65,2548,1514],"class_list":{"0":"post-46421","1":"post","2":"type-post","3":"status-publish","4":"format-standard","6":"category-loisirs","7":"category-pratique","8":"category-salvagnac","9":"category-n-176-novembre-2020-2","10":"tag-bibliotheque","11":"tag-salvagnac","12":"tag-mediatheque"},"jetpack_featured_media_url":"","views":{"total":0,"cached_at":"","cached_date":1738394208},"jetpack_likes_enabled":true,"jetpack_sharing_enabled":true,"jetpack_shortlink":"https:\/\/wp.me\/pg7Wxj-c4J","jetpack-related-posts":[],"_links":{"self":[{"href":"https:\/\/www.o-p-i.fr\/parlonsen\/wp-json\/wp\/v2\/posts\/46421","targetHints":{"allow":["GET"]}}],"collection":[{"href":"https:\/\/www.o-p-i.fr\/parlonsen\/wp-json\/wp\/v2\/posts"}],"about":[{"href":"https:\/\/www.o-p-i.fr\/parlonsen\/wp-json\/wp\/v2\/types\/post"}],"author":[{"embeddable":true,"href":"https:\/\/www.o-p-i.fr\/parlonsen\/wp-json\/wp\/v2\/users\/4"}],"replies":[{"embeddable":true,"href":"https:\/\/www.o-p-i.fr\/parlonsen\/wp-json\/wp\/v2\/comments?post=46421"}],"version-history":[{"count":0,"href":"https:\/\/www.o-p-i.fr\/parlonsen\/wp-json\/wp\/v2\/posts\/46421\/revisions"}],"wp:attachment":[{"href":"https:\/\/www.o-p-i.fr\/parlonsen\/wp-json\/wp\/v2\/media?parent=46421"}],"wp:term":[{"taxonomy":"category","embeddable":true,"href":"https:\/\/www.o-p-i.fr\/parlonsen\/wp-json\/wp\/v2\/categories?post=46421"},{"taxonomy":"post_tag","embeddable":true,"href":"https:\/\/www.o-p-i.fr\/parlonsen\/wp-json\/wp\/v2\/tags?post=46421"}],"curies":[{"name":"wp","href":"https:\/\/api.w.org\/{rel}","templated":true}]}}