{"id":46523,"date":"2020-12-08T11:14:55","date_gmt":"2020-12-08T10:14:55","guid":{"rendered":"https:\/\/www.o-p-i.fr\/parlonsen\/?p=46523"},"modified":"2020-12-08T11:17:14","modified_gmt":"2020-12-08T10:17:14","slug":"cinemonclar-le-programme-du-vendredi-18-decembre-2020-au-mardi-12-janvier-2021-a-monclar-de-quercy","status":"publish","type":"post","link":"https:\/\/www.o-p-i.fr\/parlonsen\/parlons-en\/cinemonclar-le-programme-du-vendredi-18-decembre-2020-au-mardi-12-janvier-2021-a-monclar-de-quercy\/","title":{"rendered":"Cin\u00e9Monclar, le programme du vendredi 18 d\u00e9cembre 2020 au mardi 12 janvier 2021 ..\u00e0 Monclar de Quercy"},"content":{"rendered":"<p>Cin\u00e9Monclar propose(sousr\u00e9servedescontraintessanitaires):<!--more--><\/p>\r\n<ul>\r\n<li><strong>Vendredi 18 d\u00e9cembre 2020<\/strong> Peninsula 18h. <em>(-12)\u00a0 \u00a0<a href=\"https:\/\/www.allocine.fr\/video\/player_gen_cmedia=19588962&amp;cfilm=266875.html\" target=\"_blank\" rel=\"noopener noreferrer\">Pour voir la bande annonce, cliquez ici<\/a><br \/><br \/><\/em><\/li>\r\n<li><strong>Dimanche 20 d\u00e9cembre 2020<\/strong>\r\n<ul>\r\n<li>Calamity 15h.<em> \u00a0<a href=\"https:\/\/www.allocine.fr\/video\/player_gen_cmedia=19588866&amp;cfilm=271607.html\" target=\"_blank\" rel=\"noopener noreferrer\">Pour voir la bande annonce, cliquez ici<\/a><\/em><\/li>\r\n<li>Parents d\u2019\u00e9l\u00e8ves 16h45<em> \u00a0<a href=\"https:\/\/www.allocine.fr\/video\/player_gen_cmedia=19589315&amp;cfilm=275121.html\" target=\"_blank\" rel=\"noopener noreferrer\">Pour voir la bande annonce, cliquez ici<\/a><br \/><br \/><\/em><\/li>\r\n<\/ul>\r\n<\/li>\r\n<li><strong>Mardi 22 d\u00e9cembre 220<\/strong> Un pays qui se tient sage 18h.<em> \u00a0<a href=\"https:\/\/www.allocine.fr\/video\/player_gen_cmedia=19589747&amp;cfilm=283687.html\" target=\"_blank\" rel=\"noopener noreferrer\">Pour voir la bande annonce, cliquez ici<\/a><br \/><br \/><\/em><\/li>\r\n<li><strong>Samedi 26 d\u00e9cembre 2020<\/strong> Miss 18h.<em> \u00a0<a href=\"https:\/\/www.allocine.fr\/video\/player_gen_cmedia=19585571&amp;cfilm=270443.html\" target=\"_blank\" rel=\"noopener noreferrer\">Pour voir la bande annonce, cliquez ici<\/a><br \/><br \/><\/em><\/li>\r\n<li><strong>Dimanche 27 d\u00e9cembre 2020<\/strong>\r\n<ul>\r\n<li>Le peuple Loup 15h.<em> \u00a0<a href=\"https:\/\/www.allocine.fr\/film\/fichefilm_gen_cfilm=254359.html\" target=\"_blank\" rel=\"noopener noreferrer\">Pour voir la bande annonce, cliquez ici<\/a><\/em><\/li>\r\n<li>Adieu les cons 17h.<em> \u00a0<a href=\"https:\/\/www.allocine.fr\/video\/player_gen_cmedia=19589536&amp;cfilm=274345.html\" target=\"_blank\" rel=\"noopener noreferrer\">Pour voir la bande annonce, cliquez ici<\/a><br \/><br \/><\/em><\/li>\r\n<\/ul>\r\n<\/li>\r\n<li><strong>Mardi 29 d\u00e9cembre 2020<\/strong> Yalda , la nuit du pardon VO 18h.<em> \u00a0<a href=\"https:\/\/www.allocine.fr\/video\/player_gen_cmedia=19587424&amp;cfilm=261101.html\" target=\"_blank\" rel=\"noopener noreferrer\">Pour voir la bande annonce, cliquez ici<\/a><br \/><br \/><\/em><\/li>\r\n<li><strong>Samedi 2 janvier 2021<\/strong> ADN 18h.<em> \u00a0P<a href=\"https:\/\/www.allocine.fr\/video\/player_gen_cmedia=19588984&amp;cfilm=280076.html\" target=\"_blank\" rel=\"noopener noreferrer\">our voir la bande annonce, cliquez ici<\/a><br \/><br \/><\/em><\/li>\r\n<li><strong>Dimanche 3 janvier 2021<\/strong>\r\n<ul>\r\n<li>Poly 15h.<em> \u00a0<a href=\"https:\/\/www.allocine.fr\/video\/player_gen_cmedia=19586779&amp;cfilm=272014.html\" target=\"_blank\" rel=\"noopener noreferrer\">Pour voir la bande annonce, cliquez ici<\/a><\/em><\/li>\r\n<li>30 jours max 17h.<em> \u00a0<a href=\"https:\/\/www.allocine.fr\/video\/player_gen_cmedia=19589314&amp;cfilm=275355.html\" target=\"_blank\" rel=\"noopener noreferrer\">Pour voir la bande annonce, cliquez ici<\/a><br \/><br \/><\/em><\/li>\r\n<\/ul>\r\n<\/li>\r\n<li><strong>Mardi 5 janvier 2021<\/strong> A dark-dark man VO <em>(-12)<\/em> 18h.<em> \u00a0<a href=\"https:\/\/www.allocine.fr\/video\/player_gen_cmedia=19589904&amp;cfilm=277531.html\" target=\"_blank\" rel=\"noopener noreferrer\">Pour voir la bande annonce, cliquez ici<\/a><br \/><br \/><\/em><\/li>\r\n<li><strong>Vendredi 8 Janvier 2021<\/strong> Tout nous sourit 18h.<em> \u00a0<a href=\"https:\/\/www.allocine.fr\/video\/player_gen_cmedia=19586968&amp;cfilm=272765.html\" target=\"_blank\" rel=\"noopener noreferrer\">Pour voir la bande annonce, cliquez ici<\/a><br \/><br \/><\/em><\/li>\r\n<li><strong>Dimanche 10 janvier 2021<\/strong>\r\n<ul>\r\n<li>Petit vampire 15h.<em> \u00a0<a href=\"https:\/\/www.allocine.fr\/video\/player_gen_cmedia=19584818&amp;cfilm=195021.html\" target=\"_blank\" rel=\"noopener noreferrer\">Pour voir la bande annonce, cliquez ici<\/a><\/em><\/li>\r\n<li>Le discours 16h45<em> \u00a0<a href=\"https:\/\/www.allocine.fr\/video\/player_gen_cmedia=19589604&amp;cfilm=277534.html\" target=\"_blank\" rel=\"noopener noreferrer\">Pour voir la bande annonce, cliquez ici<\/a><br \/><br \/><\/em><\/li>\r\n<\/ul>\r\n<\/li>\r\n<li><strong>Mardi 12 Janvier 2021<\/strong> Michel-Ange VO 18h00<em> \u00a0<a href=\"https:\/\/www.allocine.fr\/video\/player_gen_cmedia=19589517&amp;cfilm=277997.html\" target=\"_blank\" rel=\"noopener noreferrer\">Pour voir la bande annonce, cliquez ici<\/a><\/em><\/li>\r\n<\/ul>\r\n<p><strong><span style=\"color: #ff0000;\">Pr\u00e9cautions sanitaires COVID<\/span><\/strong> <span style=\"color: #ff0000;\">Distanciation sociale : respecter les marques au sol,<\/span> <span style=\"color: #ff0000;\">laisser libre au moins un si\u00e8ge entre chaque spectateur ou groupe d\u2019une m\u00eame famille. <\/span> Pour t\u00e9l\u00e9charger le programme illustr\u00e9 n\u00b0 93 cliquez ici <strong>: <a href=\"https:\/\/www.o-p-i.fr\/parlonsen\/wp-content\/uploads\/Programme-93-d\u00e9cembre2020-janvier2021.pdf\">Programme 93 d\u00e9cembre2020 janvier2021<\/a><\/strong><\/p>\r\n<div><em>Information communiqu\u00e9e par Jacques TREPAGNY<\/em><\/div>\r\n<div><!-- \/wp:post-content -->\r\n\r\n<!-- wp:paragraph --><a href=\"https:\/\/www.o-p-i.fr\/parlonsen\/agenda\/\">Retrouvez tous les \u00e9v\u00e9nements dans l&rsquo;agenda !<\/a><\/div>","protected":false},"excerpt":{"rendered":"<div class=\"mh-excerpt\">Cin\u00e9Monclar propose(sousr\u00e9servedescontraintessanitaires):<\/div>\n","protected":false},"author":4,"featured_media":0,"comment_status":"open","ping_status":"open","sticky":false,"template":"","format":"standard","meta":{"om_disable_all_campaigns":false,"advanced_seo_description":"","jetpack_seo_html_title":"","jetpack_seo_noindex":false,"_jetpack_memberships_contains_paid_content":false,"footnotes":"","_links_to":"","_links_to_target":""},"categories":[52],"tags":[],"class_list":{"0":"post-46523","1":"post","2":"type-post","3":"status-publish","4":"format-standard","6":"category-parlons-en"},"jetpack_featured_media_url":"","views":{"total":0,"cached_at":"","cached_date":1738413858},"jetpack_likes_enabled":true,"jetpack_sharing_enabled":true,"jetpack_shortlink":"https:\/\/wp.me\/pg7Wxj-c6n","jetpack-related-posts":[],"_links":{"self":[{"href":"https:\/\/www.o-p-i.fr\/parlonsen\/wp-json\/wp\/v2\/posts\/46523","targetHints":{"allow":["GET"]}}],"collection":[{"href":"https:\/\/www.o-p-i.fr\/parlonsen\/wp-json\/wp\/v2\/posts"}],"about":[{"href":"https:\/\/www.o-p-i.fr\/parlonsen\/wp-json\/wp\/v2\/types\/post"}],"author":[{"embeddable":true,"href":"https:\/\/www.o-p-i.fr\/parlonsen\/wp-json\/wp\/v2\/users\/4"}],"replies":[{"embeddable":true,"href":"https:\/\/www.o-p-i.fr\/parlonsen\/wp-json\/wp\/v2\/comments?post=46523"}],"version-history":[{"count":0,"href":"https:\/\/www.o-p-i.fr\/parlonsen\/wp-json\/wp\/v2\/posts\/46523\/revisions"}],"wp:attachment":[{"href":"https:\/\/www.o-p-i.fr\/parlonsen\/wp-json\/wp\/v2\/media?parent=46523"}],"wp:term":[{"taxonomy":"category","embeddable":true,"href":"https:\/\/www.o-p-i.fr\/parlonsen\/wp-json\/wp\/v2\/categories?post=46523"},{"taxonomy":"post_tag","embeddable":true,"href":"https:\/\/www.o-p-i.fr\/parlonsen\/wp-json\/wp\/v2\/tags?post=46523"}],"curies":[{"name":"wp","href":"https:\/\/api.w.org\/{rel}","templated":true}]}}