{"id":46594,"date":"2020-12-25T06:15:20","date_gmt":"2020-12-25T05:15:20","guid":{"rendered":"https:\/\/www.o-p-i.fr\/parlonsen\/?p=46594"},"modified":"2021-06-28T11:32:27","modified_gmt":"2021-06-28T10:32:27","slug":"accueillir-une-etudiante-autrichienne-ete-2021","status":"publish","type":"post","link":"https:\/\/www.o-p-i.fr\/parlonsen\/parlons-en\/pratique\/accueillir-une-etudiante-autrichienne-ete-2021\/","title":{"rendered":"Accueillir une \u00e9tudiante autrichienne &#8230; \u00e9t\u00e9 2021"},"content":{"rendered":"<p>2 \u00e0 4 semaines en <strong>juillet ou ao\u00fbt 2021<\/strong><!--more--><img loading=\"lazy\" decoding=\"async\" class=\"alignright\" src=\"https:\/\/www.o-p-i.fr\/aupays\/wp-content\/themes\/arras-theme\/library\/timthumb.php?src=https:\/\/www.o-p-i.fr\/aupays\/wp-content\/uploads\/logo_apoc.jpg&amp;w=630&amp;h=250&amp;zc=1\" alt=\"Autriche et Pays d\u2019Oc\" width=\"324\" height=\"293\" \/>Accueillir une \u00e9tudiante autrichienne majeure<\/p>\n<p>Depuis plus de 20 ans l\u2019<a href=\"https:\/\/www.o-p-i.fr\/aupays\/annuaire\/loisirs\/autriche-et-pays-doc\/\" target=\"_blank\" rel=\"noopener noreferrer\"><strong>association Autriche et Pays d\u2019Oc<\/strong><\/a> permet \u00e0 des<br \/>\n\u00e9tudiantes autrichiennes majeures de s\u00e9journer dans des familles fran\u00e7aises.<\/p>\n<p>Nous recherchons des familles d\u2019accueil pour des s\u00e9jours de 2 \u00e0 4 semaines<br \/>\nen juillet ou ao\u00fbt 2020 : participation \u00e0 la vie de la famille d\u2019accueil,<br \/>\npossibilit\u00e9 d\u2019aide pour l\u2019allemand ou l\u2019anglais .<\/p>\n<p>Ensemble ; construisons<br \/>\nl\u2019Europe des c\u0153urs !<\/p>\n<p>Merci de bien vouloir faire circuler l\u2019information partout o\u00f9 cela vous<br \/>\nsera possible .<\/p>\n<p>Offrez une ouverture europ\u00e9enne \u00e0 vos enfants !<\/p>\n<p>NB Merci de nous contacter d\u00e8s \u00e0 pr\u00e9sent.<\/p>\n<p><a href=\"https:\/\/www.o-p-i.fr\/aupays\/annuaire\/loisirs\/autriche-et-pays-doc\/\" target=\"_blank\" rel=\"noopener noreferrer\"><strong>Autriche et Pays d\u2019Oc<\/strong><\/a><br \/>\nJean-Luc VIGUIER<br \/>\nPAULHAC<br \/>\n81170 MAUZIES ESPANENS<br \/>\nCourriel: <a href=\"mailto:jluc.viguier@outlook.fr\" target=\"_blank\" rel=\"noopener noreferrer\">jluc.viguier@outlook.com<\/a><\/p>\n<p><em>Information communiqu\u00e9e par Jean-Luc VIGUIER<\/em><\/p>\n<p><a href=\"http:\/\/www.o-p-i.fr\/parlonsen\/agenda\/\">Retrouvez tous les \u00e9v\u00e9nements dans l&rsquo;agenda !<\/a><\/p>\n","protected":false},"excerpt":{"rendered":"<div class=\"mh-excerpt\">2 \u00e0 4 semaines en juillet ou ao\u00fbt 2021<\/div>\n","protected":false},"author":4,"featured_media":0,"comment_status":"open","ping_status":"open","sticky":false,"template":"","format":"standard","meta":{"om_disable_all_campaigns":false,"advanced_seo_description":"","jetpack_seo_html_title":"","jetpack_seo_noindex":false,"_jetpack_memberships_contains_paid_content":false,"footnotes":"","_links_to":"","_links_to_target":""},"categories":[828,291,6,4083],"tags":[2675,128,729],"class_list":{"0":"post-46594","1":"post","2":"type-post","3":"status-publish","4":"format-standard","6":"category-au-pays-des-tescous","7":"category-solidarite","8":"category-pratique","9":"category-n-177-decembre-2020","10":"tag-etudiante-autrichienne","11":"tag-autriche-et-pays-doc","12":"tag-accueil"},"jetpack_featured_media_url":"","views":{"total":0,"cached_at":"","cached_date":1738474821},"jetpack_likes_enabled":true,"jetpack_sharing_enabled":true,"jetpack_shortlink":"https:\/\/wp.me\/pg7Wxj-c7w","jetpack-related-posts":[],"_links":{"self":[{"href":"https:\/\/www.o-p-i.fr\/parlonsen\/wp-json\/wp\/v2\/posts\/46594","targetHints":{"allow":["GET"]}}],"collection":[{"href":"https:\/\/www.o-p-i.fr\/parlonsen\/wp-json\/wp\/v2\/posts"}],"about":[{"href":"https:\/\/www.o-p-i.fr\/parlonsen\/wp-json\/wp\/v2\/types\/post"}],"author":[{"embeddable":true,"href":"https:\/\/www.o-p-i.fr\/parlonsen\/wp-json\/wp\/v2\/users\/4"}],"replies":[{"embeddable":true,"href":"https:\/\/www.o-p-i.fr\/parlonsen\/wp-json\/wp\/v2\/comments?post=46594"}],"version-history":[{"count":0,"href":"https:\/\/www.o-p-i.fr\/parlonsen\/wp-json\/wp\/v2\/posts\/46594\/revisions"}],"wp:attachment":[{"href":"https:\/\/www.o-p-i.fr\/parlonsen\/wp-json\/wp\/v2\/media?parent=46594"}],"wp:term":[{"taxonomy":"category","embeddable":true,"href":"https:\/\/www.o-p-i.fr\/parlonsen\/wp-json\/wp\/v2\/categories?post=46594"},{"taxonomy":"post_tag","embeddable":true,"href":"https:\/\/www.o-p-i.fr\/parlonsen\/wp-json\/wp\/v2\/tags?post=46594"}],"curies":[{"name":"wp","href":"https:\/\/api.w.org\/{rel}","templated":true}]}}