{"id":46605,"date":"2021-01-01T08:21:47","date_gmt":"2021-01-01T07:21:47","guid":{"rendered":"https:\/\/www.o-p-i.fr\/parlonsen\/?p=46605"},"modified":"2021-01-01T08:21:47","modified_gmt":"2021-01-01T07:21:47","slug":"operation-missingtype-au-pays-des-tescvous","status":"publish","type":"post","link":"https:\/\/www.o-p-i.fr\/parlonsen\/parlons-en\/operation-missingtype-au-pays-des-tescvous\/","title":{"rendered":"Op\u00e9ration \u00ab\u00a0MissingType\u00a0\u00bb&#8230; au Pays des Tescvou&rsquo;s"},"content":{"rendered":"<p><strong>Du lundi 4 au samedi 16 janvier 2021&#8230;<\/strong><!--more--><img data-recalc-dims=\"1\" loading=\"lazy\" decoding=\"async\" class=\"alignright size-full wp-image-39936\" src=\"https:\/\/i0.wp.com\/www.o-p-i.fr\/parlonsen\/wp-content\/uploads\/sang-1.jpg?resize=283%2C212&#038;ssl=1\" alt=\"\" width=\"283\" height=\"212\" srcset=\"https:\/\/i0.wp.com\/www.o-p-i.fr\/parlonsen\/wp-content\/uploads\/sang-1.jpg?w=283&amp;ssl=1 283w, https:\/\/i0.wp.com\/www.o-p-i.fr\/parlonsen\/wp-content\/uploads\/sang-1.jpg?resize=150%2C112&amp;ssl=1 150w\" sizes=\"auto, (max-width: 283px) 100vw, 283px\" \/>Pour les v\u0153ux de nouvelle ann\u00e9e, faites disparaitre les A,B,O pour sensibiliser \u00e0 l\u2019importance du don de sang !<br \/>\nL\u2019\u00c9tablissement fran\u00e7ais du sang (EFS) lancera le 4 janvier prochain la saison 4 de l\u2019op\u00e9ration #MissingType.<br \/>\nCette initiative solidaire consiste \u00e0 inviter le plus grand nombre \u00e0 retirer les lettres A,B,O (symbolisant les groupes sanguins) de ses supports de communication, et en tout premier lieu sur les r\u00e9seaux sociaux, pour inciter les citoyens \u00e0 faire du don de sang leur premi\u00e8re bonne r\u00e9solution 2021.<br \/>\nDu 4 au 16 janvier, l\u2019EFS invite donc les Citoyens, les marques, les institutions, les personnalit\u00e9s et au final tout un chacun \u00e0 retirer les<br \/>\nlettres A, B, et O de leurs messages, de leurs logos, de leurs posts sur les r\u00e9seaux sociaux \u2026 afin d\u2019interpeller sur les effets du manque de<br \/>\nproduits sanguins et d\u2019insister sur la n\u00e9cessaire mobilisation r\u00e9guli\u00e8re des donneurs pour subvenir aux besoins des malades. 10 000 dons de<br \/>\nsang sont n\u00e9cessaires chaque jour pour soigner tous les patients.<br \/>\nL\u2019ann\u00e9e 2020 a \u00e9t\u00e9 marqu\u00e9e par une pand\u00e9mie sans pr\u00e9c\u00e9dent, qui nous a d\u00e9montr\u00e9 une fois de plus l&rsquo;esprit de solidarit\u00e9 des Fran\u00e7ais et notamment leur engagement pour le don de sang, au moment o\u00f9 les r\u00e9serves de produits sanguins s\u2019amenuisaient en raison de la crise sanitaire. En 2021, l\u2019EFS invite ainsi les Fran\u00e7ais \u00e0 ancrer d\u00e8s les premiers jours de l\u2019ann\u00e9e le don de sang comme \u00e9tant un acte citoyen \u00e0 inclure dans ses habitudes devie.<br \/>\nLa pr\u00e9c\u00e9dente \u00e9dition de #MissingType a mobilis\u00e9e plus de 500 ambassadeurs. Parmi eux, des marques, des personnalit\u00e9s, des \u00e9tablissements de sant\u00e9, des collectivit\u00e9s territoriales, administrations publiques ou encoredes m\u00e9dias. Au total, plus d\u2019un million de personnes ont \u00e9t\u00e9 acteurs de cette grande aventure solidaire sur les r\u00e9seaux sociaux. Nous esp\u00e9rons faire encore mieux en 2021.<br \/>\nL\u2019EFS encourage tous les Fran\u00e7ais \u00e0 inventer leur propre mani\u00e8re de participer \u00e0 cette dynamique et ainsi faire de cette op\u00e9ration un formidable \u00e9lan populaire autour du don de sang. Apr\u00e8s des mois difficiles pour tous, #MissingType offre une mani\u00e8re simple, l\u00e9g\u00e8re et humoristique de s\u2019engager pour une grande cause de sant\u00e9 publique et universelle.<\/p>\n<p class=\"v1MsoNormal\"><b>Manon VALENTIN<\/b><\/p>\n<p class=\"v1MsoNormal\"><i>Charg\u00e9e de promotion du don \u2013 Bassin Quercy et Tarn<\/i><\/p>\n<p class=\"v1MsoNormal\">T\u00e9l\u00a0: 05 63 91 80 03 \/ 07 64 38 64 31<\/p>\n<p class=\"v1MsoNormal\">Mail\u00a0:\u00a0<a href=\"mailto:manon.valentin@efs.sante.fr\" rel=\"noreferrer\">manon.valentin@efs.sante.fr<\/a><\/p>\n<p class=\"v1MsoNormal\"><i>\u00a0<\/i><\/p>\n<p class=\"v1MsoNormal\"><b>\u00c9tablissement fran\u00e7ais du sang Occitanie<\/b><\/p>\n<p class=\"v1MsoNormal\">Site EFS de Montauban\u00a0: 10 rue Dr Alibert 82000 Montauban<\/p>\n<p class=\"v1MsoNormal\">Site EFS d\u2019Albi\u00a0: 8 avenue Mar\u00e9chal Lattre de Tassigny 81000 Albi<\/p>\n<p class=\"v1MsoNormal\"><a href=\"https:\/\/efs.sante.fr\/\" target=\"_blank\" rel=\"noopener noreferrer\">efs.sante.fr<\/a>\u00a0 &#8211;\u00a0\u00a0<a href=\"https:\/\/dondesang.efs.sante.fr\/\" target=\"_blank\" rel=\"noopener noreferrer\">dondesang.efs.sante.fr<\/a><\/p>\n<p class=\"v1MsoNormal\">\n<p>&nbsp;<\/p>\n<p>&nbsp;<\/p>\n","protected":false},"excerpt":{"rendered":"<div class=\"mh-excerpt\">Du lundi 4 au samedi 16 janvier 2021&#8230;<\/div>\n","protected":false},"author":4,"featured_media":0,"comment_status":"open","ping_status":"open","sticky":false,"template":"","format":"standard","meta":{"om_disable_all_campaigns":false,"advanced_seo_description":"","jetpack_seo_html_title":"","jetpack_seo_noindex":false,"_jetpack_memberships_contains_paid_content":false,"footnotes":"","_links_to":"","_links_to_target":""},"categories":[52],"tags":[],"class_list":{"0":"post-46605","1":"post","2":"type-post","3":"status-publish","4":"format-standard","6":"category-parlons-en"},"jetpack_featured_media_url":"","views":{"total":0,"cached_at":"","cached_date":1738395127},"jetpack_likes_enabled":true,"jetpack_sharing_enabled":true,"jetpack_shortlink":"https:\/\/wp.me\/pg7Wxj-c7H","jetpack-related-posts":[],"_links":{"self":[{"href":"https:\/\/www.o-p-i.fr\/parlonsen\/wp-json\/wp\/v2\/posts\/46605","targetHints":{"allow":["GET"]}}],"collection":[{"href":"https:\/\/www.o-p-i.fr\/parlonsen\/wp-json\/wp\/v2\/posts"}],"about":[{"href":"https:\/\/www.o-p-i.fr\/parlonsen\/wp-json\/wp\/v2\/types\/post"}],"author":[{"embeddable":true,"href":"https:\/\/www.o-p-i.fr\/parlonsen\/wp-json\/wp\/v2\/users\/4"}],"replies":[{"embeddable":true,"href":"https:\/\/www.o-p-i.fr\/parlonsen\/wp-json\/wp\/v2\/comments?post=46605"}],"version-history":[{"count":0,"href":"https:\/\/www.o-p-i.fr\/parlonsen\/wp-json\/wp\/v2\/posts\/46605\/revisions"}],"wp:attachment":[{"href":"https:\/\/www.o-p-i.fr\/parlonsen\/wp-json\/wp\/v2\/media?parent=46605"}],"wp:term":[{"taxonomy":"category","embeddable":true,"href":"https:\/\/www.o-p-i.fr\/parlonsen\/wp-json\/wp\/v2\/categories?post=46605"},{"taxonomy":"post_tag","embeddable":true,"href":"https:\/\/www.o-p-i.fr\/parlonsen\/wp-json\/wp\/v2\/tags?post=46605"}],"curies":[{"name":"wp","href":"https:\/\/api.w.org\/{rel}","templated":true}]}}