{"id":46757,"date":"2021-03-25T10:44:50","date_gmt":"2021-03-25T09:44:50","guid":{"rendered":"https:\/\/www.o-p-i.fr\/parlonsen\/?p=46757"},"modified":"2021-07-08T08:46:05","modified_gmt":"2021-07-08T07:46:05","slug":"universite-occitane-dete-a-laguepie-82-2","status":"publish","type":"post","link":"https:\/\/www.o-p-i.fr\/parlonsen\/parlons-en\/universite-occitane-dete-a-laguepie-82-2\/","title":{"rendered":"Universit\u00e9 occitane d&rsquo;\u00e9t\u00e9 &#8230;\u00e0 Lagu\u00e9pie (82)"},"content":{"rendered":"<p>Du <strong>lundi 12 au lundi 19 juillet 202<\/strong>1. <!--more--><\/p>\n<p><img data-recalc-dims=\"1\" loading=\"lazy\" decoding=\"async\" class=\"aligncenter size-full wp-image-46758\" src=\"https:\/\/i0.wp.com\/www.o-p-i.fr\/parlonsen\/wp-content\/uploads\/LENGAVIVA.jpg?resize=624%2C219&#038;ssl=1\" alt=\"\" width=\"624\" height=\"219\" srcset=\"https:\/\/i0.wp.com\/www.o-p-i.fr\/parlonsen\/wp-content\/uploads\/LENGAVIVA.jpg?w=624&amp;ssl=1 624w, https:\/\/i0.wp.com\/www.o-p-i.fr\/parlonsen\/wp-content\/uploads\/LENGAVIVA.jpg?resize=300%2C105&amp;ssl=1 300w, https:\/\/i0.wp.com\/www.o-p-i.fr\/parlonsen\/wp-content\/uploads\/LENGAVIVA.jpg?resize=150%2C53&amp;ssl=1 150w, https:\/\/i0.wp.com\/www.o-p-i.fr\/parlonsen\/wp-content\/uploads\/LENGAVIVA.jpg?resize=400%2C140&amp;ssl=1 400w\" sizes=\"auto, (max-width: 624px) 100vw, 624px\" \/><\/p>\n<p>L\u2019<strong>Universit\u00e9 occitane d\u2019\u00e9t\u00e9 de Lagu\u00e9pie<\/strong> est un lieu et un temps d\u2019enseignement, d\u2019animation, d\u2019\u00e9tudes, mais aussi de rencontres (et d\u2019\u00e9changes) improbables ailleurs : les \u00e9l\u00e8ves des cours peuvent parler avec des locuteurs naturels du voisinage, comme avec les auteurs, intellectuels et artistes de renom, les vieux sages avec les jeunes fougueux, la culture \u00ab savante \u00bb rencontre la culture populaire, les \u00e9trangers rencontrent ceux du pays sur des questions d\u2019histoire et de patrimoine\u2026 Tout cela dans une ambiance \u00e0 la fois studieuse et d\u00e9tendue, les orteils dans l\u2019eau du Viaur et de l\u2019Aveyron, et avec la conscience d\u2019oeuvrer, ensemble, pour l\u2019avenir du pays.<\/p>\n<ul>\n<li>Pour consulter le programme de\u00a0 l\u2019Universit\u00e9 Occitane de Lagu\u00e9pie avec les photos et d\u2019autres pr\u00e9cisions, vous pouvez cliquer directement sur le lien suivant (site de Lenga Viva) :\u00a0 <strong><a href=\"http:\/\/www.lengaviva.com\/?lang=fr\" target=\"_blank\" rel=\"noopener noreferrer\">Lenga Viva<\/a><\/strong><\/li>\n<\/ul>\n<figure id=\"attachment_46759\" aria-describedby=\"caption-attachment-46759\" style=\"width: 113px\" class=\"wp-caption alignleft\"><img data-recalc-dims=\"1\" loading=\"lazy\" decoding=\"async\" class=\"wp-image-46759 size-full\" src=\"https:\/\/i0.wp.com\/www.o-p-i.fr\/parlonsen\/wp-content\/uploads\/LENGAVIVA-sigle.jpg?resize=113%2C113&#038;ssl=1\" alt=\"\" width=\"113\" height=\"113\" \/><figcaption id=\"caption-attachment-46759\" class=\"wp-caption-text\">lenga viva<\/figcaption><\/figure>\n<p><strong>Contact:<\/strong><\/p>\n<p>Par t\u00e9l\u00e9phone :<\/p>\n<p>-&gt; 06 64 77 25 25 (David Brunel, Coordinateur de l\u2019Universit\u00e9 Occitane de Lagu\u00e9pie)<\/p>\n<p>-&gt; 05 63 30 20 81 (Mairie de Lagu\u00e9pie)<\/p>\n<p>Par courriel : <a href=\"mailto:universitat.laguepie@gmail.com\" target=\"_blank\" rel=\"noopener noreferrer\">universitat.laguepie@gmail.com<\/a><br \/>\n<a href=\"universitatoccitanadelaguepia@lengaviva.com\" target=\"_blank\" rel=\"noopener noreferrer\"> universitatoccitanadelaguepia@lengaviva.com<\/a><\/p>\n","protected":false},"excerpt":{"rendered":"<div class=\"mh-excerpt\">Du lundi 12 au lundi 19 juillet 2021.<\/div>\n","protected":false},"author":4,"featured_media":0,"comment_status":"open","ping_status":"open","sticky":false,"template":"","format":"standard","meta":{"om_disable_all_campaigns":false,"advanced_seo_description":"","jetpack_seo_html_title":"","jetpack_seo_noindex":false,"_jetpack_memberships_contains_paid_content":false,"footnotes":"","_links_to":"","_links_to_target":""},"categories":[52],"tags":[],"class_list":{"0":"post-46757","1":"post","2":"type-post","3":"status-publish","4":"format-standard","6":"category-parlons-en"},"jetpack_featured_media_url":"","views":{"total":0,"cached_at":"","cached_date":1738395603},"jetpack_likes_enabled":true,"jetpack_sharing_enabled":true,"jetpack_shortlink":"https:\/\/wp.me\/pg7Wxj-ca9","jetpack-related-posts":[],"_links":{"self":[{"href":"https:\/\/www.o-p-i.fr\/parlonsen\/wp-json\/wp\/v2\/posts\/46757","targetHints":{"allow":["GET"]}}],"collection":[{"href":"https:\/\/www.o-p-i.fr\/parlonsen\/wp-json\/wp\/v2\/posts"}],"about":[{"href":"https:\/\/www.o-p-i.fr\/parlonsen\/wp-json\/wp\/v2\/types\/post"}],"author":[{"embeddable":true,"href":"https:\/\/www.o-p-i.fr\/parlonsen\/wp-json\/wp\/v2\/users\/4"}],"replies":[{"embeddable":true,"href":"https:\/\/www.o-p-i.fr\/parlonsen\/wp-json\/wp\/v2\/comments?post=46757"}],"version-history":[{"count":0,"href":"https:\/\/www.o-p-i.fr\/parlonsen\/wp-json\/wp\/v2\/posts\/46757\/revisions"}],"wp:attachment":[{"href":"https:\/\/www.o-p-i.fr\/parlonsen\/wp-json\/wp\/v2\/media?parent=46757"}],"wp:term":[{"taxonomy":"category","embeddable":true,"href":"https:\/\/www.o-p-i.fr\/parlonsen\/wp-json\/wp\/v2\/categories?post=46757"},{"taxonomy":"post_tag","embeddable":true,"href":"https:\/\/www.o-p-i.fr\/parlonsen\/wp-json\/wp\/v2\/tags?post=46757"}],"curies":[{"name":"wp","href":"https:\/\/api.w.org\/{rel}","templated":true}]}}