{"id":4677,"date":"2010-08-10T18:28:25","date_gmt":"2010-08-10T16:28:25","guid":{"rendered":"\/parlonsen\/?p=4677"},"modified":"2010-08-10T18:33:20","modified_gmt":"2010-08-10T16:33:20","slug":"fete-des-vendanges-au-%c2%ab-domaine-de-montels-%c2%bb-a-albias","status":"publish","type":"post","link":"https:\/\/www.o-p-i.fr\/parlonsen\/parlons-en\/culture\/fete-des-vendanges-au-%c2%ab-domaine-de-montels-%c2%bb-a-albias\/","title":{"rendered":"F\u00eate des Vendanges au \u00ab Domaine de Montels \u00bb &#8230; \u00e0 Albias"},"content":{"rendered":"<p style=\"text-align: justify;\">L\u2019Association \u00ab De Fermes en F\u00eates \u00bb organise la <strong><span style=\"color: #008000;\">F\u00eate des Vendanges 2010<\/span><\/strong> le <span style=\"color: #008000;\"><strong>Dimanche 5 septembre 2010<\/strong><\/span> au Domaine de Montels.<!--more--><\/p>\n<p style=\"text-align: justify;\"><span style=\"color: #008000;\"><strong><\/strong><\/span><\/p>\n<figure id=\"attachment_4680\" aria-describedby=\"caption-attachment-4680\" style=\"width: 400px\" class=\"wp-caption alignleft\"><strong><strong><img data-recalc-dims=\"1\" loading=\"lazy\" decoding=\"async\" class=\"size-full wp-image-4680\" title=\"Albias (82)\" src=\"https:\/\/i0.wp.com\/www.o-p-i.fr\/parlonsen\/wp-content\/uploads\/fly_vendanges.jpg?resize=400%2C300&#038;ssl=1\" alt=\"Albias (82)\" width=\"400\" height=\"300\" srcset=\"https:\/\/i0.wp.com\/www.o-p-i.fr\/parlonsen\/wp-content\/uploads\/fly_vendanges.jpg?w=400&amp;ssl=1 400w, https:\/\/i0.wp.com\/www.o-p-i.fr\/parlonsen\/wp-content\/uploads\/fly_vendanges.jpg?resize=300%2C225&amp;ssl=1 300w\" sizes=\"auto, (max-width: 400px) 100vw, 400px\" \/><\/strong><\/strong><figcaption id=\"caption-attachment-4680\" class=\"wp-caption-text\">Albias (82)<\/figcaption><\/figure>\n<p style=\"text-align: justify;\"><span style=\"color: #008000;\"><strong>Un dimanche rythm\u00e9 entre d\u00e9gustations, animations et ambiance de terroir garantie pour toute la famille !<\/strong><\/span><\/p>\n<p style=\"text-align: justify;\">La F\u00eate des Vendanges organis\u00e9e par l\u2019Association de Fermes en F\u00eate se d\u00e9roule sur une journ\u00e9e ponctu\u00e9e par de nombreux ateliers, un repas champ\u00eatre \u00e0 midi et des vendanges \u00e0 l\u2019ancienne avec cheval de trait, \u00e9grappoir de l\u2019\u00e9poque et pressoir manuel&#8230; L\u2019objectif est de r\u00e9unir autour du th\u00e8me du vin les savoir-faire artisanaux, gastronomiques, \u0153nologiques qui permettent au vin d\u2019acqu\u00e9rir ses lettres de noblesse. Renouer avec l\u2019esprit des vendanges traditionnelles pendant lesquelles le go\u00fbt et la f\u00eate sont \u00e0 l\u2019honneur. Une quinzaine de producteurs s\u00e9lectionn\u00e9s pour la qualit\u00e9 de leurs produits font d\u00e9couvrir leur savoir-faire : jus de fruits, confitures et coulis de miel, vins, fromages, fruits et l\u00e9gumes de saison&#8230;<\/p>\n<p style=\"text-align: justify;\"><span style=\"color: #008000;\"><strong>Des animations tout au long de la journ\u00e9e<\/strong><\/span><\/p>\n<p style=\"text-align: justify;\">Concours de peinture, d\u00e9monstration de m\u00e9tiers anciens, tonnelier, jeux  du vin, danses occitanes, atelier cr\u00e9ation \u00e0 partir d\u2019objets usagers, atelier de musique pour enfant, bouilleur de cru, rouleurs de barriques, le\u00e7ons de cuisine organis\u00e9es par l\u2019Association des Restaurateurs de Tarn et Garonne et le lyc\u00e9e P.M Th\u00e9as de Montauban, cours de d\u00e9gustation organis\u00e9s par des sommeliers professionnels, promenades en cal\u00e8che et poneys, travail des vignes en traction animale, forgerons&#8230;<\/p>\n<p style=\"text-align: justify;\"><span style=\"color: #008000;\"><strong>Les nouveaut\u00e9s 2010 \u00e0 ne pas manquer<\/strong><\/span><\/p>\n<p style=\"text-align: justify;\">Quelques nouveaut\u00e9s ; le labyrinthe des saveurs, le casino des vins,  l\u2019aventure du grain de raisin, un march\u00e9 fermier qui s\u2019agrandit et des vendanges en habit d\u2019\u00e9poque&#8230; Cette ann\u00e9e une exposition autour de la vinification sera organis\u00e9e avec des aquariums de vinification.<\/p>\n<p style=\"text-align: justify;\"><span style=\"color: #008000;\"><strong>Et si nous mettions un peu d\u2019art dans notre vin !<\/strong><\/span><\/p>\n<p style=\"text-align: justify;\">Cette ann\u00e9e des artisans d\u2019art (c\u00e9ramiste, tapissier, peintres sur toile), des amateurs et m\u00eame des professionnels exposent et effectuent des d\u00e9monstrations. Parmi eux, l\u2019artiste R\u00e9my Bousquet cr\u00e9e un atelier itin\u00e9rant pour capter l\u2019esprit de la f\u00eate et le retranscrire dans ses \u0153uvres. Sans oublier, un nouveau concept l\u2019atelier de peinture sur lie.<\/p>\n<p style=\"text-align: justify;\"><span style=\"color: #008000;\"><strong>Se restaurer sur place : Le Grand Repas Champ\u00eatre de Midi<\/strong><\/span><\/p>\n<p style=\"text-align: justify;\">Organis\u00e9 par l\u2019Association de Fermes en F\u00eates, le public pourra d\u00e9guster, sous les arbres du Domaine ou dans le chai, les sp\u00e9cialit\u00e9s des producteurs.<br \/>\nDeux formules au choix :<br \/>\n&#8211; Entr\u00e9e\/Plat\/Dessert, un verre de vin : 17 euros\/personne<br \/>\n&#8211; Menu Enfant : 8 euros<br \/>\nR\u00e9servation directement au domaine de Montels ou sur place le jour de la manifestation.<\/p>\n<p style=\"text-align: justify;\"><span style=\"color: #008000;\"><strong>Pour y aller &#8230;<\/strong><\/span><\/p>\n<p style=\"text-align: justify;\">Le domaine est situ\u00e9 entre Montauban et Caussade, \u00e0 2kms d\u2019Albias.<\/p>\n<p style=\"text-align: justify;\">Association \u00ab de Fermes en F\u00eates \u00bb<\/p>\n<p style=\"text-align: justify;\">SAVEURS et TERROIRS de Tarn &amp; Garonne<\/p>\n<p style=\"text-align: justify;\"><span style=\"color: #008000;\"><strong>Contact : Domaine de Montels <\/strong><br \/>\n82350 ALBIAS<br \/>\n<\/span><\/p>\n<p style=\"text-align: justify;\"><span style=\"color: #008000;\">T\u00e9l. : 05 63 31 02 82 \/ 06 82 10 78 93<\/span><\/p>\n<p style=\"text-align: justify;\"><span style=\"color: #008000;\">Courriel : <\/span><a href=\"mailto:domaine-de-montels@orange.fr\"><span style=\"color: #008000;\">domaine-de-montels@orange.fr<\/span><\/a><\/p>\n<p style=\"text-align: justify;\"><span style=\"color: #008000;\">Site : <a title=\"Ouvre le site dans une nouvelle fen\u00eatre\" href=\"http:\/\/www.domaine-de-montels.com\" target=\"_blank\">www.domaine-de-montels.com<\/a><\/span><\/p>\n<p style=\"text-align: justify;\"><em>Communiqu\u00e9 de Mathilde Lacour pour le Domaine de Montels<\/em><\/p>\n<p><a href=\"https:\/\/www.o-p-i.fr\/parlonsen\/agenda\/\"><strong>Retrouvez tous les \u00e9v\u00e8nements dans l&rsquo;agenda !<\/strong><\/a><\/p>\n","protected":false},"excerpt":{"rendered":"<div class=\"mh-excerpt\">L\u2019Association \u00ab De Fermes en F\u00eates \u00bb organise la F\u00eate des Vendanges 2010 le Dimanche 5 septembre 2010 au Domaine de Montels.<\/div>\n","protected":false},"author":2,"featured_media":0,"comment_status":"open","ping_status":"open","sticky":false,"template":"","format":"standard","meta":{"om_disable_all_campaigns":false,"advanced_seo_description":"","jetpack_seo_html_title":"","jetpack_seo_noindex":false,"_jetpack_memberships_contains_paid_content":false,"footnotes":"","_links_to":"","_links_to_target":""},"categories":[3,51,4,42,1,54,633],"tags":[157,172,178,330,513,638,639,640],"class_list":{"0":"post-4677","1":"post","2":"type-post","3":"status-publish","4":"format-standard","6":"category-agriculture","7":"category-artisanat","8":"category-commerce","9":"category-a-cote-de-chez-nous","10":"category-culture","11":"category-loisirs","12":"category-n-52-aout-2010","13":"tag-repas","14":"tag-exposition","15":"tag-peinture","16":"tag-rencontre","17":"tag-vin","18":"tag-vendanges","19":"tag-domaine-de-montels","20":"tag-albias"},"jetpack_featured_media_url":"","views":{"total":0,"cached_at":"","cached_date":1738516914},"jetpack_likes_enabled":true,"jetpack_sharing_enabled":true,"jetpack_shortlink":"https:\/\/wp.me\/pg7Wxj-1dr","jetpack-related-posts":[],"_links":{"self":[{"href":"https:\/\/www.o-p-i.fr\/parlonsen\/wp-json\/wp\/v2\/posts\/4677","targetHints":{"allow":["GET"]}}],"collection":[{"href":"https:\/\/www.o-p-i.fr\/parlonsen\/wp-json\/wp\/v2\/posts"}],"about":[{"href":"https:\/\/www.o-p-i.fr\/parlonsen\/wp-json\/wp\/v2\/types\/post"}],"author":[{"embeddable":true,"href":"https:\/\/www.o-p-i.fr\/parlonsen\/wp-json\/wp\/v2\/users\/2"}],"replies":[{"embeddable":true,"href":"https:\/\/www.o-p-i.fr\/parlonsen\/wp-json\/wp\/v2\/comments?post=4677"}],"version-history":[{"count":0,"href":"https:\/\/www.o-p-i.fr\/parlonsen\/wp-json\/wp\/v2\/posts\/4677\/revisions"}],"wp:attachment":[{"href":"https:\/\/www.o-p-i.fr\/parlonsen\/wp-json\/wp\/v2\/media?parent=4677"}],"wp:term":[{"taxonomy":"category","embeddable":true,"href":"https:\/\/www.o-p-i.fr\/parlonsen\/wp-json\/wp\/v2\/categories?post=4677"},{"taxonomy":"post_tag","embeddable":true,"href":"https:\/\/www.o-p-i.fr\/parlonsen\/wp-json\/wp\/v2\/tags?post=4677"}],"curies":[{"name":"wp","href":"https:\/\/api.w.org\/{rel}","templated":true}]}}