{"id":4684,"date":"2010-08-11T16:03:00","date_gmt":"2010-08-11T14:03:00","guid":{"rendered":"\/parlonsen\/?p=4684"},"modified":"2010-08-11T16:03:00","modified_gmt":"2010-08-11T14:03:00","slug":"deux-auteurs-au-marche-occitan-a-monclar-de-quercy","status":"publish","type":"post","link":"https:\/\/www.o-p-i.fr\/parlonsen\/parlons-en\/culture\/deux-auteurs-au-marche-occitan-a-monclar-de-quercy\/","title":{"rendered":"Deux auteurs au march\u00e9 occitan &#8230; \u00e0 Monclar de Quercy"},"content":{"rendered":"<p style=\"text-align: justify;\">Ce <span style=\"color: #003366;\"><strong>dimanche 15 ao\u00fbt<\/strong><\/span>, le march\u00e9 occitan accueillera des auteurs comme cela est souvent le cas, entre les auteurs et Monclar, c&rsquo;est une v\u00e9ritable histoire d&rsquo;amour. <!--more-->Chaque ann\u00e9e, ils sont une cinquantaine, le dernier dimanche d&rsquo;ao\u00fbt \u00e0 venir au salon du livre et bourse toutes collections qui se tient salle du lac.<br \/>\nComme le public Monclarais est tr\u00e8s agr\u00e9able, nous invitons aussi des auteurs au march\u00e9 occitan.<\/p>\n<p style=\"text-align: justify;\"><span style=\"color: #003366;\"><\/p>\n<figure style=\"width: 250px\" class=\"wp-caption alignleft\"><img data-recalc-dims=\"1\" loading=\"lazy\" decoding=\"async\" title=\"Jacqueline Boy\u00e9 sera \u00e0 Monclar dimanche 15 ao\u00fbt de 10h \u00e0 midi. Retrouvez la, avec plus de 60 auteurs, sur le site 7 \u00e0 lire !\" src=\"https:\/\/i0.wp.com\/www.o-p-i.fr\/7alire\/wp-content\/uploads\/jacquelineboye.jpg?resize=250%2C237&#038;ssl=1\" alt=\"Jacqueline Boy\u00e9 sera \u00e0 Monclar dimanche 15 ao\u00fbt de 10h \u00e0 midi. Retrouvez la, avec plus de 60 auteurs, sur le site 7 \u00e0 lire !\" width=\"250\" height=\"237\" \/><figcaption class=\"wp-caption-text\">Jacqueline Boy\u00e9 sera \u00e0 Monclar dimanche 15 ao\u00fbt de 10h \u00e0 midi. Retrouvez la, avec plus de 60 auteurs, sur le site 7 \u00e0 lire !<\/figcaption><\/figure>\n<p>Dimanche 15 ao\u00fbt<\/span>, place des Capitouls, vous pourrez venir dialoguer avec la romanci\u00e8re <a title=\"En savoir +\" href=\"https:\/\/www.o-p-i.fr\/7alire\/category\/auteurs-contemporains\/%C2%A9-boye-jacqueline\/\">Jacqueline BOYE<\/a> qui vous pr\u00e9sentera ses 6 romans &#8211; dont le dernier \u00ab\u00a0Face au soleil\u00a0\u00bb &#8211; ainsi que la r\u00e9\u00e9dition de la biographie de son p\u00e8re \u00ab\u00a0Il \u00e9tait une fois le Docteur Boy\u00e9\u00a0\u00bb.<br \/>\nVous pourrez \u00e9galement appr\u00e9cier la po\u00e9sie de <a title=\"En savoir +\" href=\"https:\/\/www.o-p-i.fr\/7alire\/category\/auteurs-contemporains\/%C2%A9-soumeillan-marie\/\">Marie SOUMEILLAN<\/a> qui vous pr\u00e9sentera ses ouvrages mais interviendra aussi au micro pour vous lire ou chanter quelques unes de ses cr\u00e9ations.<\/p>\n<p style=\"text-align: justify;\"><span style=\"color: #003366;\"><strong>Renseignements :<\/strong><br \/>\nOffice de Tourisme du Quercy Vert<br \/>\nT\u00e9l. : 05 63 30 31 72 <\/span><\/p>\n<p style=\"text-align: justify;\"><span style=\"color: #003366;\"><a title=\"En savoir +\" href=\"https:\/\/www.o-p-i.fr\/7alire\/auteurs-contemporains\/\">Autriche et Pays d&rsquo;Oc<\/a><br \/>\nT\u00e9l. : 06 71 00 29 25<br \/>\nCourriel : <a href=\"mailto:journalrobert@wanadoo.fr \">journalrobert@wanadoo.fr <\/a><br \/>\nSite : <a href=\"https:\/\/www.o-p-i.fr\/7alire\">www.o-p-i.fr\/7alire<\/a><\/span><\/p>\n<p style=\"text-align: justify;\"><em>Communiqu\u00e9 de Robert Linas<\/em><\/p>\n","protected":false},"excerpt":{"rendered":"<div class=\"mh-excerpt\">Ce dimanche 15 ao\u00fbt, le march\u00e9 occitan accueillera des auteurs comme cela est souvent le cas, entre les auteurs et Monclar, c&rsquo;est une v\u00e9ritable histoire d&rsquo;amour.<\/div>\n","protected":false},"author":2,"featured_media":0,"comment_status":"open","ping_status":"open","sticky":false,"template":"","format":"standard","meta":{"om_disable_all_campaigns":false,"advanced_seo_description":"","jetpack_seo_html_title":"","jetpack_seo_noindex":false,"_jetpack_memberships_contains_paid_content":false,"footnotes":"","_links_to":"","_links_to_target":""},"categories":[4,1,16,54,633],"tags":[127,138,146,147,330,424],"class_list":{"0":"post-4684","1":"post","2":"type-post","3":"status-publish","4":"format-standard","6":"category-commerce","7":"category-culture","8":"category-monclar","9":"category-loisirs","10":"category-n-52-aout-2010","11":"tag-actualites-litteraires","12":"tag-marche","13":"tag-auteur","14":"tag-dedicace","15":"tag-rencontre","16":"tag-livre"},"jetpack_featured_media_url":"","views":{"total":0,"cached_at":"","cached_date":1738516901},"jetpack_likes_enabled":true,"jetpack_sharing_enabled":true,"jetpack_shortlink":"https:\/\/wp.me\/pg7Wxj-1dy","jetpack-related-posts":[],"_links":{"self":[{"href":"https:\/\/www.o-p-i.fr\/parlonsen\/wp-json\/wp\/v2\/posts\/4684","targetHints":{"allow":["GET"]}}],"collection":[{"href":"https:\/\/www.o-p-i.fr\/parlonsen\/wp-json\/wp\/v2\/posts"}],"about":[{"href":"https:\/\/www.o-p-i.fr\/parlonsen\/wp-json\/wp\/v2\/types\/post"}],"author":[{"embeddable":true,"href":"https:\/\/www.o-p-i.fr\/parlonsen\/wp-json\/wp\/v2\/users\/2"}],"replies":[{"embeddable":true,"href":"https:\/\/www.o-p-i.fr\/parlonsen\/wp-json\/wp\/v2\/comments?post=4684"}],"version-history":[{"count":0,"href":"https:\/\/www.o-p-i.fr\/parlonsen\/wp-json\/wp\/v2\/posts\/4684\/revisions"}],"wp:attachment":[{"href":"https:\/\/www.o-p-i.fr\/parlonsen\/wp-json\/wp\/v2\/media?parent=4684"}],"wp:term":[{"taxonomy":"category","embeddable":true,"href":"https:\/\/www.o-p-i.fr\/parlonsen\/wp-json\/wp\/v2\/categories?post=4684"},{"taxonomy":"post_tag","embeddable":true,"href":"https:\/\/www.o-p-i.fr\/parlonsen\/wp-json\/wp\/v2\/tags?post=4684"}],"curies":[{"name":"wp","href":"https:\/\/api.w.org\/{rel}","templated":true}]}}