{"id":46865,"date":"2021-05-05T11:15:14","date_gmt":"2021-05-05T10:15:14","guid":{"rendered":"https:\/\/www.o-p-i.fr\/parlonsen\/?p=46865"},"modified":"2021-05-06T07:58:46","modified_gmt":"2021-05-06T06:58:46","slug":"vide-greniers-a-cayriech-82","status":"publish","type":"post","link":"https:\/\/www.o-p-i.fr\/parlonsen\/parlons-en\/pratique\/vide-greniers-a-cayriech-82\/","title":{"rendered":"Vide greniers&#8230; \u00e0  Cayriech (82)"},"content":{"rendered":"<p>Le<del>dimanche 9 mai 2021,<\/del><span style=\"color: #ff0000;\">report\u00e9<\/span> au <strong>dimanche 13 juin 2021..<\/strong><!--more--><\/p>\n<p><img data-recalc-dims=\"1\" loading=\"lazy\" decoding=\"async\" class=\"alignleft size-full wp-image-46866\" src=\"https:\/\/i0.wp.com\/www.o-p-i.fr\/parlonsen\/wp-content\/uploads\/COM-FETES-CAYRIECH.jpg?resize=283%2C257&#038;ssl=1\" alt=\"\" width=\"283\" height=\"257\" srcset=\"https:\/\/i0.wp.com\/www.o-p-i.fr\/parlonsen\/wp-content\/uploads\/COM-FETES-CAYRIECH.jpg?w=283&amp;ssl=1 283w, https:\/\/i0.wp.com\/www.o-p-i.fr\/parlonsen\/wp-content\/uploads\/COM-FETES-CAYRIECH.jpg?resize=150%2C136&amp;ssl=1 150w\" sizes=\"auto, (max-width: 283px) 100vw, 283px\" \/>Si la situation sanitaire suit son cours, que la lev\u00e9e des 10 km ait lieu et que la vente de produits non essentiels soit autoris\u00e9e, il aura bien lieu.<\/p>\n<p>Vous pouvez t\u00e9l\u00e9charger le r\u00e8glement et le bulletin d&rsquo;inscription en cliquant:\u00a0 <strong><a href=\"https:\/\/www.o-p-i.fr\/parlonsen\/wp-content\/uploads\/FORMULAIRE-DINSCRIPTION-MAI-2021-VIDE-GRENIER-CAYRIECH.pdf\">FORMULAIRE D&rsquo;INSCRIPTION MAI 2021 VIDE GRENIER CAYRIECH<\/a><\/strong><\/p>\n<p>&nbsp;<\/p>\n<p><img data-recalc-dims=\"1\" loading=\"lazy\" decoding=\"async\" class=\"alignright wp-image-46868\" src=\"https:\/\/i0.wp.com\/www.o-p-i.fr\/parlonsen\/wp-content\/uploads\/PLAN-CAYRIECH.jpg?resize=450%2C179&#038;ssl=1\" alt=\"\" width=\"450\" height=\"179\" srcset=\"https:\/\/i0.wp.com\/www.o-p-i.fr\/parlonsen\/wp-content\/uploads\/PLAN-CAYRIECH.jpg?w=370&amp;ssl=1 370w, https:\/\/i0.wp.com\/www.o-p-i.fr\/parlonsen\/wp-content\/uploads\/PLAN-CAYRIECH.jpg?resize=300%2C119&amp;ssl=1 300w, https:\/\/i0.wp.com\/www.o-p-i.fr\/parlonsen\/wp-content\/uploads\/PLAN-CAYRIECH.jpg?resize=150%2C60&amp;ssl=1 150w\" sizes=\"auto, (max-width: 450px) 100vw, 450px\" \/><\/p>\n<p>\u200b<\/p>\n<p>&nbsp;<\/p>\n<p>&nbsp;<\/p>\n<div><strong>Comit\u00e9 des F\u00eates de CAYRIECH, <\/strong><\/div>\n<div>1 Route de PUYLAROQUE,<\/div>\n<div>82240 CAYRIECH<\/div>\n<div>Courriel: <a href=\"mailto:comitedesfetescayriech@hotmail.com\" target=\"_blank\" rel=\"noopener noreferrer\">comitedesfetescayriech@hotmail.com<\/a><\/div>\n<p><em>Information communiqu\u00e9e par Florence PETIT<\/em><\/p>\n","protected":false},"excerpt":{"rendered":"<div class=\"mh-excerpt\">Ledimanche 9 mai 2021,report\u00e9 au dimanche 13 juin 2021..<\/div>\n","protected":false},"author":4,"featured_media":0,"comment_status":"open","ping_status":"open","sticky":false,"template":"","format":"standard","meta":{"om_disable_all_campaigns":false,"advanced_seo_description":"","jetpack_seo_html_title":"","jetpack_seo_noindex":false,"_jetpack_memberships_contains_paid_content":false,"footnotes":"","_links_to":"","_links_to_target":""},"categories":[42,129,6,4127],"tags":[1004,3123,3328,4164],"class_list":{"0":"post-46865","1":"post","2":"type-post","3":"status-publish","4":"format-standard","6":"category-a-cote-de-chez-nous","7":"category-vide-grenier","8":"category-pratique","9":"category-n-182-mai-2021","10":"tag-cayriech","11":"tag-inscription","12":"tag-vide-greniers","13":"tag-reglement"},"jetpack_featured_media_url":"","views":{"total":0,"cached_at":"","cached_date":1738526852},"jetpack_likes_enabled":true,"jetpack_sharing_enabled":true,"jetpack_shortlink":"https:\/\/wp.me\/pg7Wxj-cbT","jetpack-related-posts":[],"_links":{"self":[{"href":"https:\/\/www.o-p-i.fr\/parlonsen\/wp-json\/wp\/v2\/posts\/46865","targetHints":{"allow":["GET"]}}],"collection":[{"href":"https:\/\/www.o-p-i.fr\/parlonsen\/wp-json\/wp\/v2\/posts"}],"about":[{"href":"https:\/\/www.o-p-i.fr\/parlonsen\/wp-json\/wp\/v2\/types\/post"}],"author":[{"embeddable":true,"href":"https:\/\/www.o-p-i.fr\/parlonsen\/wp-json\/wp\/v2\/users\/4"}],"replies":[{"embeddable":true,"href":"https:\/\/www.o-p-i.fr\/parlonsen\/wp-json\/wp\/v2\/comments?post=46865"}],"version-history":[{"count":0,"href":"https:\/\/www.o-p-i.fr\/parlonsen\/wp-json\/wp\/v2\/posts\/46865\/revisions"}],"wp:attachment":[{"href":"https:\/\/www.o-p-i.fr\/parlonsen\/wp-json\/wp\/v2\/media?parent=46865"}],"wp:term":[{"taxonomy":"category","embeddable":true,"href":"https:\/\/www.o-p-i.fr\/parlonsen\/wp-json\/wp\/v2\/categories?post=46865"},{"taxonomy":"post_tag","embeddable":true,"href":"https:\/\/www.o-p-i.fr\/parlonsen\/wp-json\/wp\/v2\/tags?post=46865"}],"curies":[{"name":"wp","href":"https:\/\/api.w.org\/{rel}","templated":true}]}}