{"id":46909,"date":"2021-04-30T08:02:41","date_gmt":"2021-04-30T07:02:41","guid":{"rendered":"https:\/\/www.o-p-i.fr\/parlonsen\/?p=46909"},"modified":"2021-04-30T08:02:41","modified_gmt":"2021-04-30T07:02:41","slug":"ou-donner-son-sang-dans-le-tarn-5","status":"publish","type":"post","link":"https:\/\/www.o-p-i.fr\/parlonsen\/localisation\/a-cote-de-chez-nous\/ou-donner-son-sang-dans-le-tarn-5\/","title":{"rendered":"O\u00f9 donner son sang dans le Tarn"},"content":{"rendered":"<p>au <strong>mois de mai 2021.<\/strong><!--more--><img data-recalc-dims=\"1\" loading=\"lazy\" decoding=\"async\" class=\"alignright size-full wp-image-34203\" src=\"https:\/\/i0.wp.com\/www.o-p-i.fr\/parlonsen\/wp-content\/uploads\/sang-2.jpg?resize=340%2C340&#038;ssl=1\" alt=\"\" width=\"340\" height=\"340\" srcset=\"https:\/\/i0.wp.com\/www.o-p-i.fr\/parlonsen\/wp-content\/uploads\/sang-2.jpg?w=340&amp;ssl=1 340w, https:\/\/i0.wp.com\/www.o-p-i.fr\/parlonsen\/wp-content\/uploads\/sang-2.jpg?resize=150%2C150&amp;ssl=1 150w, https:\/\/i0.wp.com\/www.o-p-i.fr\/parlonsen\/wp-content\/uploads\/sang-2.jpg?resize=300%2C300&amp;ssl=1 300w\" sizes=\"auto, (max-width: 340px) 100vw, 340px\" \/>En raison de la crise sanitaire, de nombreuses collectes de sang pr\u00e9vues sont annul\u00e9es, ce qui impacte le nombre de pr\u00e9l\u00e8vements r\u00e9alis\u00e9 et donc les r\u00e9serves de sang. En effet, l\u2019activit\u00e9 hospitali\u00e8re est tr\u00e8s soutenue et 10 000 dons par jour sont n\u00e9cessaires pour r\u00e9pondre aux besoins des patients. Aucun m\u00e9dicament ne peut remplacer le sang et la dur\u00e9e de vie des produits sanguins est limit\u00e9e : 7 jours pour les plaquettes, 42 jours pour les globules rouges.<\/p>\n<p>L\u2019EFS appelle donc les donneurs \u00e0 se mobiliser pour sauver des vies lors de la prochaine collecte de sang !<\/p>\n<h4 style=\"text-align: center;\">Le site EFS d\u2019ALBI<\/h4>\n<p>Etablissement Fran\u00e7ais du Sang d\u2019Albi<br \/>\n8 Avenue Mar\u00e9chal de Lattre de Tassigny 81000 Albi<br \/>\n(Parking donneurs)<br \/>\nTous les mardis et jeudis de 11h00 \u00e0 13h30 et de 14h30 \u00e0 19h00<br \/>\net les vendredis de 09h00 \u00e0 13h30<\/p>\n<h4 style=\"text-align: center;\">Les collectes mobiles dans le d\u00e9partement<\/h4>\n<ul>\n<li><strong>SAINT SULPICE<\/strong> \u2013 SALLE N\u00b01 ODETTECOUDERC (face \u00e0 la caserne des pompiers)<br \/>\nCollecte sur rendez-vous<br \/>\nDU MARDI 25 AU JEUDI 27 MAI 2021 De 14h00 \u00e0 19h00<br \/>\nSur cette collecte, vous avez la possibilit\u00e9 de prendre RDV sur<br \/>\n<a href=\"http:\/\/mon-rdv-dondesang.efs.sante.fr\" target=\"_blank\" rel=\"noopener noreferrer\">mon-rdv-dondesang.efs.sante.fr<\/a><\/li>\n<li><strong>LISLE SUR TARN<\/strong> \u2013 POLE AINES RURAUX<br \/>\nCollecte sur rendez-vous<br \/>\nLUNDI 31 MAI 2021 De 14h00 \u00e0 19h00<br \/>\nSur cette collecte, vous avez la possibilit\u00e9 de prendre RDV sur<br \/>\n<a href=\"http:\/\/mon-rdv-dondesang.efs.sante.fr\" target=\"_blank\" rel=\"noopener noreferrer\">mon-rdv-dondesang.efs.sante.fr<\/a><\/li>\n<li><strong>MAZAMET<\/strong> \u2013 LA HALLE<br \/>\nLUNDI 3 MAI 2021 De 10h00 \u00e0 13h30<br \/>\nDU MARDI 4 AU JEUDI 6 MAI 2021 De 14h30 \u00e0 18h30<\/li>\n<li><strong>BLAYE-LES-MINES<\/strong> &#8211; L\u2019ENDREVIE SALLE LES PILOTIS<br \/>\nCollecte sur rendez-vous<br \/>\nLUNDI 10 MAI 2021 De 9h00 \u00e0 13h30<br \/>\nDU MARDI 11 AU MERCREDI 12 MAI 2021 De 14h00 \u00e0 19h00<br \/>\nSur cette collecte, vous avez la possibilit\u00e9 de prendre RDV sur<br \/>\n<a href=\"http:\/\/mon-rdv-dondesang.efs.sante.fr\" target=\"_blank\" rel=\"noopener noreferrer\">mon-rdv-dondesang.efs.sante.fr<\/a><\/li>\n<li><strong>GAILLAC<\/strong> \u2013 SALLE DE SPECTACLES<br \/>\nDU MERCREDI 19 AU VENDREDI 21 MAI 2021 De 14h00 \u00e0 19h00<br \/>\nSAMEDI 22 MAI 2021 De 10h30 \u00e0 13h30<\/li>\n<\/ul>\n<p><span style=\"color: #ff0000;\"><strong>Infos COVID-19<\/strong><\/span><br \/>\nToutes les mesures de pr\u00e9caution sont mises en \u0153uvre sur les collectes de sang pour \u00e9viter les risques de transmission du virus avec le port du masque obligatoire pour tous, accompagn\u00e9 de mesures de distanciations et d\u2019hygi\u00e8ne renforc\u00e9es. Les personnes ayant pr\u00e9sent\u00e9 des sympt\u00f4mes de la Covid-19 doivent attendre 28 jours apr\u00e8s disparition des sympt\u00f4mes pour donner leur sang.<br \/>\nDans la tr\u00e8s grande majorit\u00e9 des cas, il est possible de donner son sang apr\u00e8s une injection de vaccin contre la Covid-19, sans aucun d\u00e9lai d\u2019ajournement.<br \/>\n<span style=\"color: #ff0000;\"><strong>A propos de l\u2019EFS<\/strong><\/span><br \/>\nGr\u00e2ce au don de sang, donneurs et receveurs sont au c\u0153ur de l\u2019\u00e9conomie du partage. Les 10 000 collaboratriceset collaborateurs de l\u2019Etablissement fran\u00e7ais du sang, en lien avec des milliers de b\u00e9n\u00e9voles, s\u2019engagent auquotidien comme dans les circonstances exceptionnelles pour transformer les dons en vies et soigner ainsi 1 million de patients par an. Op\u00e9rateur civil unique de la transfusion sanguine en France, l\u2019EFS a pour mission principale l\u2019autosuffisance nationale en produits sanguins. Il s\u2019investit par ailleurs dans de nombreuses autres activit\u00e9s, comme les analyses de biologie m\u00e9dicale, la th\u00e9rapie cellulaire et tissulaire ou la recherche. Au-del\u00e0 de la qualification des dons, les laboratoires de l\u2019EFS r\u00e9alisent diff\u00e9rents types d\u2019analyses biologiques, h\u00e9matologiques et immunologiques. Des examens indispensables dans le cadre d\u2019une transfusion mais \u00e9galement d\u2019une greffe d\u2019organe, de tissus ou de cellules. Avec plus de 500 millions d\u2019actes r\u00e9alis\u00e9s par an, l\u2019EFS est le plus grand laboratoire de biologie m\u00e9dicale de France. L\u2019Etablissement fran\u00e7ais du sang est pr\u00e9sent sur l\u2019ensemble du territoire \u00e0 travers ses 15 \u00e9tablissements r\u00e9gionaux pour \u00eatre au plus pr\u00e8s des donneurs et des patients et porter ainsi des valeurs sans \u00e9quivalent. \u00c9tablissement fran\u00e7ais du sang. Bien plus que le don de sang<\/p>\n<p><strong><img data-recalc-dims=\"1\" loading=\"lazy\" decoding=\"async\" class=\"wp-image-41523 alignright\" src=\"https:\/\/i0.wp.com\/www.o-p-i.fr\/parlonsen\/wp-content\/uploads\/EFS.jpg?resize=400%2C98&#038;ssl=1\" alt=\"\" width=\"400\" height=\"98\" srcset=\"https:\/\/i0.wp.com\/www.o-p-i.fr\/parlonsen\/wp-content\/uploads\/EFS.jpg?w=283&amp;ssl=1 283w, https:\/\/i0.wp.com\/www.o-p-i.fr\/parlonsen\/wp-content\/uploads\/EFS.jpg?resize=150%2C37&amp;ssl=1 150w\" sizes=\"auto, (max-width: 400px) 100vw, 400px\" \/>Contact :<\/strong><br \/>\n<strong>VALENTIN Manon<\/strong><br \/>\nCourriel : <a href=\"mailto:manon.valentin@efs.sante.fr\" target=\"_blank\" rel=\"noopener noreferrer\">manon.valentin@efs.sante.fr<\/a><br \/>\nT\u00e9l. : 07 64 38 64 31<\/p>\n<p><em>Information communiqu\u00e9e par Manon VALENTIN<\/em><\/p>\n","protected":false},"excerpt":{"rendered":"<div class=\"mh-excerpt\">au mois de mai 2021.<\/div>\n","protected":false},"author":4,"featured_media":0,"comment_status":"open","ping_status":"open","sticky":false,"template":"","format":"standard","meta":{"om_disable_all_campaigns":false,"advanced_seo_description":"","jetpack_seo_html_title":"","jetpack_seo_noindex":false,"_jetpack_memberships_contains_paid_content":false,"footnotes":"","_links_to":"","_links_to_target":""},"categories":[52,42,58,291,4127],"tags":[161,1586,4148,4171],"class_list":{"0":"post-46909","1":"post","2":"type-post","3":"status-publish","4":"format-standard","6":"category-parlons-en","7":"category-a-cote-de-chez-nous","8":"category-sante","9":"category-solidarite","10":"category-n-182-mai-2021","11":"tag-tarn","12":"tag-don-de-sang","13":"tag-planning","14":"tag-sang"},"jetpack_featured_media_url":"","views":{"total":0,"cached_at":"","cached_date":1738411430},"jetpack_likes_enabled":true,"jetpack_sharing_enabled":true,"jetpack_shortlink":"https:\/\/wp.me\/pg7Wxj-ccB","jetpack-related-posts":[],"_links":{"self":[{"href":"https:\/\/www.o-p-i.fr\/parlonsen\/wp-json\/wp\/v2\/posts\/46909","targetHints":{"allow":["GET"]}}],"collection":[{"href":"https:\/\/www.o-p-i.fr\/parlonsen\/wp-json\/wp\/v2\/posts"}],"about":[{"href":"https:\/\/www.o-p-i.fr\/parlonsen\/wp-json\/wp\/v2\/types\/post"}],"author":[{"embeddable":true,"href":"https:\/\/www.o-p-i.fr\/parlonsen\/wp-json\/wp\/v2\/users\/4"}],"replies":[{"embeddable":true,"href":"https:\/\/www.o-p-i.fr\/parlonsen\/wp-json\/wp\/v2\/comments?post=46909"}],"version-history":[{"count":0,"href":"https:\/\/www.o-p-i.fr\/parlonsen\/wp-json\/wp\/v2\/posts\/46909\/revisions"}],"wp:attachment":[{"href":"https:\/\/www.o-p-i.fr\/parlonsen\/wp-json\/wp\/v2\/media?parent=46909"}],"wp:term":[{"taxonomy":"category","embeddable":true,"href":"https:\/\/www.o-p-i.fr\/parlonsen\/wp-json\/wp\/v2\/categories?post=46909"},{"taxonomy":"post_tag","embeddable":true,"href":"https:\/\/www.o-p-i.fr\/parlonsen\/wp-json\/wp\/v2\/tags?post=46909"}],"curies":[{"name":"wp","href":"https:\/\/api.w.org\/{rel}","templated":true}]}}