{"id":46932,"date":"2021-05-07T09:43:53","date_gmt":"2021-05-07T08:43:53","guid":{"rendered":"https:\/\/www.o-p-i.fr\/parlonsen\/?p=46932"},"modified":"2021-05-07T09:43:53","modified_gmt":"2021-05-07T08:43:53","slug":"collecte-don-du-sang-a-gaillac-81","status":"publish","type":"post","link":"https:\/\/www.o-p-i.fr\/parlonsen\/localisation\/a-cote-de-chez-nous\/collecte-don-du-sang-a-gaillac-81\/","title":{"rendered":"Collecte \u00ab\u00a0Don du Sang\u00a0\u00bb &#8230; \u00e0 Gaillac (81)"},"content":{"rendered":"<p>Du <strong>mercredi 19 au samedi 22 mai 2021<\/strong>, \u00e0 la salle des spectacles.<\/p>\n<p><!--more--><span style=\"color: #ff0000;\"><strong><img data-recalc-dims=\"1\" loading=\"lazy\" decoding=\"async\" class=\"alignright size-full wp-image-39936\" src=\"https:\/\/i0.wp.com\/www.o-p-i.fr\/parlonsen\/wp-content\/uploads\/sang-1.jpg?resize=283%2C212&#038;ssl=1\" alt=\"\" width=\"283\" height=\"212\" srcset=\"https:\/\/i0.wp.com\/www.o-p-i.fr\/parlonsen\/wp-content\/uploads\/sang-1.jpg?w=283&amp;ssl=1 283w, https:\/\/i0.wp.com\/www.o-p-i.fr\/parlonsen\/wp-content\/uploads\/sang-1.jpg?resize=150%2C112&amp;ssl=1 150w\" sizes=\"auto, (max-width: 283px) 100vw, 283px\" \/>ATTENTION:<\/strong><\/span> Changement occasionnel de lieu de collecte : Salle des spectacles.<br \/>\nL\u2019association des Donneurs de Sang remercie vivement les 262 personnes qui ont r\u00e9pondu pr\u00e9sentes \u00e0 Gaillac \u00e0 la derni\u00e8re collecte. Elle a permis de pr\u00e9lever 236 poches.<br \/>\nLa transfusion sanguine est une th\u00e9rapeutique indispensable dans le traitement de nombreuses maladies et affections. Ces traitements d\u00e9pendent de la g\u00e9n\u00e9rosit\u00e9 des donneurs de sang et de la r\u00e9gularit\u00e9 de leurs dons.<\/p>\n<p><strong>Les principales conditions pour donner son sang :<\/strong><\/p>\n<ul>\n<li>\u00catre en bonne sant\u00e9, avoir entre 18 et 70 ans, peser plus de 50 kilos et ne pas avoir \u00e9t\u00e9 transfus\u00e9.<\/li>\n<li>Il est recommand\u00e9 de ne pas venir \u00e0 jeun et de bien boire avant et apr\u00e8s le don.<\/li>\n<li>Dans les cas suivants, les dons doivent \u00eatre diff\u00e9r\u00e9s de :\n<ul>\n<li>7 jours \u00e0 la fin d\u2019un traitement antibiotique ;<\/li>\n<li>14 jours apr\u00e8s un \u00e9pisode infectieux ;<\/li>\n<li>4 mois apr\u00e8s une endoscopie, un piercing ou un tatouage ;<\/li>\n<li>4 mois apr\u00e8s un voyage dans un pays o\u00f9 s\u00e9vit le paludisme.\u200c<\/li>\n<\/ul>\n<\/li>\n<\/ul>\n<p>Toutes les mesures de pr\u00e9caution sont mises en oeuvre sur les collectes de sang pour \u00e9viter les risques de transmission du virus avec le port du masque obligatoire pour tous, accompagn\u00e9 de mesures de distanciation et d\u2019hygi\u00e8ne renforc\u00e9es.<br \/>\nLes personnes ayant pr\u00e9sent\u00e9 des sympt\u00f4mes de Covid doivent attendre 28 jours apr\u00e8s disparition des sympt\u00f4mes pour donner leur sang.<br \/>\nLes personnes ayant un test positif (RT-PCR ou antig\u00e9nique) et sans sympt\u00f4mes doivent attendre 14 jours apr\u00e8s la date du pr\u00e9l\u00e8vement pour donner leur sang.<\/p>\n<p>Une collation vous sera propos\u00e9 \u00e0 la suite de votre don. En accordant un peu de temps, vous contribuez \u00e0 sauver des vies, n&rsquo;h\u00e9sitez pas \u00e0 passer vous renseigner dans le doute, nous vous accueillerons avec plaisir.<\/p>\n<p>Nous vous donnons RDV du mercredi 19\/05\/2021 au samedi 22\/05\/2021 \u00e0 Gaillac, \u00e0 la salle des spectacles, ou nous vous accueillerons avec le soutien du Rotary pour la prochaine collecte.<\/p>\n<p>Collecte du Mercredi 19\/05\/2021 au vendredi 21\/05 de 14h \u00e0 19h et le samedi 22\/05 de 10h30 \u00e0 13h30.<\/p>\n<p>L&rsquo;Association des Donneurs de Sang B\u00e9n\u00e9voles de Gaillac vous remercie de votre g\u00e9n\u00e9rosit\u00e9 et de votre prochaine visite.<\/p>\n<p>Evelyne L, secr\u00e9taire<\/p>\n<p>Courriel: <a href=\"mailto:dondusanggaillac@laposte.net\" target=\"_blank\" rel=\"noopener noreferrer\">dondusanggaillac@laposte.net<\/a><\/p>\n<p>06.99.19.40.26.<\/p>\n<p><em>Information communiqu\u00e9e par Evelyne<\/em><\/p>\n","protected":false},"excerpt":{"rendered":"<div class=\"mh-excerpt\">Du mercredi 19 au samedi 22 mai 2021, \u00e0 la salle des spectacles.<\/div>\n","protected":false},"author":4,"featured_media":0,"comment_status":"open","ping_status":"open","sticky":false,"template":"","format":"standard","meta":{"om_disable_all_campaigns":false,"advanced_seo_description":"","jetpack_seo_html_title":"","jetpack_seo_noindex":false,"_jetpack_memberships_contains_paid_content":false,"footnotes":"","_links_to":"","_links_to_target":""},"categories":[52,42,58,291,4127],"tags":[215,1708,3427],"class_list":{"0":"post-46932","1":"post","2":"type-post","3":"status-publish","4":"format-standard","6":"category-parlons-en","7":"category-a-cote-de-chez-nous","8":"category-sante","9":"category-solidarite","10":"category-n-182-mai-2021","11":"tag-gaillac","12":"tag-don-du-sang","13":"tag-collecte-don-de-sang"},"jetpack_featured_media_url":"","views":{"total":0,"cached_at":"","cached_date":1738449955},"jetpack_likes_enabled":true,"jetpack_sharing_enabled":true,"jetpack_shortlink":"https:\/\/wp.me\/pg7Wxj-ccY","jetpack-related-posts":[],"_links":{"self":[{"href":"https:\/\/www.o-p-i.fr\/parlonsen\/wp-json\/wp\/v2\/posts\/46932","targetHints":{"allow":["GET"]}}],"collection":[{"href":"https:\/\/www.o-p-i.fr\/parlonsen\/wp-json\/wp\/v2\/posts"}],"about":[{"href":"https:\/\/www.o-p-i.fr\/parlonsen\/wp-json\/wp\/v2\/types\/post"}],"author":[{"embeddable":true,"href":"https:\/\/www.o-p-i.fr\/parlonsen\/wp-json\/wp\/v2\/users\/4"}],"replies":[{"embeddable":true,"href":"https:\/\/www.o-p-i.fr\/parlonsen\/wp-json\/wp\/v2\/comments?post=46932"}],"version-history":[{"count":0,"href":"https:\/\/www.o-p-i.fr\/parlonsen\/wp-json\/wp\/v2\/posts\/46932\/revisions"}],"wp:attachment":[{"href":"https:\/\/www.o-p-i.fr\/parlonsen\/wp-json\/wp\/v2\/media?parent=46932"}],"wp:term":[{"taxonomy":"category","embeddable":true,"href":"https:\/\/www.o-p-i.fr\/parlonsen\/wp-json\/wp\/v2\/categories?post=46932"},{"taxonomy":"post_tag","embeddable":true,"href":"https:\/\/www.o-p-i.fr\/parlonsen\/wp-json\/wp\/v2\/tags?post=46932"}],"curies":[{"name":"wp","href":"https:\/\/api.w.org\/{rel}","templated":true}]}}