{"id":47012,"date":"2021-05-20T19:38:12","date_gmt":"2021-05-20T18:38:12","guid":{"rendered":"https:\/\/www.o-p-i.fr\/parlonsen\/?p=47012"},"modified":"2021-05-20T19:38:12","modified_gmt":"2021-05-20T18:38:12","slug":"apres-les-vies-de-jardin-de-saint-urcisse-81","status":"publish","type":"post","link":"https:\/\/www.o-p-i.fr\/parlonsen\/parlons-en\/agriculture\/apres-les-vies-de-jardin-de-saint-urcisse-81\/","title":{"rendered":"Apr\u00e8s les Vies de Jardin &#8230;de Saint Urcisse (81)"},"content":{"rendered":"<p>C&rsquo;est bien sous le soleil que s&rsquo;est d\u00e9roul\u00e9e cette \u00e9dition de printemps des Vies de Jardin !<!--more--><\/p>\n<p><img data-recalc-dims=\"1\" loading=\"lazy\" decoding=\"async\" class=\"alignleft size-full wp-image-47058\" src=\"https:\/\/i0.wp.com\/www.o-p-i.fr\/parlonsen\/wp-content\/uploads\/VJardin-2.jpg?resize=340%2C628&#038;ssl=1\" alt=\"\" width=\"340\" height=\"628\" srcset=\"https:\/\/i0.wp.com\/www.o-p-i.fr\/parlonsen\/wp-content\/uploads\/VJardin-2.jpg?w=340&amp;ssl=1 340w, https:\/\/i0.wp.com\/www.o-p-i.fr\/parlonsen\/wp-content\/uploads\/VJardin-2.jpg?resize=162%2C300&amp;ssl=1 162w, https:\/\/i0.wp.com\/www.o-p-i.fr\/parlonsen\/wp-content\/uploads\/VJardin-2.jpg?resize=81%2C150&amp;ssl=1 81w\" sizes=\"auto, (max-width: 340px) 100vw, 340px\" \/><img data-recalc-dims=\"1\" loading=\"lazy\" decoding=\"async\" class=\"alignright size-full wp-image-47059\" src=\"https:\/\/i0.wp.com\/www.o-p-i.fr\/parlonsen\/wp-content\/uploads\/VJardin-3.jpg?resize=340%2C752&#038;ssl=1\" alt=\"\" width=\"340\" height=\"752\" srcset=\"https:\/\/i0.wp.com\/www.o-p-i.fr\/parlonsen\/wp-content\/uploads\/VJardin-3.jpg?w=340&amp;ssl=1 340w, https:\/\/i0.wp.com\/www.o-p-i.fr\/parlonsen\/wp-content\/uploads\/VJardin-3.jpg?resize=136%2C300&amp;ssl=1 136w, https:\/\/i0.wp.com\/www.o-p-i.fr\/parlonsen\/wp-content\/uploads\/VJardin-3.jpg?resize=68%2C150&amp;ssl=1 68w\" sizes=\"auto, (max-width: 340px) 100vw, 340px\" \/>Une douzaine d&rsquo;exposants avaient r\u00e9pondu pr\u00e9sents et on pouvait voir sur les \u00e9tals des plants de l\u00e9gumes, des fleurs, du miel, du vin, des produits fermiers et autres ! Un bel \u00e9ventail de choix, autour desquels les discussions allaient bon train&#8230;..quelle joie de se retrouver&#8230; la sant\u00e9&#8230; le jardin&#8230;tout se qui fait le sel de la vie !<\/p>\n<p>Vous avez manqu\u00e9 cette journ\u00e9e : dommage, mais consolez-vous !<\/p>\n<p>Une \u00e9dition d&rsquo;automne vous attend le 11 novembre prochain, avec les cucurbitac\u00e9es \u00e0 l&rsquo;honneur, nos fid\u00e8les exposants et des conf\u00e9rences autour du jardin !<\/p>\n<p>A bient\u00f4t,<\/p>\n<p>Pour les Truffes : Arlette Malleret.<\/p>\n","protected":false},"excerpt":{"rendered":"<div class=\"mh-excerpt\">C&rsquo;est bien sous le soleil que s&rsquo;est d\u00e9roul\u00e9e cette \u00e9dition de printemps des Vies de Jardin !<\/div>\n","protected":false},"author":4,"featured_media":0,"comment_status":"open","ping_status":"open","sticky":false,"template":"","format":"standard","meta":{"om_disable_all_campaigns":false,"advanced_seo_description":"","jetpack_seo_html_title":"","jetpack_seo_noindex":false,"_jetpack_memberships_contains_paid_content":false,"footnotes":"","_links_to":"","_links_to_target":""},"categories":[3,52,54,6,18,4127],"tags":[715,2913,2964],"class_list":{"0":"post-47012","1":"post","2":"type-post","3":"status-publish","4":"format-standard","6":"category-agriculture","7":"category-parlons-en","8":"category-loisirs","9":"category-pratique","10":"category-saint-urcisse","11":"category-n-182-mai-2021","12":"tag-automne","13":"tag-saint-urcisse","14":"tag-vies-de-jardin"},"jetpack_featured_media_url":"","views":{"total":0,"cached_at":"","cached_date":1738487792},"jetpack_likes_enabled":true,"jetpack_sharing_enabled":true,"jetpack_shortlink":"https:\/\/wp.me\/pg7Wxj-ceg","jetpack-related-posts":[],"_links":{"self":[{"href":"https:\/\/www.o-p-i.fr\/parlonsen\/wp-json\/wp\/v2\/posts\/47012","targetHints":{"allow":["GET"]}}],"collection":[{"href":"https:\/\/www.o-p-i.fr\/parlonsen\/wp-json\/wp\/v2\/posts"}],"about":[{"href":"https:\/\/www.o-p-i.fr\/parlonsen\/wp-json\/wp\/v2\/types\/post"}],"author":[{"embeddable":true,"href":"https:\/\/www.o-p-i.fr\/parlonsen\/wp-json\/wp\/v2\/users\/4"}],"replies":[{"embeddable":true,"href":"https:\/\/www.o-p-i.fr\/parlonsen\/wp-json\/wp\/v2\/comments?post=47012"}],"version-history":[{"count":0,"href":"https:\/\/www.o-p-i.fr\/parlonsen\/wp-json\/wp\/v2\/posts\/47012\/revisions"}],"wp:attachment":[{"href":"https:\/\/www.o-p-i.fr\/parlonsen\/wp-json\/wp\/v2\/media?parent=47012"}],"wp:term":[{"taxonomy":"category","embeddable":true,"href":"https:\/\/www.o-p-i.fr\/parlonsen\/wp-json\/wp\/v2\/categories?post=47012"},{"taxonomy":"post_tag","embeddable":true,"href":"https:\/\/www.o-p-i.fr\/parlonsen\/wp-json\/wp\/v2\/tags?post=47012"}],"curies":[{"name":"wp","href":"https:\/\/api.w.org\/{rel}","templated":true}]}}