{"id":47032,"date":"2021-05-19T17:38:28","date_gmt":"2021-05-19T16:38:28","guid":{"rendered":"https:\/\/www.o-p-i.fr\/parlonsen\/?p=47032"},"modified":"2021-05-20T14:25:31","modified_gmt":"2021-05-20T13:25:31","slug":"vide-greniers-a-bruniquel-82","status":"publish","type":"post","link":"https:\/\/www.o-p-i.fr\/parlonsen\/localisation\/a-cote-de-chez-nous\/vide-greniers-a-bruniquel-82\/","title":{"rendered":"Vide-greniers &#8230; \u00e0 Bruniquel (82)"},"content":{"rendered":"<p><strong>Dimanche 6 Juin 2021<\/strong>, promenade du Ravelin<!--more--><img data-recalc-dims=\"1\" loading=\"lazy\" decoding=\"async\" class=\"alignright size-full wp-image-47033\" src=\"https:\/\/i0.wp.com\/www.o-p-i.fr\/parlonsen\/wp-content\/uploads\/VG-Bruniquel.jpg?resize=340%2C194&#038;ssl=1\" alt=\"\" width=\"340\" height=\"194\" srcset=\"https:\/\/i0.wp.com\/www.o-p-i.fr\/parlonsen\/wp-content\/uploads\/VG-Bruniquel.jpg?w=340&amp;ssl=1 340w, https:\/\/i0.wp.com\/www.o-p-i.fr\/parlonsen\/wp-content\/uploads\/VG-Bruniquel.jpg?resize=300%2C171&amp;ssl=1 300w, https:\/\/i0.wp.com\/www.o-p-i.fr\/parlonsen\/wp-content\/uploads\/VG-Bruniquel.jpg?resize=150%2C86&amp;ssl=1 150w\" sizes=\"auto, (max-width: 340px) 100vw, 340px\" \/>Organis\u00e9 par le Comit\u00e9 des F\u00eates<\/p>\n<p>Tarif par emplacement (5 m\u00e8tres) :<br \/>\n&#8211; 5 euros pour les habitants<br \/>\n&#8211; 10 euros pour les ext\u00e9rieurs<br \/>\nRenseignements et r\u00e9servations au 06 88 16 10 88 ou au 06 28 45 34 74.<\/p>\n<p><em>Communiqu\u00e9 par Roland DAURE<\/em><\/p>\n<p><a href=\"http:\/\/www.o-p-i.fr\/parlonsen\/agenda\/\">Retrouvez tous les \u00e9v\u00e9nements dans l&rsquo;agenda !<\/a><\/p>\n","protected":false},"excerpt":{"rendered":"<div class=\"mh-excerpt\">Dimanche 6 Juin 2021, promenade du Ravelin<\/div>\n","protected":false},"author":4,"featured_media":0,"comment_status":"open","ping_status":"open","sticky":false,"template":"","format":"standard","meta":{"om_disable_all_campaigns":false,"advanced_seo_description":"","jetpack_seo_html_title":"","jetpack_seo_noindex":false,"_jetpack_memberships_contains_paid_content":false,"footnotes":"","_links_to":"","_links_to_target":""},"categories":[42,129,4135],"tags":[171,3328],"class_list":{"0":"post-47032","1":"post","2":"type-post","3":"status-publish","4":"format-standard","6":"category-a-cote-de-chez-nous","7":"category-vide-grenier","8":"category-n-183-juin-2021","9":"tag-bruniquel","10":"tag-vide-greniers"},"jetpack_featured_media_url":"","views":{"total":0,"cached_at":"","cached_date":1738468778},"jetpack_likes_enabled":true,"jetpack_sharing_enabled":true,"jetpack_shortlink":"https:\/\/wp.me\/pg7Wxj-ceA","jetpack-related-posts":[],"_links":{"self":[{"href":"https:\/\/www.o-p-i.fr\/parlonsen\/wp-json\/wp\/v2\/posts\/47032","targetHints":{"allow":["GET"]}}],"collection":[{"href":"https:\/\/www.o-p-i.fr\/parlonsen\/wp-json\/wp\/v2\/posts"}],"about":[{"href":"https:\/\/www.o-p-i.fr\/parlonsen\/wp-json\/wp\/v2\/types\/post"}],"author":[{"embeddable":true,"href":"https:\/\/www.o-p-i.fr\/parlonsen\/wp-json\/wp\/v2\/users\/4"}],"replies":[{"embeddable":true,"href":"https:\/\/www.o-p-i.fr\/parlonsen\/wp-json\/wp\/v2\/comments?post=47032"}],"version-history":[{"count":0,"href":"https:\/\/www.o-p-i.fr\/parlonsen\/wp-json\/wp\/v2\/posts\/47032\/revisions"}],"wp:attachment":[{"href":"https:\/\/www.o-p-i.fr\/parlonsen\/wp-json\/wp\/v2\/media?parent=47032"}],"wp:term":[{"taxonomy":"category","embeddable":true,"href":"https:\/\/www.o-p-i.fr\/parlonsen\/wp-json\/wp\/v2\/categories?post=47032"},{"taxonomy":"post_tag","embeddable":true,"href":"https:\/\/www.o-p-i.fr\/parlonsen\/wp-json\/wp\/v2\/tags?post=47032"}],"curies":[{"name":"wp","href":"https:\/\/api.w.org\/{rel}","templated":true}]}}