{"id":47103,"date":"2021-05-23T10:24:13","date_gmt":"2021-05-23T09:24:13","guid":{"rendered":"https:\/\/www.o-p-i.fr\/parlonsen\/?p=47103"},"modified":"2021-05-23T10:24:13","modified_gmt":"2021-05-23T09:24:13","slug":"sur-le-pont-theatre-a-saint-sulpice-81","status":"publish","type":"post","link":"https:\/\/www.o-p-i.fr\/parlonsen\/localisation\/a-cote-de-chez-nous\/sur-le-pont-theatre-a-saint-sulpice-81\/","title":{"rendered":"\u00ab\u00a0Sur le pont\u00a0\u00bb, th\u00e9\u00e2tre \u00e0 Saint Sulpice (81)"},"content":{"rendered":"<p><strong>Jeudi 8, vendredi 9 et sameci 10 juillet 202<\/strong>1, \u00e0 20h.30, Salle Ren\u00e9 Cassin<!--more--><\/p>\n<p><img data-recalc-dims=\"1\" loading=\"lazy\" decoding=\"async\" class=\"aligncenter size-full wp-image-47106\" src=\"https:\/\/i0.wp.com\/www.o-p-i.fr\/parlonsen\/wp-content\/uploads\/sur-le-pont.jpg?resize=602%2C504&#038;ssl=1\" alt=\"\" width=\"602\" height=\"504\" srcset=\"https:\/\/i0.wp.com\/www.o-p-i.fr\/parlonsen\/wp-content\/uploads\/sur-le-pont.jpg?w=602&amp;ssl=1 602w, https:\/\/i0.wp.com\/www.o-p-i.fr\/parlonsen\/wp-content\/uploads\/sur-le-pont.jpg?resize=300%2C251&amp;ssl=1 300w, https:\/\/i0.wp.com\/www.o-p-i.fr\/parlonsen\/wp-content\/uploads\/sur-le-pont.jpg?resize=150%2C126&amp;ssl=1 150w, https:\/\/i0.wp.com\/www.o-p-i.fr\/parlonsen\/wp-content\/uploads\/sur-le-pont.jpg?resize=400%2C335&amp;ssl=1 400w\" sizes=\"auto, (max-width: 602px) 100vw, 602px\" \/><br \/>\nL&rsquo;une ne supporte pas d&rsquo;\u00eatre seule, l&rsquo;autre aurait aim\u00e9 le rester. M\u00eame croisi\u00e8re, m\u00eame pont !<br \/>\nUne pi\u00e8ce dr\u00f4le, tendre et \u00e9mouvante de Carole Aupetit.<br \/>\n<img data-recalc-dims=\"1\" loading=\"lazy\" decoding=\"async\" class=\"alignright size-full wp-image-47107\" src=\"https:\/\/i0.wp.com\/www.o-p-i.fr\/parlonsen\/wp-content\/uploads\/pont.jpg?resize=340%2C332&#038;ssl=1\" alt=\"\" width=\"340\" height=\"332\" srcset=\"https:\/\/i0.wp.com\/www.o-p-i.fr\/parlonsen\/wp-content\/uploads\/pont.jpg?w=340&amp;ssl=1 340w, https:\/\/i0.wp.com\/www.o-p-i.fr\/parlonsen\/wp-content\/uploads\/pont.jpg?resize=300%2C293&amp;ssl=1 300w, https:\/\/i0.wp.com\/www.o-p-i.fr\/parlonsen\/wp-content\/uploads\/pont.jpg?resize=150%2C146&amp;ssl=1 150w\" sizes=\"auto, (max-width: 340px) 100vw, 340px\" \/>Avec Carole Aupetit et No\u00e9mie Larroque<\/p>\n<p><strong> Pour y aller ?<\/strong><br \/>\nSalle Ren\u00e9 Cassin<br \/>\n81370-Saint-Sulpice<\/p>\n<p>Tarifs :<\/p>\n<p>Adulte :13 \u20ac<br \/>\nEnfant :5 \u20ac<br \/>\nR\u00e9duit :10\u20ac<\/p>\n<p><strong> Organisateur : <\/strong>SAUTERELLE EN SCENE<\/p>\n<p><strong> Contact : <\/strong>SAUTERELLE<br \/>\n416 RUE DU CAPITAINE BEAUMONT<br \/>\n81370-SAINT SULPICE<br \/>\nT\u00e9l. :05 63 40 00 17<br \/>\nCourriel : <a href=\"mailto:sauterelle@orange.fr\" target=\"_blank\" rel=\"noopener noreferrer\">sauterelle@orange.fr<\/a><br \/>\nSite : <a href=\"http:\/\/www.sauterelleenscene.fr\" target=\"_blank\" rel=\"noopener noreferrer\">http:\/\/www.sauterelleenscene.fr<\/a><\/p>\n<p><em>Information communiqu\u00e9e par Carole AUPETIT<\/em><\/p>\n<p><a href=\"http:\/\/www.o-p-i.fr\/parlonsen\/agenda\/\">Retrouvez tous les \u00e9v\u00e9nements dans l&rsquo;agenda !<\/a><\/p>\n","protected":false},"excerpt":{"rendered":"<div class=\"mh-excerpt\">Jeudi 8, vendredi 9 et sameci 10 juillet 2021, \u00e0 20h.30, Salle Ren\u00e9 Cassin<\/div>\n","protected":false},"author":4,"featured_media":0,"comment_status":"open","ping_status":"open","sticky":false,"template":"","format":"standard","meta":{"om_disable_all_campaigns":false,"advanced_seo_description":"","jetpack_seo_html_title":"","jetpack_seo_noindex":false,"_jetpack_memberships_contains_paid_content":false,"footnotes":"","_links_to":"","_links_to_target":""},"categories":[42,54,4140],"tags":[57,1049,2739,4199],"class_list":{"0":"post-47103","1":"post","2":"type-post","3":"status-publish","4":"format-standard","6":"category-a-cote-de-chez-nous","7":"category-loisirs","8":"category-n-184-jullet-2021","9":"tag-theatre","10":"tag-comedie","11":"tag-saint-sulpice-la-pointe","12":"tag-sauterelle-en-scene"},"jetpack_featured_media_url":"","views":{"total":1,"cached_at":"","cached_date":1738419746},"jetpack_likes_enabled":true,"jetpack_sharing_enabled":true,"jetpack_shortlink":"https:\/\/wp.me\/pg7Wxj-cfJ","jetpack-related-posts":[],"_links":{"self":[{"href":"https:\/\/www.o-p-i.fr\/parlonsen\/wp-json\/wp\/v2\/posts\/47103","targetHints":{"allow":["GET"]}}],"collection":[{"href":"https:\/\/www.o-p-i.fr\/parlonsen\/wp-json\/wp\/v2\/posts"}],"about":[{"href":"https:\/\/www.o-p-i.fr\/parlonsen\/wp-json\/wp\/v2\/types\/post"}],"author":[{"embeddable":true,"href":"https:\/\/www.o-p-i.fr\/parlonsen\/wp-json\/wp\/v2\/users\/4"}],"replies":[{"embeddable":true,"href":"https:\/\/www.o-p-i.fr\/parlonsen\/wp-json\/wp\/v2\/comments?post=47103"}],"version-history":[{"count":0,"href":"https:\/\/www.o-p-i.fr\/parlonsen\/wp-json\/wp\/v2\/posts\/47103\/revisions"}],"wp:attachment":[{"href":"https:\/\/www.o-p-i.fr\/parlonsen\/wp-json\/wp\/v2\/media?parent=47103"}],"wp:term":[{"taxonomy":"category","embeddable":true,"href":"https:\/\/www.o-p-i.fr\/parlonsen\/wp-json\/wp\/v2\/categories?post=47103"},{"taxonomy":"post_tag","embeddable":true,"href":"https:\/\/www.o-p-i.fr\/parlonsen\/wp-json\/wp\/v2\/tags?post=47103"}],"curies":[{"name":"wp","href":"https:\/\/api.w.org\/{rel}","templated":true}]}}