{"id":4731,"date":"2010-08-19T02:01:10","date_gmt":"2010-08-19T00:01:10","guid":{"rendered":"\/parlonsen\/?p=4731"},"modified":"2019-05-25T17:54:30","modified_gmt":"2019-05-25T16:54:30","slug":"pour-le-jardin-aussi-preparons-la-rentree","status":"publish","type":"post","link":"https:\/\/www.o-p-i.fr\/parlonsen\/parlons-en\/agriculture\/pour-le-jardin-aussi-preparons-la-rentree\/","title":{"rendered":"Pour le jardin aussi, pr\u00e9parons la rentr\u00e9e"},"content":{"rendered":"<p>Apr\u00e8s la rencontre des passionn\u00e9s du jardinage de mai dernier autour d&rsquo;Am\u00e9d\u00e9e (pour revoir le compte rendu, troisi\u00e8me partie de l&rsquo;article \u00ab\u00a0<span style=\"color: #003366;\"><strong>visites aux jardins<\/strong><\/span>\u00a0\u00bb du 2 juin 2010,\u00a0\u00a0cliquez <a title=\"revoir l'article &quot;visites aux jardins&quot;\" href=\"https:\/\/www.o-p-i.fr\/parlonsen\/parlons-en\/agriculture\/visites-aux-jardins\/\" target=\"_blank\" rel=\"noopener noreferrer\">ici<\/a>) certains ont envie d&rsquo;aller plus loin.<!--more--><\/p>\n<p style=\"text-align: justify;\">Pourquoi pas une association pour se retrouver, \u00e9changer des id\u00e9es, des astuces des plants, des graines mais aussi partager du mat\u00e9riel utile mais d&rsquo;un usage occasionnel. Un exemple, l&rsquo;achat en commun d&rsquo;un broyeur de v\u00e9g\u00e9taux permettrait de disposer d&rsquo;un mat\u00e9riel performant pour une d\u00e9pense \u00e9gale ou m\u00eame inf\u00e9rieure \u00e0 celle de l&rsquo;acquisition par chacun d&rsquo;un broyeur \u00ab\u00a0l\u00e9ger\u00a0\u00bb dont on ne sert pas en permanence.<\/p>\n<p style=\"text-align: justify;\">Pour avancer, Am\u00e9d\u00e9e propose \u00e0 tous ceux que cela int\u00e9resse de se retrouver d\u00e9but septembre . Afin de fixer une date en prenant en compte les disponibilit\u00e9s de chacun, vous pouvez signaler les jours o\u00f9 vous \u00eates libre entre le 3 et le 19 septembre 2010 en utilisant le planning Doodle. Pour cela,\u00a0<a title=\"Cliquez ici\" href=\"http:\/\/www.doodle.com\/5kixru8x5nwzianb \">cliquez ici et vous acc\u00e8derez au planning<\/a>.\u00a0Merci de\u00a0 r\u00e9pondre avant le\u00a01 septembre 2010 pour permettre l&rsquo;organisation de cette rencontre; vous recevrez confirmation de la date retenue et du lieu de la rencontre par courrier \u00e9lectronique.<\/p>\n<p><span style=\"color: #003300;\"><strong>Contact<\/strong><strong> :\u00a0 <a title=\"En savoir +\" href=\"https:\/\/www.o-p-i.fr\/aupays\/annuaire\/jardin\/service-parcs-jardins\/\">Malleret Am\u00e9d\u00e9e<\/a><br \/>\nT\u00e9l. : 05 63 57 98 55<\/strong><br \/>\nCourriel : <a href=\"mailto:famillemalleret@wanadoo.fr\"><strong>famillemalleret@wanadoo.fr<\/strong><\/a><\/span><\/p>\n","protected":false},"excerpt":{"rendered":"<div class=\"mh-excerpt\">Apr\u00e8s la rencontre des passionn\u00e9s du jardinage de mai dernier autour d&rsquo;Am\u00e9d\u00e9e (pour revoir le compte rendu, troisi\u00e8me partie de l&rsquo;article \u00ab\u00a0visites aux jardins\u00a0\u00bb du 2 juin 2010,\u00a0\u00a0cliquez ici) certains ont envie d&rsquo;aller plus loin.<\/div>\n","protected":false},"author":4,"featured_media":0,"comment_status":"open","ping_status":"open","sticky":false,"template":"","format":"standard","meta":{"om_disable_all_campaigns":false,"advanced_seo_description":"","jetpack_seo_html_title":"","jetpack_seo_noindex":false,"_jetpack_memberships_contains_paid_content":false,"footnotes":"","_links_to":"","_links_to_target":""},"categories":[3,18,633],"tags":[2913,119,330],"class_list":{"0":"post-4731","1":"post","2":"type-post","3":"status-publish","4":"format-standard","6":"category-agriculture","7":"category-saint-urcisse","8":"category-n-52-aout-2010","9":"tag-saint-urcisse","10":"tag-jardin","11":"tag-rencontre"},"jetpack_featured_media_url":"","views":{"total":0,"cached_at":"","cached_date":1738516798},"jetpack_likes_enabled":true,"jetpack_sharing_enabled":true,"jetpack_shortlink":"https:\/\/wp.me\/pg7Wxj-1ej","jetpack-related-posts":[],"_links":{"self":[{"href":"https:\/\/www.o-p-i.fr\/parlonsen\/wp-json\/wp\/v2\/posts\/4731","targetHints":{"allow":["GET"]}}],"collection":[{"href":"https:\/\/www.o-p-i.fr\/parlonsen\/wp-json\/wp\/v2\/posts"}],"about":[{"href":"https:\/\/www.o-p-i.fr\/parlonsen\/wp-json\/wp\/v2\/types\/post"}],"author":[{"embeddable":true,"href":"https:\/\/www.o-p-i.fr\/parlonsen\/wp-json\/wp\/v2\/users\/4"}],"replies":[{"embeddable":true,"href":"https:\/\/www.o-p-i.fr\/parlonsen\/wp-json\/wp\/v2\/comments?post=4731"}],"version-history":[{"count":0,"href":"https:\/\/www.o-p-i.fr\/parlonsen\/wp-json\/wp\/v2\/posts\/4731\/revisions"}],"wp:attachment":[{"href":"https:\/\/www.o-p-i.fr\/parlonsen\/wp-json\/wp\/v2\/media?parent=4731"}],"wp:term":[{"taxonomy":"category","embeddable":true,"href":"https:\/\/www.o-p-i.fr\/parlonsen\/wp-json\/wp\/v2\/categories?post=4731"},{"taxonomy":"post_tag","embeddable":true,"href":"https:\/\/www.o-p-i.fr\/parlonsen\/wp-json\/wp\/v2\/tags?post=4731"}],"curies":[{"name":"wp","href":"https:\/\/api.w.org\/{rel}","templated":true}]}}