{"id":47498,"date":"2021-06-24T18:09:19","date_gmt":"2021-06-24T17:09:19","guid":{"rendered":"https:\/\/www.o-p-i.fr\/parlonsen\/?p=47498"},"modified":"2021-06-27T17:06:00","modified_gmt":"2021-06-27T16:06:00","slug":"lettre-dinformation-parlons-en-semaine-26-de-2021","status":"publish","type":"post","link":"https:\/\/www.o-p-i.fr\/parlonsen\/parlons-en\/lettre-dinformation-parlons-en-semaine-26-de-2021\/","title":{"rendered":"Lettre d\u2019information \u00ab\u00a0Parlons-en\u00a0\u00bb semaine 26 de 2021"},"content":{"rendered":"<div class=\"Style1\" align=\"left\"><strong>Jeudi 24 juin 2021<\/strong><\/div>\n<p><!--more--><\/p>\n<div class=\"Style1\" align=\"left\"><a href=\"http:\/\/www.o-p-i.fr\/aupays\/opi\/adherez-a-opi\/\" target=\"new\" rel=\"noopener noreferrer\"><img data-recalc-dims=\"1\" loading=\"lazy\" decoding=\"async\" class=\"aligncenter\" src=\"https:\/\/i0.wp.com\/www.o-p-i.fr\/lettre_info\/OPIdesTESCOUS.jpg?resize=909%2C353\" alt=\"OPI\" width=\"909\" height=\"353\" \/><\/a><\/div>\n<table border=\"0\" width=\"100%\" cellspacing=\"0\" cellpadding=\"3\" align=\"center\">\n<tbody>\n<tr>\n<td colspan=\"2\" valign=\"middle\" nowrap=\"nowrap\"><\/td>\n<\/tr>\n<tr>\n<td colspan=\"2\" valign=\"middle\" bgcolor=\"#FFFDF4\" height=\"24\"><\/td>\n<\/tr>\n<tr>\n<td colspan=\"2\" align=\"right\" bgcolor=\"#FFFDF4\">\n<blockquote>\n<h4 style=\"text-align: center;\"><strong><span class=\"Style12\">Lettre d&rsquo;Information &#8211; 2021 Semaine 26<\/span><\/strong><\/h4>\n<\/blockquote>\n<\/td>\n<\/tr>\n<tr>\n<td class=\"Style14\" valign=\"top\" width=\"77%\">\n<table border=\"0\" width=\"100%\" cellspacing=\"0\" cellpadding=\"1\">\n<tbody>\n<tr>\n<td class=\"Style14\" colspan=\"5\" align=\"center\" valign=\"top\" bgcolor=\"#FFFFFF\" height=\"1921\">\n<table border=\"0\" width=\"100%\" cellspacing=\"0\" cellpadding=\"1\">\n<tbody>\n<tr>\n<td valign=\"top\" height=\"70\"><strong><a href=\"http:\/\/www.o-p-i.fr\/parlonsen\/agenda\/\">Retrouvez tous les \u00e9v\u00e9nements dans l&rsquo;agenda !<\/a><\/strong><\/td>\n<\/tr>\n<tr>\n<td valign=\"top\" height=\"70\"><a href=\"http:\/\/www.o-p-i.fr\/parlonsen\/\"><img data-recalc-dims=\"1\" loading=\"lazy\" decoding=\"async\" class=\"Style12\" src=\"https:\/\/i0.wp.com\/www.o-p-i.fr\/lettre_info\/derniers_articles.jpg?resize=400%2C70\" alt=\"Les derniers articles parus ...\" width=\"400\" height=\"70\" \/><\/a><\/td>\n<\/tr>\n<\/tbody>\n<\/table>\n<table border=\"0\" width=\"100%\" cellspacing=\"0\" cellpadding=\"1\">\n<tbody>\n<tr>\n<td valign=\"baseline\" bgcolor=\"#F9F7EB\" height=\"1438\">\n<div>\n<div class=\"post-headline\">\n<div class=\"post-headline\">\n<div class=\"post-headline\" style=\"text-align: left;\">\n<div class=\"post-bodycopy clearfix\">\n<div class=\"post-headline\">\n<div class=\"post-headline\">\n<div class=\"post-headline\">\n<div class=\"post-headline\">\n<div class=\"post-bodycopy clearfix\">\n<div class=\"post-headline\">\n<div class=\"post-headline\">\n<div class=\"post-headline\">\n<div class=\"post-bodycopy clearfix\">\n<div class=\"post-headline\">\n<h2><a title=\"Permanent Link to Les Vide-Greniers 2021 \u2026 au Pays des Tescou\u2019s\" href=\"https:\/\/www.o-p-i.fr\/parlonsen\/parlons-en\/pratique\/les-vide-greniers-2021-au-pays-des-tescous\/\" rel=\"bookmark\">Les Vide-Greniers 2021 \u2026 au Pays des Tescou\u2019s<\/a><\/h2>\n<header class=\"entry-header\">\n<h2 class=\"entry-title\"><a href=\"https:\/\/www.o-p-i.fr\/parlonsen\/parlons-en\/agriculture\/marches-dete-a-grazac-81\/\" rel=\"bookmark\">March\u00e9s d\u2019\u00e9t\u00e9 \u2026 \u00e0 Grazac (81)<\/a><\/h2>\n<div class=\"entry-meta\"><span class=\"posted-on\"><i class=\"fa fa-calendar\"><\/i>\u00a0<a href=\"https:\/\/www.o-p-i.fr\/parlonsen\/parlons-en\/agriculture\/marches-dete-a-grazac-81\/\" rel=\"bookmark\"><time class=\"entry-date published\" datetime=\"2021-06-27T16:56:04+01:00\">27 juin 2021<\/time><\/a><\/span><span class=\"byline\"><i class=\"fa fa-user\"><\/i>\u00a0<span class=\"author vcard\"><a class=\"url fn n\" href=\"https:\/\/www.o-p-i.fr\/parlonsen\/author\/robert\/\">Robert<\/a><\/span><\/span><\/div>\n<\/header>\n<div class=\"entry-summary\">\n<p>Les jeudis, du 1 juillet au 15 ao\u00fbt 2021. de 18h. \u00e0 22h.<\/p>\n<\/div>\n<h2><\/h2>\n<header class=\"entry-header\">\n<h2 class=\"entry-title\"><a href=\"https:\/\/www.o-p-i.fr\/parlonsen\/parlons-en\/culture\/pop-up-rhapsodie-a-soreze-81\/\" rel=\"bookmark\">\u00ab\u00a0Pop-Up Rhapsodie\u00a0\u00bb\u2026 \u00e0 Sor\u00e8ze (81)<\/a><\/h2>\n<\/header>\n<div class=\"entry-summary\">\n<p>Vendredi 2 juillet 2021, \u00e0 21h. \u00e0 l\u2019Abbaye-\u00e9cole.<\/p>\n<header class=\"entry-header\">\n<h2 class=\"entry-title\"><a href=\"https:\/\/www.o-p-i.fr\/parlonsen\/parlons-en\/culture\/le-choix-du-chomage-rencontre-a-saint-antonin-noble-val-82\/\" rel=\"bookmark\">\u00ab\u00a0Le Choix du Ch\u00f4mage\u00a0\u00bb rencontre \u2026\u00e0 Saint Antonin Noble Val (82)<\/a><\/h2>\n<\/header>\n<div class=\"entry-summary\">\n<p>Vendredi 9 juillet 2021 \u00e0 18h30 \u00e0 la Salle des Thermes.<\/p>\n<header class=\"entry-header\">\n<h2 class=\"entry-title\"><a href=\"https:\/\/www.o-p-i.fr\/parlonsen\/localisation\/a-cote-de-chez-nous\/le-beret-de-la-tortue-theatre-a-montauban-82\/\" rel=\"bookmark\">\u00ab\u00a0Le B\u00e9ret de la tortue\u00a0\u00bb, th\u00e9\u00e2tre\u2026\u00e0 Montauban (82)<\/a><\/h2>\n<\/header>\n<div class=\"entry-summary\">\n<p>Samedi 26 juin 2021, \u00e0 20h30, th\u00e9\u00e2tre de l\u2019Embellie.<\/p>\n<header class=\"entry-header\">\n<h2 class=\"entry-title\"><a href=\"https:\/\/www.o-p-i.fr\/parlonsen\/parlons-en\/pratique\/rando-la-vallee-des-moulins-a-vaour-81\/\" rel=\"bookmark\">Rando \u00abLa Vall\u00e9e des Moulins\u00bb \u00e0 Vaour (81)<\/a><\/h2>\n<\/header>\n<div class=\"entry-summary\">\n<p>Mardi 29 juin 2021, 10h.30.<\/p>\n<header class=\"entry-header\">\n<h2 class=\"entry-title\"><a href=\"https:\/\/www.o-p-i.fr\/parlonsen\/parlons-en\/culture\/du-jardin-a-la-table-deugenie-a-andillac-81\/\" rel=\"bookmark\">\u00ab\u00a0Du jardin \u00e0 la table d\u2019Eug\u00e9nie\u2026\u00a0\u00bb \u00e0 Andillac (81)<\/a><\/h2>\n<\/header>\n<div class=\"entry-summary\">\n<p>Jusqu\u2019au 3 octobre 2021, au mus\u00e9e du Cayla.<\/p>\n<header class=\"entry-header\">\n<h2 class=\"entry-title\"><a href=\"https:\/\/www.o-p-i.fr\/parlonsen\/parlons-en\/pratique\/artisans-du-feu-et-de-la-terre-a-negrepelisse-82\/\" rel=\"bookmark\">Artisans du Feu et de la Terre\u2026 \u00e0 N\u00e8grepelisse (82)<\/a><\/h2>\n<\/header>\n<div class=\"entry-summary\">\n<p>Samedi 26 et dimanche 27 juin 2021, cour du centre \u00ab\u00a0La Cuisine\u00a0\u00bb<\/p>\n<header class=\"entry-header\">\n<h2 class=\"entry-title\"><a href=\"https:\/\/www.o-p-i.fr\/parlonsen\/parlons-en\/pratique\/un-projet-a-soutenir-a-salvagnac-81\/\" rel=\"bookmark\">Un projet \u00e0 soutenir\u2026 \u00e0 Salvagnac (81)<\/a><\/h2>\n<\/header>\n<div class=\"entry-summary\">\n<p>R\u00e9pondre avant le 7 juillet 2021<\/p>\n<header class=\"entry-header\">\n<h2 class=\"entry-title\"><a href=\"https:\/\/www.o-p-i.fr\/parlonsen\/parlons-en\/agriculture\/marche-associatif-du-jeudi-a-monesties-81\/\" rel=\"bookmark\">March\u00e9 Associatif du Jeudi \u2026 \u00e0 Mon\u00e8sties (81)<\/a><\/h2>\n<\/header>\n<div class=\"entry-summary\">\n<p>Tout les jeudis du 24 juin au 26 ao\u00fbt 2021, \u00e0 partir de 17h.30.<\/p>\n<header class=\"entry-header\">\n<h2 class=\"entry-title\"><a href=\"https:\/\/www.o-p-i.fr\/parlonsen\/parlons-en\/agriculture\/balade-gourmande-a-negrepelisse-82\/\" rel=\"bookmark\">Balade gourmande \u2026\u00e0 N\u00e8grepelisse (82)<\/a><\/h2>\n<\/header>\n<div class=\"entry-summary\">\n<p>Dimanche 27 juin 2021, d\u00e9part 9 h. de \u00ab\u00a0La cuisine\u00a0\u00bb.<\/p>\n<header class=\"entry-header\">\n<h2 class=\"entry-title\"><a href=\"https:\/\/www.o-p-i.fr\/parlonsen\/localisation\/a-cote-de-chez-nous\/blablabla-amontauban-82\/\" rel=\"bookmark\">\u00ab\u00a0Blablabla\u2026\u00a0\u00bb\u2026 \u00e0Montauban (82)<\/a><\/h2>\n<\/header>\n<div class=\"entry-summary\">\n<p>Samedi 3 juillet 2021 \u00e0 21h, th\u00e9\u00e2tre de l\u2019Embellie<\/p>\n<header class=\"entry-header\">\n<h2 class=\"entry-title\"><a href=\"https:\/\/www.o-p-i.fr\/parlonsen\/parlons-en\/culture\/1518-lepidemie-a-vaour-81\/\" rel=\"bookmark\">\u00ab\u00a01518 l\u2019\u00e9pid\u00e9mie\u2026.\u00a0\u00bb \u00e0 Vaour (81)<\/a><\/h2>\n<\/header>\n<div class=\"entry-summary\">\n<p>Vendredi 25 juin 2021 \u00e0 18h30, Th\u00e9\u00e2tre de la Commanderie<\/p>\n<header class=\"entry-header\">\n<h2 class=\"entry-title\"><a href=\"https:\/\/www.o-p-i.fr\/parlonsen\/parlons-en\/culture\/cine-concert-cinema-a-montricoux-82\/\" rel=\"bookmark\">Cin\u00e9-concert Cin\u00e9ma\u2026 \u00e0 Montricoux (82)<\/a><\/h2>\n<\/header>\n<div class=\"entry-summary\">\n<p>Jeudi 22 juillet 2021, Place Marcel Lenoir \u00e0 22h.<\/p>\n<header class=\"entry-header\">\n<h2 class=\"entry-title\"><a href=\"https:\/\/www.o-p-i.fr\/parlonsen\/parlons-en\/culture\/vernissage-exposition-a-lisle-sur-tarn-81\/\" rel=\"bookmark\">Vernissage Exposition \u2026\u00e0 Lisle sur Tarn (81)<\/a><\/h2>\n<\/header>\n<div class=\"entry-summary\">\n<p>Samedi 3 juillet 2021 \u00e0 11h. mus\u00e9e Raymond Lafage.<\/p>\n<\/div>\n<\/div>\n<\/div>\n<\/div>\n<\/div>\n<\/div>\n<\/div>\n<\/div>\n<\/div>\n<\/div>\n<\/div>\n<\/div>\n<\/div>\n<h1><span style=\"color: #339966;\">Et toujours<\/span><\/h1>\n<div class=\"entry-summary\">\n<div class=\"entry-summary\">\n<header class=\"entry-header\">\n<h2 class=\"entry-title\"><a href=\"https:\/\/www.o-p-i.fr\/parlonsen\/parlons-en\/pratique\/porte-ouverte-de-lecurie-de-bassoul-a-monclar-de-quercy-82\/\" rel=\"bookmark\">Porte ouverte de l\u2019Ecurie de Bassoul\u2026\u00e0 Monclar de Quercy (82)<\/a><\/h2>\n<\/header>\n<div class=\"entry-summary\">\n<p>Dimanche 27 juin 2021,de10h.\u00e018h.<\/p>\n<header class=\"entry-header\">\n<h2 class=\"entry-title\"><a href=\"https:\/\/www.o-p-i.fr\/parlonsen\/parlons-en\/culture\/defile-enchante-a-montauban-82\/\" rel=\"bookmark\">\u00ab\u00a0D\u00e9fil\u00e9 Enchant\u00e9\u00a0\u00bb \u00e0 Montauban (82)<\/a><\/h2>\n<\/header>\n<div class=\"entry-summary\">\n<p>Vendredi 9 juillet 2021 \u00e0 20h30, Th\u00e9\u00e2tre Olympe de Gouges<\/p>\n<header class=\"entry-header\">\n<div class=\"entry-summary\">\n<div class=\"entry-summary\">\n<header class=\"entry-header\">\n<h2 class=\"entry-title\"><span style=\"color: #000000;\"><a style=\"color: #000000;\" href=\"https:\/\/www.o-p-i.fr\/parlonsen\/parlons-en\/culture\/exposition-peinture-a-castelnau-de-montmiral-81\/\" rel=\"bookmark\">Exposition peinture \u2026 \u00e0 Castelnau de Montmiral (81)<\/a><\/span><\/h2>\n<\/header>\n<div class=\"entry-summary\">\n<p><span style=\"color: #000000;\">Du samedi 17 au samedi 31 juillet 2021, \u00e0 L\u2019Epace 2Jol.<\/span><\/p>\n<header class=\"entry-header\">\n<div class=\"entry-summary\">\n<h2 class=\"entry-title\"><a href=\"https:\/\/www.o-p-i.fr\/parlonsen\/parlons-en\/culture\/cinemonclar-le-programme-du-vendredi-18-juin-2021-au-mardi-13-juillet-2021-a-monclar-de-quercy\/\" rel=\"bookmark\">Cin\u00e9Monclar, le programme du vendredi 18 juin 2021 au mardi 13 juillet 2021 ..\u00e0 Monclar de Quercy<\/a><\/h2>\n<div class=\"entry-summary\">\n<header class=\"entry-header\">\n<h2 class=\"entry-title\"><a href=\"https:\/\/www.o-p-i.fr\/parlonsen\/parlons-en\/pratique\/la-bonne-humeur-revient-a-monclar-de-quercy-82\/\" rel=\"bookmark\">\u00ab\u00a0La Bonne Humeur\u00a0\u00bb revient\u2026\u00e0 Monclar de Quercy (82)<\/a><\/h2>\n<\/header>\n<div class=\"entry-summary\">\n<p>Mardi 29 juin 2021, \u00e0 14h. au foyer<\/p>\n<\/div>\n<\/div>\n<\/div>\n<\/header>\n<\/div>\n<\/div>\n<\/div>\n<\/header>\n<\/div>\n<\/div>\n<\/div>\n<\/div>\n<div class=\"post-headline\">\n<h2><a title=\"Permanent Link to Exposition \u00ab\u00a0Nature vivante\u00a0\u00bb\u2026\u00e0 Lisle sur Tarn\" href=\"https:\/\/www.o-p-i.fr\/parlonsen\/parlons-en\/culture\/exposition-nature-vivante-a-lisle-sur-tarn\/\" rel=\"bookmark\">Exposition \u00ab\u00a0Nature vivante\u00a0\u00bb\u2026\u00e0 Lisle sur Tarn<\/a><\/h2>\n<\/div>\n<div class=\"post-bodycopy clearfix\">\n<p>D\u00e8s le\u00a0<strong>samedi 19 juin 2021 et jusqu\u2019au 31 octobre<\/strong>, mus\u00e9e Raymond Lafage.<\/p>\n<div class=\"post-headline\">\n<h2><a title=\"Permanent Link to R\u00e9ouverture de la Moulinette aux l\u00e9gumes\u2026 \u00e0 Montgaillard (81)\" href=\"https:\/\/www.o-p-i.fr\/parlonsen\/parlons-en\/agriculture\/reouverture-de-la-moulinette-aux-legumes-a-montgaillard-81\/\" rel=\"bookmark\">R\u00e9ouverture de la Moulinette aux l\u00e9gumes\u2026 \u00e0 Montgaillard (81)<\/a><\/h2>\n<\/div>\n<div class=\"post-bodycopy clearfix\">\n<p>c\u2019est reparti !!!<\/p>\n<div class=\"post-headline\">\n<h2><a title=\"Permanent Link to D\u00e9couverte des danses africaines \u2026\u00e0 Lavaur (81)\" href=\"https:\/\/www.o-p-i.fr\/parlonsen\/parlons-en\/culture\/decouverte-des-danses-africaines-a-lavaur-81\/\" rel=\"bookmark\">D\u00e9couverte des danses africaines \u2026\u00e0 Lavaur (81)<\/a><\/h2>\n<\/div>\n<div class=\"post-bodycopy clearfix\">\n<p><strong>Vendredi 27, samedi 28 et dimanche 28 ao\u00fbt 2021<\/strong><\/p>\n<div class=\"post-headline\">\n<h2><a title=\"Permanent Link to Les moments musicaux du Tarn\" href=\"https:\/\/www.o-p-i.fr\/parlonsen\/parlons-en\/culture\/les-moments-musicaux-du-tarn\/\" rel=\"bookmark\">Les moments musicaux du Tarn<\/a><\/h2>\n<\/div>\n<div class=\"post-bodycopy clearfix\">\n<p><strong>Samedi 17 et dimanche 18 juillet 2021<\/strong><\/p>\n<div class=\"post-bodycopy clearfix\">\n<div class=\"post-bodycopy clearfix\">\n<div class=\"post-bodycopy clearfix\">\n<div class=\"post-headline\">\n<h2><a title=\"Permanent Link to Le festival Gresinh\u00f2l\u2026 c\u2019est reparti\" href=\"https:\/\/www.o-p-i.fr\/parlonsen\/parlons-en\/culture\/le-festival-gresinhol-cest-reparti\/\" rel=\"bookmark\">Le festival Gresinh\u00f2l\u2026 c\u2019est reparti<\/a><\/h2>\n<\/div>\n<div class=\"post-bodycopy clearfix\">\n<p><strong>Jeudi 17, samedi 19 et samedi 26 juin 2021<\/strong>, Saint Bauzille, ch\u00e2teau La Fage<\/p>\n<div class=\"post-headline\">\n<h2><a title=\"Permanent Link to A.G. du Comit\u00e9 des F\u00eates \u00e0 Saint Urcisse (81)\" href=\"https:\/\/www.o-p-i.fr\/parlonsen\/parlons-en\/pratique\/a-g-du-comite-des-fetes-a-saint-urcisse-81\/\" rel=\"bookmark\">A.G. du Comit\u00e9 des F\u00eates \u00e0 Saint Urcisse (81)<\/a><\/h2>\n<\/div>\n<div class=\"post-bodycopy clearfix\">\n<p><strong>Vendredi 25 juin 2021<\/strong>, \u00e0 20h.30 \u00e0 la salle des f\u00eates<\/p>\n<div class=\"post-bodycopy clearfix\">\n<div class=\"post-bodycopy clearfix\">\n<div class=\"post-headline\">\n<h2><a title=\"Permanent Link to Un projet \u00e0 soutenir\u2026 \u00e0 Salvagnac (81)\" href=\"https:\/\/www.o-p-i.fr\/parlonsen\/parlons-en\/pratique\/un-projet-a-soutenir-a-salvagnac-81\/\" rel=\"bookmark\">Un projet \u00e0 soutenir\u2026 \u00e0 Salvagnac (81)<\/a><\/h2>\n<\/div>\n<div class=\"post-bodycopy clearfix\">\n<p>R\u00e9pondre avant le\u00a0<strong>20 juin 2021<\/strong><\/p>\n<div class=\"post-bodycopy clearfix\">\n<div class=\"post-headline\">\n<h2><a title=\"Permanent Link to \u00ab\u00a0Musiques en Vignes\u00a0\u00bb\u2026 dans le Frontonnais\" href=\"https:\/\/www.o-p-i.fr\/parlonsen\/parlons-en\/agriculture\/musiques-en-vignes-dans-le-frontonnais\/\" rel=\"bookmark\">\u00ab\u00a0Musiques en Vignes\u00a0\u00bb\u2026 dans le Frontonnais<\/a><\/h2>\n<\/div>\n<div class=\"post-bodycopy clearfix\">\n<p>Du\u00a0<strong>samedi 12 juin au mardi 31 ao\u00fbt 2021<\/strong><\/p>\n<\/div>\n<\/div>\n<\/div>\n<\/div>\n<\/div>\n<\/div>\n<\/div>\n<\/div>\n<\/div>\n<\/div>\n<\/div>\n<\/div>\n<\/div>\n<\/div>\n<div class=\"post-headline\">\n<h2><a title=\"Permanent Link to O\u00f9 donner son sang dans le TARN\" href=\"https:\/\/www.o-p-i.fr\/parlonsen\/parlons-en\/sante\/ou-donner-son-sang-dans-le-tarn-6\/\" rel=\"bookmark\">O\u00f9 donner son sang dans le TARN<\/a><\/h2>\n<\/div>\n<div class=\"post-bodycopy clearfix\">\n<p>en\u00a0<strong>juin 2021<\/strong><\/p>\n<div class=\"post-headline\">\n<h2><a title=\"Permanent Link to O\u00f9 donner son sang dans le TARN &amp; GARONNE\" href=\"https:\/\/www.o-p-i.fr\/parlonsen\/parlons-en\/sante\/ou-donner-son-sang-dans-le-tarn-garonne\/\" rel=\"bookmark\">O\u00f9 donner son sang dans le TARN &amp; GARONNE<\/a><\/h2>\n<\/div>\n<div class=\"post-bodycopy clearfix\">\n<p>au mois de\u00a0<strong>JUIN 2021<\/strong> ?<span style=\"font-family: inherit; font-size: inherit; background-color: #ffffff;\">.<\/span><\/p>\n<\/div>\n<\/div>\n<div class=\"post-bodycopy clearfix\">\n<div class=\"post-bodycopy clearfix\">\n<div class=\"post-bodycopy clearfix\">\n<div class=\"post-headline\">\n<h2><a title=\"Permanent Link to \u00ab\u00a0Webinaire\u00a0\u00bb sur les tiques \u2026en Tarn et Garonne\" href=\"https:\/\/www.o-p-i.fr\/parlonsen\/parlons-en\/pratique\/webinaire-sur-les-tiques-en-tarn-et-garonne\/\" rel=\"bookmark\">\u00ab\u00a0Webinaire\u00a0\u00bb sur les tiques \u2026en Tarn et Garonne<\/a><\/h2>\n<\/div>\n<div class=\"post-bodycopy clearfix\">\n<p><strong>Jeudi 1er juillet 2021<\/strong>, de 14h.30 \u00e0 17h.30.<\/p>\n<div class=\"post-headline\">\n<h2><a title=\"Permanent Link to M\u00e9diath\u00e8que mobile\u2026dans le Tarn\" href=\"https:\/\/www.o-p-i.fr\/parlonsen\/parlons-en\/culture\/mediatheque-mobile-dans-le-tarn\/\" rel=\"bookmark\">M\u00e9diath\u00e8que mobile\u2026dans le Tarn<\/a><\/h2>\n<\/div>\n<div class=\"post-bodycopy clearfix\">\n<p>En\u00a0<strong>juin 2021<\/strong>, calendrier<\/p>\n<div class=\"post-headline\">\n<h2><a title=\"Permanent Link to \u00ab\u00a0Peinture dans la rue\u00a0\u00bb\u2026\u00e0 Fontiers-Cabard\u00e8s (11)\" href=\"https:\/\/www.o-p-i.fr\/parlonsen\/parlons-en\/culture\/peinture-dans-la-rue-a-fontiers-cabardes-11\/\" rel=\"bookmark\">\u00ab\u00a0Peinture dans la rue\u00a0\u00bb\u2026\u00e0 Fontiers-Cabard\u00e8s (11)<\/a><\/h2>\n<\/div>\n<div class=\"post-bodycopy clearfix\">\n<p><strong>Samedi 31 juillet et dimanche 1 ao\u00fbt 2021<\/strong>,de 10h. \u00e0 16h<\/p>\n<div class=\"post-bodycopy clearfix\">\n<div class=\"post-headline\">\n<h2><a title=\"Permanent Link to Concert Pierre Antoine\u2026 \u00e0 Lisle sur Tarn (81)\" href=\"https:\/\/www.o-p-i.fr\/parlonsen\/localisation\/a-cote-de-chez-nous\/concert-pierre-antoine-a-lisle-sur-tarn-81\/\" rel=\"bookmark\">Concert Pierre Antoine\u2026 \u00e0 Lisle sur Tarn (81)<\/a><\/h2>\n<\/div>\n<div class=\"post-bodycopy clearfix\">\n<p><strong>Samedi 3 juillet 2021<\/strong>, \u00e0 18 h. dans le jardin de Claude et G\u00e9rard.<\/p>\n<div class=\"post-bodycopy clearfix\">\n<div class=\"post-bodycopy clearfix\">\n<div class=\"post-bodycopy clearfix\">\n<div class=\"post-headline\">\n<h2><a title=\"Permanent Link to Festival rues d\u2019\u00e9t\u00e9 \u2026\u00e0 Graulhet\" href=\"https:\/\/www.o-p-i.fr\/parlonsen\/parlons-en\/commerce\/festival-rues-dete-a-graulhet-2\/\" rel=\"bookmark\">Festival rues d\u2019\u00e9t\u00e9 \u2026\u00e0 Graulhet<\/a><\/h2>\n<\/div>\n<div class=\"post-bodycopy clearfix\">\n<p>Du\u00a0<strong>vendredi 2 au dimanche 4 Juillet 202<\/strong><\/p>\n<\/div>\n<\/div>\n<\/div>\n<\/div>\n<\/div>\n<\/div>\n<\/div>\n<\/div>\n<\/div>\n<div class=\"post-headline\">\n<h2><a title=\"Permanent Link to Stages de musique\u2026 \u00e0 Montdurausse (81) ou en visio!\" href=\"https:\/\/www.o-p-i.fr\/parlonsen\/parlons-en\/culture\/stages-de-musique-a-montdurausse-81-ou-en-visio\/\" rel=\"bookmark\">Stages de musique\u2026 \u00e0 Montdurausse (81) ou en visio!<\/a><\/h2>\n<\/div>\n<div class=\"post-bodycopy clearfix\">\n<p><strong>Jeudi 8, vendredi 9 et du 12 au 16 juillet 2021.<\/strong><\/p>\n<div class=\"post-bodycopy clearfix\">\n<div class=\"post-bodycopy clearfix\">\n<div class=\"post-bodycopy clearfix\">\n<div class=\"post-headline\">\n<h2><a title=\"Permanent Link to \u00ab\u00a0Sur le pont\u00a0\u00bb, th\u00e9\u00e2tre \u00e0 Saint Sulpice (81)\" href=\"https:\/\/www.o-p-i.fr\/parlonsen\/localisation\/a-cote-de-chez-nous\/sur-le-pont-theatre-a-saint-sulpice-81\/\" rel=\"bookmark\">\u00ab\u00a0Sur le pont\u00a0\u00bb, th\u00e9\u00e2tre \u00e0 Saint Sulpice (81)<\/a><\/h2>\n<\/div>\n<div class=\"post-bodycopy clearfix\">\n<p><strong>Jeudi 8, vendredi 9 et sameci 10 juillet 202<\/strong>1, \u00e0 20h.30, Salle Ren\u00e9 Cassin<\/p>\n<div class=\"post-headline\">\n<h2><a title=\"Permanent Link to Concours de Cr\u00e9ations en Cuir de Graulhet (81)\" href=\"https:\/\/www.o-p-i.fr\/parlonsen\/localisation\/a-cote-de-chez-nous\/concours-de-creations-en-cuir-de-graulhet-81\/\" rel=\"bookmark\">Concours de Cr\u00e9ations en Cuir de Graulhet (81)<\/a><\/h2>\n<\/div>\n<div class=\"post-bodycopy clearfix\">\n<p><strong>Du 1er au 30 juin 2021\u2026<\/strong><\/p>\n<\/div>\n<\/div>\n<\/div>\n<\/div>\n<\/div>\n<\/div>\n<\/div>\n<\/div>\n<\/div>\n<div class=\"post-headline\">\n<h2><a title=\"Permanent Link to R\u00e9ouverture des friperies sur le Causse\" href=\"https:\/\/www.o-p-i.fr\/parlonsen\/parlons-en\/pratique\/reouverture-des-friperies-sur-le-causse\/\" rel=\"bookmark\">R\u00e9ouverture des friperies sur le Causse<\/a><\/h2>\n<\/div>\n<div class=\"post-bodycopy clearfix\">\n<p>A partir du\u00a0<strong>18 mai 2021<\/strong><\/p>\n<div class=\"post-bodycopy clearfix\">\n<div class=\"post-bodycopy clearfix\">\n<div class=\"post-headline\">\n<h2><a title=\"Permanent Link to R\u00e9ouverture du \u00ab\u00a0Causse Caf\u00e9\u00a0\u00bb\u2026 \u00e0 Vaour (81)\" href=\"https:\/\/www.o-p-i.fr\/parlonsen\/parlons-en\/pratique\/reouverture-du-causse-cafe-a-vaour-81\/\" rel=\"bookmark\">R\u00e9ouverture du \u00ab\u00a0Causse Caf\u00e9\u00a0\u00bb\u2026 \u00e0 Vaour (81)<\/a><\/h2>\n<\/div>\n<div class=\"post-bodycopy clearfix\">\n<p><strong>Jeudi 10 juin 2021<\/strong><\/p>\n<div class=\"post-bodycopy clearfix\">\n<div class=\"post-headline\">\n<h2><a title=\"Permanent Link to \u00ab\u00a0Retour au Vivant\u00a0\u00bb \u2026 \u00e0 Vaour (81)\" href=\"https:\/\/www.o-p-i.fr\/parlonsen\/localisation\/a-cote-de-chez-nous\/retour-au-vivant-a-vaour-81\/\" rel=\"bookmark\">\u00ab\u00a0Retour au Vivant\u00a0\u00bb \u2026 \u00e0 Vaour (81)<\/a><\/h2>\n<\/div>\n<div class=\"post-bodycopy clearfix\">\n<p>D\u00e8s le<strong>\u00a0samedi 22 mai 2021<\/strong>, au th\u00e9\u00e2tre de La Commanderie<\/p>\n<div class=\"post-bodycopy clearfix\">\n<div class=\"post-bodycopy clearfix\">\n<div class=\"post-headline\">\n<h2><a title=\"Permanent Link to Nouvelle \u00e9quipe pour nouvelle ouverture\u2026 \u00e0 Salvagnac (81)\" href=\"https:\/\/www.o-p-i.fr\/parlonsen\/parlons-en\/commerce\/nouvelle-equipe-pour-nouvelle-ouverture-a-salvagnac-81\/\" rel=\"bookmark\">Nouvelle \u00e9quipe pour nouvelle ouverture\u2026 \u00e0 Salvagnac (81)<\/a><\/h2>\n<\/div>\n<div class=\"post-bodycopy clearfix\">\n<p>A partir du\u00a0<strong>19 mai 2021<\/strong>, un mercredi pas comme les autres\u2026au Bord du Monde<\/p>\n<div class=\"post-bodycopy clearfix\">\n<div class=\"post-headline\">\n<h2><a title=\"Permanent Link to Festival \u00ab\u00a0L\u2019Echo des Arts\u00a0\u00bb \u2026\u00e0 Fronton (31)\" href=\"https:\/\/www.o-p-i.fr\/parlonsen\/localisation\/a-cote-de-chez-nous\/festival-echo-des-arts-fronton\/\" rel=\"bookmark\">Festival \u00ab\u00a0L\u2019Echo des Arts\u00a0\u00bb \u2026\u00e0 Fronton (31)<\/a><\/h2>\n<\/div>\n<div class=\"post-bodycopy clearfix\">\n<p><strong>Samedi 26 et dimanche 27 juin<\/strong>\u00a0<strong>2021<\/strong>, stade Matabiau.<\/p>\n<\/div>\n<\/div>\n<\/div>\n<\/div>\n<\/div>\n<\/div>\n<\/div>\n<\/div>\n<\/div>\n<\/div>\n<\/div>\n<\/div>\n<div class=\"post-bodycopy clearfix\">\n<div class=\"post-headline\">\n<h2><a title=\"Permanent Link to R\u00e9ouverture du cin\u00e9ma \u2026\u00e0 Monclar de Quercy (82)\" href=\"https:\/\/www.o-p-i.fr\/parlonsen\/parlons-en\/reouverture-du-cinema-a-monclar-de-quercy-82\/\" rel=\"bookmark\">R\u00e9ouverture du cin\u00e9ma \u2026\u00e0 Monclar de Quercy (82)<\/a><\/h2>\n<\/div>\n<div class=\"post-bodycopy clearfix\">\n<p>A partir du\u00a0<strong>vendredi 21 mai 202<\/strong>1 !!!<\/p>\n<\/div>\n<div class=\"post-bodycopy clearfix\">\n<div class=\"post-bodycopy clearfix\">\n<div class=\"post-bodycopy clearfix\">\n<div class=\"post-bodycopy clearfix\">\n<div class=\"post-bodycopy clearfix\">\n<div class=\"post-headline\">\n<h2><a title=\"Permanent Link to Appel \u00e0 photos \u00ab\u00a0c\u2019est le Printemps sur le Causse\u00a0\u00bb\" href=\"https:\/\/www.o-p-i.fr\/parlonsen\/parlons-en\/culture\/appel-a-photos-cest-le-printemps-sur-le-causse\/\" rel=\"bookmark\">Appel \u00e0 photos \u00ab\u00a0c\u2019est le Printemps sur le Causse\u00a0\u00bb<\/a><\/h2>\n<\/div>\n<div class=\"post-bodycopy clearfix\">\n<p>Le projet des albums \u00e9volue \u2026<\/p>\n<div class=\"post-headline\">\n<h2><a title=\"Permanent Link to Exposition \u00ab\u00a0Denise Bresciani\u00a0\u00bb \u2026\u00e0 N\u00e8grepelisse (82)\" href=\"https:\/\/www.o-p-i.fr\/parlonsen\/parlons-en\/culture\/exposition-denise-bresciani-a-negrepelisse-82\/\" rel=\"bookmark\">Exposition \u00ab\u00a0Denise Bresciani\u00a0\u00bb \u2026\u00e0 N\u00e8grepelisse (82)<\/a><\/h2>\n<\/div>\n<div class=\"post-bodycopy clearfix\">\n<p>Du\u00a0<strong>mercredi 11 mai au samedi 26 juin<\/strong>, \u00e0 \u00ab La Cuisine \u00bb<\/p>\n<\/div>\n<\/div>\n<\/div>\n<\/div>\n<\/div>\n<\/div>\n<\/div>\n<\/div>\n<\/div>\n<h2><a title=\"Permanent Link to \u00ab\u00a0La Vie Parisienne\u00a0\u00bb \u2026\u00e0 Bruniquel\" href=\"https:\/\/www.o-p-i.fr\/parlonsen\/parlons-en\/culture\/la-vie-parisienne-a-bruniquel\/\" rel=\"bookmark\">\u00ab\u00a0La Vie Parisienne\u00a0\u00bb \u2026\u00e0 Bruniquel<\/a><\/h2>\n<\/div>\n<div class=\"post-bodycopy clearfix\">\n<p>Les\u00a0<strong>29, 30, 31 juillet et 01 \u2013 04, 05, 06, 07, 08 aout 2021<\/strong>, sur l\u2019esplanade des Ch\u00e2teaux.<\/p>\n<\/div>\n<div class=\"post-bodycopy clearfix\">\n<div class=\"post-bodycopy clearfix\">\n<div class=\"post-headline\">\n<h2><a title=\"Permanent Link to \u00ab\u00a0L\u2019invitation au voyage\u00a0\u00bb \u2026 \u00e0 Vaour (81)\" href=\"https:\/\/www.o-p-i.fr\/parlonsen\/parlons-en\/culture\/linvitation-au-voyage-a-vaour-81\/\" rel=\"bookmark\">\u00ab\u00a0L\u2019invitation au voyage\u00a0\u00bb \u2026 \u00e0 Vaour (81)<\/a><\/h2>\n<\/div>\n<div class=\"post-bodycopy clearfix\">\n<p>M\u00e9diath\u00e8que No\u00ebl Richard<\/p>\n<\/div>\n<\/div>\n<\/div>\n<h2><a title=\"Permanent Link to Initiation au num\u00e9rique \u2026 \u00e0 Monclar de Quercy (82)\" href=\"https:\/\/www.o-p-i.fr\/parlonsen\/parlons-en\/pratique\/initiation-au-numerique-a-monclar-de-quercy-82\/\" rel=\"bookmark\">Initiation au num\u00e9rique \u2026 \u00e0 Monclar de Quercy (82)<\/a><\/h2>\n<\/div>\n<div class=\"post-bodycopy clearfix\">\n<p>jusqu\u2019en\u00a0<strong>juillet 2021<\/strong><\/p>\n<\/div>\n<div class=\"post-headline\">\n<h2><a title=\"Permanent Link to L\u2019Avenir est \u00e0 la campagne \u2026\" href=\"https:\/\/www.o-p-i.fr\/parlonsen\/parlons-en\/culture\/lavenir-est-a-la-campagne\/\" rel=\"bookmark\">L\u2019Avenir est \u00e0 la campagne \u2026<\/a><\/h2>\n<\/div>\n<div class=\"post-bodycopy clearfix\">\n<p>\u2026 qu\u2019est-ce que c\u2019est ?<\/p>\n<\/div>\n<div class=\"post-bodycopy clearfix\">\n<div class=\"post-headline\">\n<h2><a title=\"Permanent Link to Concours photos\u2026 \u00e0 Giroussens (81)\" href=\"https:\/\/www.o-p-i.fr\/parlonsen\/parlons-en\/culture\/concours-photos-a-giroussens-81\/\" rel=\"bookmark\">Concours photos\u2026 \u00e0 Giroussens (81)<\/a><\/h2>\n<\/div>\n<div class=\"post-bodycopy clearfix\">\n<p>Du\u00a0<strong>1 mars au 31 juillet 2021<\/strong>.<\/p>\n<\/div>\n<\/div>\n<h2><a title=\"Permanent Link to Accueillir une \u00e9tudiante autrichienne \u2026 \u00e9t\u00e9 2021\" href=\"https:\/\/www.o-p-i.fr\/parlonsen\/parlons-en\/pratique\/accueillir-une-etudiante-autrichienne-ete-2021\/\" rel=\"bookmark\">Accueillir une \u00e9tudiante autrichienne \u2026 \u00e9t\u00e9 2021<\/a><\/h2>\n<\/div>\n<div class=\"post-bodycopy clearfix\">\n<p>2 \u00e0 4 semaines en\u00a0<strong>juillet ou ao\u00fbt 2021<\/strong><\/p>\n<\/div>\n<div class=\"post-headline\">\n<div class=\"post-headline\">\n<h2><a title=\"Permanent Link to Les moments musicaux du Tarn\" href=\"https:\/\/www.o-p-i.fr\/parlonsen\/parlons-en\/culture\/les-moments-musicaux-du-tarn\/\" rel=\"bookmark\">Les moments musicaux du Tarn<\/a><\/h2>\n<\/div>\n<div class=\"post-bodycopy clearfix\">\n<p><strong>Samedi 17 et dimanche 18 juillet 2021<\/strong><\/p>\n<\/div>\n<div class=\"post-bodycopy clearfix\">\n<div class=\"post-headline\">\n<h2><a title=\"Permanent Link to En pr\u00e9vision \u00e0 La Mouni\u00e8re\u2026 Septfonds (82)\" href=\"https:\/\/www.o-p-i.fr\/parlonsen\/parlons-en\/culture\/en-prevision-a-la-mouniere-septfonds-82\/\" rel=\"bookmark\">En pr\u00e9vision \u00e0 La Mouni\u00e8re\u2026 Septfonds (82)<\/a><\/h2>\n<\/div>\n<div class=\"post-bodycopy clearfix\">\n<p>Ferm\u00e9s, certes, mais\u00a0<strong>ouverts aux projets<\/strong><\/p>\n<\/div>\n<\/div>\n<\/div>\n<div class=\"post-bodycopy clearfix\">\n<div class=\"post-headline\">\n<h2><a title=\"Permanent Link to Attention aux feux !!!\" href=\"https:\/\/www.o-p-i.fr\/parlonsen\/parlons-en\/pratique\/attention-aux-feux\/\" rel=\"bookmark\">Attention aux feux !!!<\/a><\/h2>\n<\/div>\n<div class=\"post-bodycopy clearfix\">\n<p>Feux d\u2019espaces naturels<\/p>\n<\/div>\n<\/div>\n<div class=\"post-headline\">\n<div class=\"post-headline\">\n<div class=\"post-headline\">\n<h2><a title=\"Permanent Link to Scrabble ou Tricot\u2026 \u00e0 Vaour (81)\" href=\"https:\/\/www.o-p-i.fr\/parlonsen\/parlons-en\/pratique\/scrabble-ou-tricot-a-vaour-81\/\" rel=\"bookmark\">Scrabble ou Tricot\u2026 \u00e0 Vaour (81)<\/a><\/h2>\n<\/div>\n<div class=\"post-bodycopy clearfix\">\n<p>Tous les\u00a0<strong>mardis apr\u00e8s-midi<\/strong>, de 15 \u00e0 17 h. au Causse Caf\u00e9.<\/p>\n<\/div>\n<\/div>\n<div class=\"post-bodycopy clearfix\">\n<div class=\"post-headline\">\n<h2><a title=\"Permanent Link to Gravure en taille douce\u2026 \u00e0 Lisle sur Tarn (81)\" href=\"https:\/\/www.o-p-i.fr\/parlonsen\/parlons-en\/gravure-en-taille-douce-a-lisle-sur-tarn-81\/\" rel=\"bookmark\">Gravure en taille douce\u2026 \u00e0 Lisle sur Tarn (81)<\/a><\/h2>\n<\/div>\n<div class=\"post-bodycopy clearfix\">\n<p>Le mus\u00e9e Raymond Lafage pr\u00e9pare la 5\u00e8me Triennale\u00a0 (<strong>mars \u00e0 juin 2022<\/strong>)<\/p>\n<div class=\"post-headline\">\n<h2><a title=\"Permanent Link to Universit\u00e9 occitane d\u2019\u00e9t\u00e9 \u2026\u00e0 Lagu\u00e9pie (82)\" href=\"https:\/\/www.o-p-i.fr\/parlonsen\/parlons-en\/universite-occitane-dete-a-laguepie-82-2\/\" rel=\"bookmark\">Universit\u00e9 occitane d\u2019\u00e9t\u00e9 \u2026\u00e0 Lagu\u00e9pie (82)<\/a><\/h2>\n<\/div>\n<div class=\"post-bodycopy clearfix\">\n<p>Du\u00a0<strong>lundi 12 au lundi 19 juillet 202<\/strong>1.<\/p>\n<\/div>\n<\/div>\n<\/div>\n<\/div>\n<div class=\"post-bodycopy clearfix\">\n<div class=\"post-bodycopy clearfix\">\n<div class=\"post-bodycopy clearfix\">\n<div class=\"post-bodycopy clearfix\">\n<div class=\"post-headline\">\n<h2><a title=\"Permanent Link to Stages d\u2019\u00e9t\u00e9:\u2026 \u00e0 Castelnau de Montmiral (81)\" href=\"https:\/\/www.o-p-i.fr\/parlonsen\/localisation\/castelnau\/stages-dete-a-castelnau-de-montmiral-81\/\" rel=\"bookmark\">Stages d\u2019\u00e9t\u00e9:\u2026 \u00e0 Castelnau de Montmiral (81)<\/a><\/h2>\n<\/div>\n<div class=\"post-bodycopy clearfix\">\n<p>Organis\u00e9s par l\u2019association 2JOL,de<strong> juillet \u00e0 septembre 2021<\/strong><\/p>\n<\/div>\n<\/div>\n<\/div>\n<\/div>\n<\/div>\n<div class=\"post-bodycopy clearfix\">\n<div class=\"post-bodycopy clearfix\">\n<div class=\"post-headline\">\n<h2><a title=\"Permanent Link to Stage de danses africaines \u2026 \u00e0 Camares (12)\" href=\"https:\/\/www.o-p-i.fr\/parlonsen\/parlons-en\/culture\/stage-de-danses-africaines-a-camares-12\/\" rel=\"bookmark\">Stage de danses africaines \u2026 \u00e0 Camares (12)<\/a><\/h2>\n<\/div>\n<div class=\"post-bodycopy clearfix\">\n<p>Du\u00a0<strong>dimanche 8 au vendredi 13 ao\u00fbt 2021<\/strong>, \u00e0 Faragous<\/p>\n<div class=\"post-bodycopy clearfix\">\n<div class=\"post-bodycopy clearfix\">\n<div class=\"post-headline\">\n<h2><a title=\"Permanent Link to Vide greniers \u2026 \u00e0 Caussade (82)\" href=\"https:\/\/www.o-p-i.fr\/parlonsen\/parlons-en\/pratique\/vide-greniers-a-caussade-82\/\" rel=\"bookmark\">Vide greniers \u2026 \u00e0 Caussade (82)<\/a><\/h2>\n<\/div>\n<div class=\"post-bodycopy clearfix\">\n<p><strong>Dimanche 27 juin 2021<\/strong>, Parc de la L\u00e8re.<\/p>\n<div class=\"post-bodycopy clearfix\">\n<div class=\"post-bodycopy clearfix\">\n<div class=\"post-headline\">\n<h2><a title=\"Permanent Link to Stages de chant \u2026 \u00e0 Luchon\" href=\"https:\/\/www.o-p-i.fr\/parlonsen\/parlons-en\/culture\/stages-de-chant-a-luchon\/\" rel=\"bookmark\">Stages de chant \u2026 \u00e0 Luchon<\/a><\/h2>\n<\/div>\n<div class=\"post-bodycopy clearfix\">\n<p>Du\u00a0<strong>samedi 31 juillet au samedi 7 ao\u00fbt 2021<\/strong>, dans le cadre des Rencontres Lyriques.<\/p>\n<\/div>\n<\/div>\n<\/div>\n<\/div>\n<\/div>\n<\/div>\n<\/div>\n<\/div>\n<\/div>\n<\/div>\n<\/div>\n<\/div>\n<h2><a title=\"Permanent Link to Petit \u00e2ne cherche maison\u2026\" href=\"https:\/\/www.o-p-i.fr\/parlonsen\/parlons-en\/pratique\/petit-ane-cherche-maison\/\" rel=\"bookmark\">Petit \u00e2ne cherche maison\u2026<\/a><\/h2>\n<\/div>\n<div class=\"post-bodycopy clearfix\">\n<p>Nicole et Romain donnent Ignos\u2026<\/p>\n<\/div>\n<div class=\"post-headline\">\n<h2><a title=\"Permanent Link to Accueillir une \u00e9tudiante autrichienne \u2026 \u00e9t\u00e9 2021\" href=\"https:\/\/www.o-p-i.fr\/parlonsen\/parlons-en\/pratique\/accueillir-une-etudiante-autrichienne-ete-2021\/\" rel=\"bookmark\">Accueillir une \u00e9tudiante autrichienne \u2026 \u00e9t\u00e9 2021<\/a><\/h2>\n<\/div>\n<div class=\"post-bodycopy clearfix\">\n<p>2 \u00e0 4 semaines en\u00a0<strong>juillet ou ao\u00fbt 2021<\/strong><\/p>\n<\/div>\n<\/div>\n<\/div>\n<\/div>\n<\/div>\n<h2><a title=\"Permanent Link to V\u00e9los \u00e9lectriques \u2026\u00e0 Monclar de Quercy (82)\" href=\"https:\/\/www.o-p-i.fr\/parlonsen\/parlons-en\/commerce\/velos-electriques-a-monclar-de-quercy-82\/\" rel=\"bookmark\">V\u00e9los \u00e9lectriques \u2026\u00e0 Monclar de Quercy (82)<\/a><\/h2>\n<\/div>\n<div class=\"post-bodycopy clearfix\">\n<p>En location aupr\u00e8s de Cordonnerie-clefs-\u00ab l\u2019Atelier \u00bb<\/p>\n<\/div>\n<\/div>\n<div>\n<div class=\"post-headline\">\n<h2><a title=\"Permanent Link to Des \u00ab\u00a0Plats \u00e0 emporter\u00a0\u00bb \u00e0 Saint Urcisse (81)\" href=\"https:\/\/www.o-p-i.fr\/parlonsen\/parlons-en\/commerce\/plats-a-emporter-a-saint-urcisse-81\/\" target=\"_blank\" rel=\"bookmark noopener noreferrer\">Des \u00ab\u00a0Plats \u00e0 emporter\u00a0\u00bb \u00e0 Saint Urcisse (81)<\/a><\/h2>\n<\/div>\n<div class=\"post-bodycopy clearfix\">\n<p><strong>Restaurant La Ch\u00eanaie<\/strong>.\u00a0 Apr\u00e8s l\u2019annonce du gouvernement<\/p>\n<\/div>\n<\/div>\n<div>\n<div>\n<div class=\"post-headline\">\n<h2><a title=\"Permanent Link to Vente \u00e0 la Ferme\u2026 \u00e0 Monclar de Quercy (82)\" href=\"https:\/\/www.o-p-i.fr\/parlonsen\/parlons-en\/agriculture\/vente-a-la-ferme-a-monclar-de-quercy-82\/\" target=\"_blank\" rel=\"bookmark noopener noreferrer\">Vente \u00e0 la Ferme\u2026 \u00e0 Monclar de Quercy (82)<\/a><\/h2>\n<\/div>\n<div class=\"post-bodycopy clearfix\">\n<p><strong>Au domaine de Maillac.<\/strong><\/p>\n<\/div>\n<\/div>\n<div>\n<div>\n<div class=\"post-headline\">\n<h2><a title=\"Permanent Link to Plats \u00e0 emporter \u2026 au Pays des Tescous\" href=\"https:\/\/www.o-p-i.fr\/parlonsen\/parlons-en\/commerce\/plats-a-emporter-au-pays-des-tescous\/\" target=\"_blank\" rel=\"bookmark noopener noreferrer\">Plats \u00e0 emporter \u2026 au Pays des Tescous<\/a><\/h2>\n<\/div>\n<div class=\"post-bodycopy clearfix\">\n<p>Pendant le confinement \u00ab\u00a0all\u00e9g\u00e9\u00a0\u00bb, ils vous proposent des plats \u00e0 emporter<\/p>\n<div class=\"post-headline\">\n<h2><a title=\"Permanent Link to Alerte \u00ab\u00a0Don du sang\u00a0\u00bb\" href=\"https:\/\/www.o-p-i.fr\/parlonsen\/localisation\/a-cote-de-chez-nous\/alerte-don-du-sang\/\" rel=\"bookmark\">Alerte \u00ab\u00a0Don du sang\u00a0\u00bb<\/a><\/h2>\n<\/div>\n<div class=\"post-bodycopy clearfix\">\n<p><strong>Les r\u00e9serves de sang continuent de baisser\u00a0<\/strong><\/p>\n<\/div>\n<\/div>\n<\/div>\n<div>\n<div>\n<div class=\"post-headline\">\n<h2><a title=\"Permanent Link to L\u2019atelier du cordonnier \u2026 \u00e0 Monclar de Quercy (82)\" href=\"https:\/\/www.o-p-i.fr\/parlonsen\/parlons-en\/pratique\/latelier-du-cordonnier-a-monclar-de-quercy-82\/\" rel=\"bookmark\">L\u2019atelier du cordonnier \u2026 \u00e0 Monclar de Quercy (82)<\/a><\/h2>\n<\/div>\n<div class=\"post-bodycopy clearfix\">\n<p>A votre service dans plusieurs domaines !!!<\/p>\n<div class=\"post-bodycopy clearfix\">\n<div class=\"post-headline\">\n<h2><a title=\"Permanent Link to Histoire de la For\u00eat de Gr\u00e9signe\u2026\" href=\"https:\/\/www.o-p-i.fr\/parlonsen\/parlons-en\/culture\/histoire-de-la-foret-de-gresigne\/\" rel=\"bookmark\">Histoire de la For\u00eat de Gr\u00e9signe\u2026<\/a><\/h2>\n<\/div>\n<div class=\"post-bodycopy clearfix\">\n<p><strong>Un voyage dans le temps et l\u2019espace.<\/strong><\/p>\n<div class=\"post-headline\">\n<h2><a title=\"Permanent Link to Alerte \u00ab\u00a0termites\u00a0\u00bb\u2026 au Pays des Tescou\u2019s\" href=\"https:\/\/www.o-p-i.fr\/parlonsen\/parlons-en\/pratique\/alerte-termites-au-pays-des-tescous\/\" rel=\"bookmark\">Alerte \u00ab\u00a0termites\u00a0\u00bb\u2026 au Pays des Tescou\u2019s<\/a><\/h2>\n<\/div>\n<div class=\"post-bodycopy clearfix\">\n<p>Obligation de d\u00e9clarer en mairie la pr\u00e9sence de termites dans les b\u00e2timents.<\/p>\n<\/div>\n<\/div>\n<\/div>\n<\/div>\n<\/div>\n<div>\n<div>\n<div>\n<div>\n<div>\n<div>\n<div>\n<div>\n<div>\n<div>\n<div>\n<div>\n<div class=\"post-headline\">\n<h2><a title=\"Permanent Link to \u00ab\u00a0Information Tourisme\u00a0\u00bb\u2026 \u00e0 Salvagnac (81)\" href=\"https:\/\/www.o-p-i.fr\/parlonsen\/parlons-en\/pratique\/information-tourisme-a-salvagnac-81\/\" rel=\"bookmark\">\u00ab\u00a0Information Tourisme\u00a0\u00bb\u2026 \u00e0 Salvagnac (81)<\/a><\/h2>\n<\/div>\n<div class=\"post-bodycopy clearfix\">\n<p>Au Caf\u00e9 du Bord du Monde.<\/p>\n<div class=\"post-headline\">\n<h2><a title=\"Permanent Link to Planter des arbres\u2026 chez vous\" href=\"https:\/\/www.o-p-i.fr\/parlonsen\/parlons-en\/agriculture\/planter-des-arbres-chez-vous\/\" rel=\"bookmark\">Planter des arbres\u2026 chez vous<\/a><\/h2>\n<\/div>\n<div class=\"post-bodycopy clearfix\">\n<p>\u00ab Arbres et Paysages Tarnais \u00bb vous aide.<\/p>\n<\/div>\n<\/div>\n<\/div>\n<\/div>\n<\/div>\n<\/div>\n<\/div>\n<\/div>\n<\/div>\n<\/div>\n<\/div>\n<div>\n<div>\n<div><\/div>\n<\/div>\n<blockquote><p><span class=\"Style14\"><a title=\"Permanent Link to \u00ab Ensemble construisons l\u2019Europe des c\u0153urs ! \u00bb\" href=\"http:\/\/www.o-p-i.fr\/parlonsen\/parlons-en\/culture\/ensemble-construisons-leurope-des-coeurs\/\" rel=\"bookmark\"><strong>\u00ab Ensemble construisons l\u2019Europe des c\u0153urs ! \u00bb<\/strong><\/a><strong> Tel est le slogan de l\u2019association \u00ab <a href=\"http:\/\/www.o-p-i.fr\/aupays\/annuaire\/loisirs\/autriche-et-pays-doc\/\" target=\"_blank\" rel=\"noopener noreferrer\">Autriche et Pays d\u2019Oc \/7 \u00e0 lire<\/a>\u00bb<br \/>\n<\/strong><\/span><\/p><\/blockquote>\n<\/div>\n<\/div>\n<\/div>\n<\/div>\n<\/div>\n<\/div>\n<\/div>\n<\/td>\n<\/tr>\n<\/tbody>\n<\/table>\n<p><span class=\"Style161\">Retrouvez encore plus d&rsquo;\u00e9v\u00e9nements<br \/>\nsur <a href=\"http:\/\/agenda.o-p-i.fr\">{agenda.o-p-i.fr}<\/a><\/span><\/p>\n<h3 style=\"text-align: center;\">La lettre d&rsquo;info est envoy\u00e9e GRATUITEMENT<br \/>\nchaque vendredi \u00e0 plus de 3 500 foyers du Pays des Tescou&rsquo;s.<\/h3>\n<h3 style=\"text-align: center;\">Vous souhaitez soutenir notre action,<br \/>\nmerci de prendre 2 minutes pour concr\u00e9tiser votre adh\u00e9sion<br \/>\nsur <a href=\"http:\/\/adhesion.o-p-i.fr\"><strong>adh\u00e9sion.o-p-i.fr<\/strong><\/a><\/h3>\n<\/td>\n<td width=\"0%\"><\/td>\n<td class=\"Style14\" valign=\"top\" width=\"28%\">\n<table border=\"0\" width=\"99%\" cellspacing=\"0\" cellpadding=\"0\">\n<tbody>\n<tr>\n<td valign=\"top\" bgcolor=\"#FFFFFF\">\n<div class=\"Style14\" align=\"center\"><a href=\"http:\/\/www.o-p-i.fr\/aupays\/category\/vie-des-communes\/\"><img data-recalc-dims=\"1\" loading=\"lazy\" decoding=\"async\" class=\"Style12\" src=\"https:\/\/i0.wp.com\/www.o-p-i.fr\/lettre_info\/bouton_activ.jpg?resize=200%2C70\" alt=\"Les activit\u00e9s du Pays des Tescou's\" width=\"200\" height=\"70\" longdesc=\"http:\/\/www.o-p-i.fr\/lettre_info\/bouton_activ.jpg\" \/><\/a><\/div>\n<\/td>\n<\/tr>\n<tr>\n<td class=\"Style14\" align=\"center\" bgcolor=\"#FF3300\" height=\"263\">\n<h3><a href=\"http:\/\/www.o-p-i.fr\/aupays\/annuaire\/loisirs\/cine-monclar\/\"><strong><img loading=\"lazy\" decoding=\"async\" class=\"\" title=\"Cin\u00e9 Monclar\" src=\"http:\/\/www.o-p-i.fr\/aupays\/wp-content\/themes\/arras-theme\/library\/timthumb.php?src=http:\/\/www.o-p-i.fr\/aupays\/wp-content\/uploads\/logo_cinemonclar2.jpg&amp;w=190&amp;h=100&amp;zc=1\" alt=\"Cin\u00e9 Monclar\" width=\"143\" height=\"27\" \/><\/strong><\/a><\/h3>\n<div>\n<div>\n<div>\n<div align=\"center\">C&rsquo;est reparti !!!<\/div>\n<\/div>\n<\/div>\n<div align=\"center\">\n<ul>\n<li><del><strong>Vendredi 25 juin<\/strong>\u00a0Salle indisponible (\u00e9lections)<\/del><\/li>\n<li><del><strong>Dimanche 27 juin<\/strong>\u00a0Salle indisponible (\u00e9lections)<\/del><\/li>\n<li><strong>Mardi 29 juin<\/strong>\u00a0Si le vent tombe VO 21h00\u00a0\u00a0 \u00a0\u00a0<a href=\"https:\/\/www.bing.com\/videos\/search?q=Si+le+vent+tombe+VO+bande+annonce&amp;docid=608054652102784340&amp;mid=23522CBD60D5B20369BA23522CBD60D5B20369BA&amp;view=detail&amp;FORM=VIRE\" target=\"_blank\" rel=\"noopener noreferrer\"><em>Pour voir la bande annonce, cliquez ici<\/em><\/a><\/li>\n<li><strong>Vendredi 2 juillet<\/strong>\u00a0Des hommes 21h00\u00a0\u00a0 \u00a0\u00a0<a href=\"https:\/\/www.allocine.fr\/video\/player_gen_cmedia=19589583&amp;cfilm=272523.html\" target=\"_blank\" rel=\"noopener noreferrer\"><em>Pour voir la bande annonce, cliquez ici<\/em><\/a><\/li>\n<li><strong>Dimanche 4 juillet<\/strong>\n<ul>\n<li>Les bouchetrous 15h00\u00a0\u00a0 \u00a0\u00a0<a href=\"https:\/\/www.allocine.fr\/video\/player_gen_cmedia=19591378&amp;cfilm=260397.html\" target=\"_blank\" rel=\"noopener noreferrer\"><em>Pour voir la bande annonce, cliquez ici<\/em><\/a><\/li>\n<li>Les 2 Alfred 16h45\u00a0\u00a0 \u00a0\u00a0<a href=\"https:\/\/www.allocine.fr\/video\/player_gen_cmedia=19589613&amp;cfilm=278933.html\" target=\"_blank\" rel=\"noopener noreferrer\"><em>Pour voir la bande annonce, cliquez ici<\/em><\/a><\/li>\n<li>Petite maman 21h00\u00a0\u00a0 \u00a0<a href=\"https:\/\/www.allocine.fr\/video\/player_gen_cmedia=19592163&amp;cfilm=286829.html\" target=\"_blank\" rel=\"noopener noreferrer\"><em>Pour voir la bande annonce, cliquez ici<\/em><\/a><\/li>\n<\/ul>\n<\/li>\n<li><strong>Mardi 6 juillet<\/strong>\u00a0Hospitalit\u00e9 VO 21h00\u00a0\u00a0\u00a0 \u00a0\u00a0<a href=\"https:\/\/www.allocine.fr\/video\/player_gen_cmedia=19592136&amp;cfilm=194636.html\" target=\"_blank\" rel=\"noopener noreferrer\"><em>Pour voir la bande annonce, cliquez ici<\/em><\/a><\/li>\n<\/ul>\n<\/div>\n<\/div>\n<\/td>\n<\/tr>\n<tr>\n<td class=\"Style14\" bgcolor=\"#FFFFFF\" height=\"1262\">\n<h3 class=\"Style51\" align=\"center\"><span class=\"Style16\">Associations, entreprises :<br \/>\nPour apparaitre ici,<\/span><\/h3>\n<h3 class=\"Style51\" align=\"center\"><a class=\"Style16\" href=\"http:\/\/www.o-p-i.fr\/aupays\/opi\/referencez-votre-activite\/\">cliquez ici<\/a><\/h3>\n<p><img loading=\"lazy\" decoding=\"async\" class=\"aligncenter\" src=\"http:\/\/www.o-p-i.fr\/aupays\/wp-content\/themes\/arras-theme\/library\/timthumb.php?src=http:\/\/www.o-p-i.fr\/aupays\/wp-content\/uploads\/logo_painrustique_72pp.jpg&amp;w=190&amp;h=100&amp;zc=1\" alt=\"Le Pain Rustique\" width=\"137\" height=\"24\" \/><\/p>\n<p style=\"text-align: center;\"><strong><a href=\"http:\/\/www.o-p-i.fr\/aupays\/vie-des-communes\/vie-a-monclar-de-quercy\/le-pain-rustique\/\" rel=\"bookmark\">Le Pain Rustique<\/a><\/strong><\/p>\n<div><a href=\"http:\/\/www.o-p-i.fr\/aupays\/vie-des-communes\/vie-a-verlhac-tescou\/mecajardin-82\/\"><img decoding=\"async\" title=\"M\u00e9caJardin 82\" src=\"http:\/\/www.o-p-i.fr\/aupays\/wp-content\/themes\/arras-theme\/library\/timthumb.php?src=http:\/\/www.o-p-i.fr\/aupays\/wp-content\/uploads\/logo_mecajardin82.jpg&amp;w=190&amp;h=100&amp;zc=1\" alt=\"M\u00e9caJardin 82\" \/><\/a><\/div>\n<div><a href=\"http:\/\/www.o-p-i.fr\/aupays\/vie-des-communes\/vie-a-verlhac-tescou\/mecajardin-82\/\" rel=\"bookmark\">M\u00e9caJardin 82<\/a><\/div>\n<p class=\"Style51\" align=\"center\"><img decoding=\"async\" title=\"R\u00e9veil Occitan\" src=\"https:\/\/www.o-p-i.fr\/aupays\/wp-content\/themes\/arras-theme\/library\/timthumb.php?src=https:\/\/www.o-p-i.fr\/aupays\/wp-content\/uploads\/logo_reveiloccitan.jpg&amp;w=190&amp;h=100&amp;zc=1\" alt=\"R\u00e9veil Occitan\" \/><\/p>\n<h3 align=\"center\"><a href=\"https:\/\/www.o-p-i.fr\/aupays\/annuaire\/loisirs\/reveil-occitan\/\">R\u00e9veil Occitan<\/a><\/h3>\n<div>\n<h3><a href=\"http:\/\/www.o-p-i.fr\/aupays\/annuaire\/graines-de-troubadours\/\" rel=\"bookmark\">Graines de Troubadours<\/a><\/h3>\n<\/div>\n<ul>\n<li>\n<div><a href=\"http:\/\/www.o-p-i.fr\/aupays\/annuaire\/loisirs\/bulle-denergie\/\"><img decoding=\"async\" title=\"Bulle d\u2019\u00e9nergie\" src=\"http:\/\/www.o-p-i.fr\/aupays\/wp-content\/themes\/arras-theme\/library\/timthumb.php?src=http:\/\/www.o-p-i.fr\/aupays\/wp-content\/uploads\/Bulle-d%C3%A9nergie-300x121.jpg&amp;w=190&amp;h=100&amp;zc=1\" alt=\"Bulle d\u2019\u00e9nergie\" \/><\/a><abbr title=\"2019-07-14T21:54:34+01:00\">&#8230;<\/abbr><\/div>\n<h3 style=\"text-align: left;\"><a href=\"http:\/\/www.o-p-i.fr\/aupays\/annuaire\/loisirs\/bulle-denergie\/\" rel=\"bookmark\">Bulle d\u2019\u00e9nergie<\/a><\/h3>\n<ul style=\"text-align: left;\">\n<li>\n<div>\n<p><a href=\"http:\/\/www.o-p-i.fr\/aupays\/annuaire\/loisirs\/association-musicale-cantabile\/\"><img decoding=\"async\" title=\"Association musicale Cantabile\" src=\"http:\/\/www.o-p-i.fr\/aupays\/wp-content\/themes\/arras-theme\/library\/timthumb.php?src=http:\/\/www.o-p-i.fr\/aupays\/wp-content\/uploads\/logo_cantabile1.jpg&amp;w=190&amp;h=100&amp;zc=1\" alt=\"Association musicale Cantabile\" \/><\/a><abbr title=\"2017-09-18T12:10:59+00:00\">&#8230;<\/abbr><\/p>\n<\/div>\n<div><a href=\"http:\/\/www.o-p-i.fr\/aupays\/annuaire\/tourisme\/la-chenaie\/\"><img decoding=\"async\" title=\"La Ch\u00eanaie\" src=\"http:\/\/www.o-p-i.fr\/aupays\/wp-content\/themes\/arras-theme\/library\/timthumb.php?src=http:\/\/www.o-p-i.fr\/aupays\/wp-content\/uploads\/logo_lachenaie.jpg&amp;w=190&amp;h=100&amp;zc=1\" alt=\"La Ch\u00eanaie\" \/><\/a><abbr title=\"2017-12-06T09:45:08+00:00\">&#8230;<\/abbr><\/div>\n<div>\n<p>&#8230;<strong><a href=\"http:\/\/www.o-p-i.fr\/aupays\/annuaire\/tourisme\/la-chenaie\/\">Continuer \u00e0 lire<\/a><\/strong><\/p>\n<p><a href=\"http:\/\/www.o-p-i.fr\/aupays\/annuaire\/loisirs\/lumen-co\/\"><img decoding=\"async\" title=\"Lumen &amp; Co\" src=\"http:\/\/www.o-p-i.fr\/aupays\/wp-content\/themes\/arras-theme\/library\/timthumb.php?src=http:\/\/www.o-p-i.fr\/aupays\/wp-content\/uploads\/logo_lumenandco.jpg&amp;w=190&amp;h=100&amp;zc=1\" alt=\"Lumen &amp; Co\" \/><\/a><\/p>\n<div>\n<p><img decoding=\"async\" title=\"YogaGym\" src=\"http:\/\/www.o-p-i.fr\/aupays\/wp-content\/themes\/arras-theme\/library\/timthumb.php?src=http:\/\/www.o-p-i.fr\/aupays\/wp-content\/uploads\/logo_yogagym.jpg&amp;w=190&amp;h=100&amp;zc=1\" alt=\"YogaGym\" \/><\/p>\n<h3><a href=\"http:\/\/www.o-p-i.fr\/aupays\/opi\/yogagym-2\/\" rel=\"bookmark\">YogaGym<\/a><\/h3>\n<p><strong><a href=\"http:\/\/www.o-p-i.fr\/aupays\/opi\/yogagym-2\/\">Continuer \u00e0 lire<\/a><\/strong><\/p>\n<\/div>\n<\/div>\n<div><a href=\"http:\/\/www.o-p-i.fr\/aupays\/annuaire\/loisirs\/song-jing\/\"><img decoding=\"async\" title=\"SONG JING\" src=\"http:\/\/www.o-p-i.fr\/aupays\/wp-content\/themes\/arras-theme\/library\/timthumb.php?src=http:\/\/www.o-p-i.fr\/aupays\/wp-content\/uploads\/logo-SONG-JING.jpg&amp;w=190&amp;h=100&amp;zc=1\" alt=\"SONG JING\" \/><\/a><abbr title=\"2017-09-19T08:56:48+00:00\">&#8230;<\/abbr><\/div>\n<h3><a href=\"http:\/\/www.o-p-i.fr\/aupays\/annuaire\/loisirs\/song-jing\/\" rel=\"bookmark\">SONG JING<br \/>\n<\/a>Qi Gong et Taiji Quan<\/h3>\n<p><strong><a href=\"http:\/\/www.o-p-i.fr\/aupays\/annuaire\/loisirs\/song-jing\/\">Continuer \u00e0 lire<\/a><\/strong><\/li>\n<li>\n<div><a href=\"http:\/\/www.o-p-i.fr\/aupays\/vie-des-communes\/vie-a-montdurausse\/meca-doc\/\"><img decoding=\"async\" title=\"M\u00e9ca d\u2019oc\" src=\"http:\/\/www.o-p-i.fr\/aupays\/wp-content\/themes\/arras-theme\/library\/timthumb.php?src=http:\/\/www.o-p-i.fr\/aupays\/wp-content\/uploads\/MECA-D-OC.jpg&amp;w=190&amp;h=100&amp;zc=1\" alt=\"M\u00e9ca d\u2019oc\" \/><\/a><\/div>\n<h3><a href=\"http:\/\/www.o-p-i.fr\/aupays\/vie-des-communes\/vie-a-montdurausse\/meca-doc\/\" rel=\"bookmark\">M\u00e9ca d\u2019oc<\/a><\/h3>\n<p><strong><a href=\"http:\/\/www.o-p-i.fr\/aupays\/vie-des-communes\/vie-a-montdurausse\/meca-doc\/\">Continuer \u00e0 lire<\/a><\/strong><\/li>\n<li>\n<div><\/div>\n<h3><a href=\"http:\/\/www.o-p-i.fr\/aupays\/opi\/ode-a-soi-e\/\" rel=\"bookmark\">\u00d4de \u00e0 soi.e<\/a><\/h3>\n<div>Nouveau \u00e0 Couffouleux<\/div>\n<p><strong><a href=\"http:\/\/www.o-p-i.fr\/aupays\/opi\/ode-a-soi-e\/\">Continuer \u00e0 lire<\/a><\/strong><\/li>\n<\/ul>\n<\/li>\n<\/ul>\n<div style=\"text-align: left;\"><a href=\"http:\/\/www.o-p-i.fr\/aupays\/annuaire\/loisirs\/la-fille-de-jade\/\"><img decoding=\"async\" title=\"La Fille de Jade\" src=\"http:\/\/www.o-p-i.fr\/aupays\/wp-content\/themes\/arras-theme\/library\/timthumb.php?src=http:\/\/www.o-p-i.fr\/aupays\/wp-content\/uploads\/logo_lafilledejade.jpg&amp;w=190&amp;h=100&amp;zc=1\" alt=\"La Fille de Jade\" \/><\/a><abbr title=\"2017-09-20T13:00:42+00:00\">&#8230;<\/abbr><\/div>\n<h3 style=\"text-align: left;\"><a href=\"http:\/\/www.o-p-i.fr\/aupays\/annuaire\/loisirs\/la-fille-de-jade\/\" rel=\"bookmark\">La Fille de Jade<\/a><\/h3>\n<p style=\"text-align: left;\"><strong><a href=\"http:\/\/www.o-p-i.fr\/aupays\/annuaire\/loisirs\/la-fille-de-jade\/\">Continuer \u00e0 lire<\/a><\/strong><\/p>\n<ul style=\"text-align: left;\">\n<li style=\"list-style-type: none;\">\n<ul>\n<li><a href=\"http:\/\/www.o-p-i.fr\/aupays\/annuaire\/loisirs\/institut-leininger-centre-de-yogatherapie-yoga-therapie-holistique\/\" rel=\"bookmark\"><img decoding=\"async\" class=\"alignnone\" title=\"Institut LEININGER, Centre de Yogath\u00e9rapie, YOGA, Th\u00e9rapie holistique\" src=\"http:\/\/www.o-p-i.fr\/aupays\/wp-content\/themes\/arras-theme\/library\/timthumb.php?src=http:\/\/www.o-p-i.fr\/aupays\/wp-content\/uploads\/1-LEININGER-1.jpg&amp;w=190&amp;h=100&amp;zc=1\" alt=\"Institut LEININGER, Centre de Yogath\u00e9rapie, YOGA, Th\u00e9rapie holistique\" \/><br \/>\n<\/a><strong><a href=\"http:\/\/www.o-p-i.fr\/aupays\/annuaire\/loisirs\/institut-leininger-centre-de-yogatherapie-yoga-therapie-holistique\/\">Continuer \u00e0 lire<\/a><\/strong><\/li>\n<\/ul>\n<\/li>\n<\/ul>\n<p style=\"text-align: left;\">.<\/p>\n<p style=\"text-align: left;\">.<\/p>\n<p style=\"text-align: left;\">.<\/p>\n<p style=\"text-align: left;\">\n<\/td>\n<\/tr>\n<\/tbody>\n<\/table>\n<h3><\/h3>\n<\/td>\n<\/tr>\n<\/tbody>\n<\/table>\n<\/td>\n<\/tr>\n<tr>\n<td colspan=\"2\" bgcolor=\"#FFFFFF\">\n<table border=\"0\" width=\"100%\" cellspacing=\"0\" cellpadding=\"0\">\n<tbody>\n<tr>\n<td colspan=\"7\" valign=\"middle\" bgcolor=\"#99CC01\" height=\"54\">\n<div class=\"Style31\" align=\"center\">\n<div class=\"Style32\" align=\"left\">&#8230; Au Pays des Tescou&rsquo;s &#8230;<\/div>\n<\/div>\n<\/td>\n<\/tr>\n<tr>\n<td valign=\"top\" width=\"20%\" height=\"70\">\n<div align=\"center\"><img data-recalc-dims=\"1\" loading=\"lazy\" decoding=\"async\" src=\"https:\/\/i0.wp.com\/www.o-p-i.fr\/lettre_info\/rubrique_agenda.jpg?resize=200%2C70\" alt=\"Agenda du Pays des Tescou's\" width=\"200\" height=\"70\" longdesc=\"http:\/\/www.o-p-i.fr\/lettre_info\/rubriques_agenda.jpg\" \/><\/div>\n<\/td>\n<td rowspan=\"2\" valign=\"middle\" width=\"3%\">\n<div align=\"center\"><img loading=\"lazy\" decoding=\"async\" src=\"file:\/\/\/G|\/filvert2.jpg\" width=\"0\" height=\"0\" \/><\/div>\n<\/td>\n<td valign=\"top\" width=\"20%\">\n<div align=\"center\"><img data-recalc-dims=\"1\" loading=\"lazy\" decoding=\"async\" src=\"https:\/\/i0.wp.com\/www.o-p-i.fr\/lettre_info\/rubrique_annonce.jpg?resize=200%2C70\" alt=\"Les Petites Annonces\" width=\"200\" height=\"70\" longdesc=\"http:\/\/www.o-p-i.fr\/lettre_info\/rubrique_annonce.jpg\" \/><\/div>\n<\/td>\n<td rowspan=\"2\" valign=\"middle\" width=\"3%\">\n<div align=\"center\"><img loading=\"lazy\" decoding=\"async\" src=\"file:\/\/\/G|\/filvert2.jpg\" width=\"0\" height=\"0\" \/><\/div>\n<\/td>\n<td valign=\"top\" width=\"20%\">\n<div align=\"center\"><img data-recalc-dims=\"1\" loading=\"lazy\" decoding=\"async\" src=\"https:\/\/i0.wp.com\/www.o-p-i.fr\/lettre_info\/rubrique_annuaire.jpg?resize=200%2C70\" alt=\"L'annuaire du Pays des Tescou's\" width=\"200\" height=\"70\" longdesc=\"http:\/\/www.o-p-i.fr\/lettre_info\/bouton_annuaire.jpg\" \/><\/div>\n<\/td>\n<td rowspan=\"2\" valign=\"middle\" width=\"3%\">\n<div align=\"center\"><img loading=\"lazy\" decoding=\"async\" src=\"file:\/\/\/G|\/filvert2.jpg\" width=\"0\" height=\"0\" \/><\/div>\n<\/td>\n<td valign=\"top\" width=\"20%\"><span class=\"Style28\"><img data-recalc-dims=\"1\" loading=\"lazy\" decoding=\"async\" src=\"https:\/\/i0.wp.com\/www.o-p-i.fr\/lettre_info\/rubrique_opi.jpg?resize=162%2C51\" alt=\"OPI et vous ...\" width=\"162\" height=\"51\" longdesc=\"http:\/\/www.o-p-i.fr\/lettre_info\/rubrique_opi.jpg\" \/><\/span><\/td>\n<\/tr>\n<tr>\n<td valign=\"top\"><span class=\"Style14\">Retrouvez les \u00e9v\u00e8nements des 19 villages du Pays des Tescou\u2019s et leurs environs : march\u00e9s, f\u00eates, lotos, vide greniers, expositions\u2026<\/span><\/p>\n<p align=\"center\"><a href=\"http:\/\/www.o-p-i.fr\/aupays\/opi\/agenda\/\"><strong>CLIQUEZ ICI !<\/strong><\/a><\/p>\n<p align=\"center\"><span class=\"Style8\">Nouveau !<\/span><br \/>\n<a href=\"http:\/\/www.o-p-i.fr\/aupays\/opi\/annoncer-un-evenement-dans-parlons-en\/\">Annoncez un \u00e9v\u00e9nement !<\/a><\/p>\n<\/td>\n<td valign=\"top\"><span class=\"Style14\">D\u00e9couvrez les petites annonces pr\u00e8s de chez vous : <\/span><\/p>\n<blockquote><p><span class=\"Style14\"><a href=\"http:\/\/www.o-p-i.fr\/aupays\/annuaire\/animaux\/petites-annonces-animaux\/\" rel=\"bookmark\">Animaux<\/a><br \/>\n<a href=\"http:\/\/www.o-p-i.fr\/aupays\/opi\/petites-annonces-automobile\/\" rel=\"bookmark\">Automobile<\/a><br \/>\n<a href=\"http:\/\/www.o-p-i.fr\/aupays\/petites-annonces\/petites-annonces-immobilier\/\" rel=\"bookmark\">Immobilier<\/a><br \/>\n<a href=\"http:\/\/www.o-p-i.fr\/aupays\/petites-annonces\/petites-annonces-troc\/\" rel=\"bookmark\">Troc<\/a><br \/>\n<a href=\"http:\/\/www.o-p-i.fr\/aupays\/petites-annonces\/petites-annonces-autre\/\" rel=\"bookmark\">Autres&#8230;<\/a><\/span><\/p><\/blockquote>\n<p class=\"Style14\">D\u00e9posez gratuitement votre annonce <a href=\"http:\/\/www.o-p-i.fr\/aupays\/category\/petites-annonces\/\">en cliquant ici ! <\/a><\/p>\n<\/td>\n<td valign=\"top\"><span class=\"Style14\">Retrouvez les associations, entreprises, administrations, de votre village ! <\/span><\/p>\n<p align=\"center\"><a href=\"http:\/\/www.o-p-i.fr\/aupays\/annuaire\/rubriques\/\"><strong>CLIQUEZ ICI !<\/strong><\/a><\/p>\n<p><span class=\"Style14\">Pour r\u00e9f\u00e9rencer votre activit\u00e9 dans l\u2019annuaire, <a href=\"http:\/\/www.o-p-i.fr\/aupays\/opi\/referencez-votre-activite\/\">cliquez ici !<\/a><\/span><\/td>\n<td valign=\"top\"><span class=\"Style33\"><a title=\"Pour soutenir notre action, cliquez l\u00e0 !\" href=\"http:\/\/www.o-p-i.fr\/aupays\/opi\/adherez-a-opi\/\">Je soutiens<br \/>\nO.P.I. !<\/a><span class=\"Style28\"><br \/>\n<\/span><a title=\"Participez aux projets OPI\" href=\"http:\/\/www.o-p-i.fr\/aupays\/non-classe\/je-bouge-avec-opi\/\" target=\"_top\" rel=\"noopener noreferrer\">Je bouge<br \/>\navec O.P.I. !<span class=\"Style28\"><br \/>\n<\/span><\/a><a title=\"Param\u00e9trez vos envois pour Parlons En et Au Pays\" href=\"http:\/\/www.o-p-i.fr\/aupays\/opi\/sabonner-aux-lettres-dinformations\/\">Je g\u00e8re ma lettre d\u2019info.<\/a><\/span><\/td>\n<\/tr>\n<tr>\n<td colspan=\"7\">\n<p align=\"center\"><img decoding=\"async\" src=\"file:\/\/\/G|\/filvert.jpg\" width=\"0\" \/><\/p>\n<\/td>\n<\/tr>\n<tr>\n<td colspan=\"3\" valign=\"top\" height=\"394\">\n<p align=\"center\"><img data-recalc-dims=\"1\" loading=\"lazy\" decoding=\"async\" src=\"https:\/\/i0.wp.com\/www.o-p-i.fr\/lettre_info\/carte_lettre.jpg?resize=400%2C70\" alt=\"La carte du Pays des Tescou's\" width=\"400\" height=\"70\" align=\"top\" \/><\/p>\n<p align=\"center\"><iframe loading=\"lazy\" src=\"http:\/\/maps.google.fr\/maps\/ms?ie=UTF8&amp;hl=fr&amp;msa=0&amp;msid=211767591980209061832.000471f983c594e449671&amp;source=embed&amp;t=m&amp;vpsrc=6&amp;ll=43.957236,1.594391&amp;spn=0.296572,0.547943&amp;z=10&amp;output=embed\" width=\"400\" height=\"250\" frameborder=\"0\" marginwidth=\"0\" marginheight=\"0\" scrolling=\"No\" data-mce-fragment=\"1\"><\/iframe><\/p>\n<p align=\"center\"><span class=\"Style14\"><small>Afficher <a style=\"color: #0000ff; text-align: left;\" href=\"http:\/\/maps.google.fr\/maps\/ms?ie=UTF8&amp;hl=fr&amp;msa=0&amp;msid=211767591980209061832.000471f983c594e449671&amp;source=embed&amp;t=m&amp;vpsrc=6&amp;ll=43.957236,1.594391&amp;spn=0.296572,0.547943&amp;z=10\">OPI des Tescou&rsquo;s<\/a> sur une carte plus grande<br \/>\net retrouvez les infos pratiques par village<\/small><\/span><\/p>\n<\/td>\n<td valign=\"middle\">\n<div align=\"center\"><img loading=\"lazy\" decoding=\"async\" src=\"file:\/\/\/G|\/filvert2.jpg\" width=\"0\" height=\"0\" \/><\/div>\n<\/td>\n<td valign=\"top\">\n<div align=\"center\">\n<p><!-- Facebook Badge START --><\/p>\n<p>&nbsp;<\/p>\n<p><img data-recalc-dims=\"1\" loading=\"lazy\" decoding=\"async\" src=\"https:\/\/i0.wp.com\/www.o-p-i.fr\/lettre_info\/rubrique_fb.jpg?resize=200%2C70\" alt=\"Facebook\" width=\"200\" height=\"70\" align=\"top\" \/><\/p>\n<\/div>\n<p align=\"center\"><a title=\"OPI des Tescou's\" href=\"http:\/\/www.facebook.com\/opidestescous\" target=\"_top\" rel=\"noopener noreferrer\"><img data-recalc-dims=\"1\" loading=\"lazy\" decoding=\"async\" style=\"border: 0px none;\" src=\"https:\/\/i0.wp.com\/badge.facebook.com\/badge\/108816579163467.1287.510364028.png?resize=120%2C142\" width=\"120\" height=\"142\" \/><\/a><\/p>\n<div align=\"center\"><a style=\"font-family: 'lucida grande',tahoma,verdana,arial,sans-serif; font-size: small; font-variant: normal; font-style: normal; text-decoration: underline;\" title=\"OPI des Tescou's\" href=\"http:\/\/www.facebook.com\/opidestescous\" target=\"_top\" rel=\"noopener noreferrer\">OPI des Tescou&rsquo;s<br \/>\nsur Facebook<\/a><br \/>\n<!-- Facebook Badge END --><\/div>\n<\/td>\n<td valign=\"middle\">\n<div align=\"center\"><img loading=\"lazy\" decoding=\"async\" src=\"file:\/\/\/G|\/filvert2.jpg\" width=\"0\" height=\"0\" \/><\/div>\n<\/td>\n<td valign=\"top\"><span class=\"Style16\">Contact :<\/span><\/p>\n<p>OPI des Tescou&rsquo;s<br \/>\nBourriou Haut<br \/>\n81630 SAINT-URCISSE<\/p>\n<p><a href=\"mailto:contact@o-p-i.fr\">contact@o-p-i.fr<\/a><br \/>\n<a href=\"mailto:parlonsen@o-p-i.fr\">parlonsen@o-p-i.fr<\/a><\/td>\n<\/tr>\n<\/tbody>\n<\/table>\n<\/td>\n<\/tr>\n<tr>\n<td colspan=\"2\" bgcolor=\"#F0F0F0\">\n<div align=\"right\">Si vous ne souhaitez plus recevoir la lettre d&rsquo;information d&rsquo;OPI des Tescou&rsquo;s, merci de nous le signaler par mail \u00e0 <a href=\"mailto:contact@o-p-i.fr\">contact@o-p-i.fr<\/a>.<br \/>\nVous pouvez param\u00e9trer les envois <a href=\"http:\/\/www.o-p-i.fr\/aupays\/opi\/sabonner-aux-lettres-dinformations\/\">en cliquant ici<\/a>.<\/div>\n<p align=\"right\"><a href=\"http:\/\/www.o-p-i.fr\/aupays\/opi\/accueil\/\">OPI des Tescou&rsquo;s est une association Loi 1901<\/a><\/p>\n<\/td>\n<\/tr>\n<\/tbody>\n<\/table>\n","protected":false},"excerpt":{"rendered":"<div class=\"mh-excerpt\">Jeudi 24 juin 2021<\/div>\n","protected":false},"author":4,"featured_media":0,"comment_status":"open","ping_status":"open","sticky":false,"template":"","format":"standard","meta":{"om_disable_all_campaigns":false,"advanced_seo_description":"","jetpack_seo_html_title":"","jetpack_seo_noindex":false,"_jetpack_memberships_contains_paid_content":false,"footnotes":"","_links_to":"","_links_to_target":""},"categories":[52],"tags":[],"class_list":{"0":"post-47498","1":"post","2":"type-post","3":"status-publish","4":"format-standard","6":"category-parlons-en"},"jetpack_featured_media_url":"","views":{"total":0,"cached_at":"","cached_date":1738368430},"jetpack_likes_enabled":true,"jetpack_sharing_enabled":true,"jetpack_shortlink":"https:\/\/wp.me\/pg7Wxj-cm6","jetpack-related-posts":[],"_links":{"self":[{"href":"https:\/\/www.o-p-i.fr\/parlonsen\/wp-json\/wp\/v2\/posts\/47498","targetHints":{"allow":["GET"]}}],"collection":[{"href":"https:\/\/www.o-p-i.fr\/parlonsen\/wp-json\/wp\/v2\/posts"}],"about":[{"href":"https:\/\/www.o-p-i.fr\/parlonsen\/wp-json\/wp\/v2\/types\/post"}],"author":[{"embeddable":true,"href":"https:\/\/www.o-p-i.fr\/parlonsen\/wp-json\/wp\/v2\/users\/4"}],"replies":[{"embeddable":true,"href":"https:\/\/www.o-p-i.fr\/parlonsen\/wp-json\/wp\/v2\/comments?post=47498"}],"version-history":[{"count":0,"href":"https:\/\/www.o-p-i.fr\/parlonsen\/wp-json\/wp\/v2\/posts\/47498\/revisions"}],"wp:attachment":[{"href":"https:\/\/www.o-p-i.fr\/parlonsen\/wp-json\/wp\/v2\/media?parent=47498"}],"wp:term":[{"taxonomy":"category","embeddable":true,"href":"https:\/\/www.o-p-i.fr\/parlonsen\/wp-json\/wp\/v2\/categories?post=47498"},{"taxonomy":"post_tag","embeddable":true,"href":"https:\/\/www.o-p-i.fr\/parlonsen\/wp-json\/wp\/v2\/tags?post=47498"}],"curies":[{"name":"wp","href":"https:\/\/api.w.org\/{rel}","templated":true}]}}