{"id":47525,"date":"2021-07-01T08:44:17","date_gmt":"2021-07-01T07:44:17","guid":{"rendered":"https:\/\/www.o-p-i.fr\/parlonsen\/?p=47525"},"modified":"2021-07-01T08:44:17","modified_gmt":"2021-07-01T07:44:17","slug":"lete-a-la-mediatheque-a-castelnau-de-montmiral-81","status":"publish","type":"post","link":"https:\/\/www.o-p-i.fr\/parlonsen\/parlons-en\/culture\/lete-a-la-mediatheque-a-castelnau-de-montmiral-81\/","title":{"rendered":"L&rsquo;\u00e9t\u00e9 \u00e0 la M\u00e9diath\u00e8que&#8230; \u00e0 Castelnau de Montmiral (81)"},"content":{"rendered":"<p>De tout un peu &#8230;<!--more--><br \/>\n<img data-recalc-dims=\"1\" loading=\"lazy\" decoding=\"async\" class=\"alignright wp-image-47526\" src=\"https:\/\/i0.wp.com\/www.o-p-i.fr\/parlonsen\/wp-content\/uploads\/expo-Castelnau.jpg?resize=400%2C262&#038;ssl=1\" alt=\"\" width=\"400\" height=\"262\" srcset=\"https:\/\/i0.wp.com\/www.o-p-i.fr\/parlonsen\/wp-content\/uploads\/expo-Castelnau.jpg?w=293&amp;ssl=1 293w, https:\/\/i0.wp.com\/www.o-p-i.fr\/parlonsen\/wp-content\/uploads\/expo-Castelnau.jpg?resize=150%2C98&amp;ssl=1 150w, https:\/\/i0.wp.com\/www.o-p-i.fr\/parlonsen\/wp-content\/uploads\/expo-Castelnau.jpg?resize=100%2C66&amp;ssl=1 100w\" sizes=\"auto, (max-width: 400px) 100vw, 400px\" \/>\u00e0 la m\u00e9diath\u00e8que Charles Portal:<\/p>\n<ul>\n<li>On voyage avec l\u2019exposition LaP\u00e9rouse, navigateur des Lumi\u00e8res du 1er juillet au 15 octobre 2021<\/li>\n<li>On parle des explorations franco-britanniques du 18\u00e8me si\u00e8cle, le Pacifique mardi 6 juillet \u00e0 10h30. Cette animation est sur inscription (jauge limit\u00e9e)<\/li>\n<li>On r\u00e9gale son oreille en empruntant la s\u00e9lection sur le programme des Musicales de Montmiral<\/li>\n<li>On d\u00e9guste la s\u00e9lection MIAM en 2021 on remet le couvert en lien avec les Mus\u00e9es D\u00e9partementaux<\/li>\n<li>On d\u00e9couvre les laur\u00e9ats du concours de po\u00e9sie 2021\u00ab le temps qui passe \u00bb. Ce concours organis\u00e9 chaque ann\u00e9e par la m\u00e9diath\u00e8que et l\u2019association 2jol a permis \u00e0 Castelnau de Montmiral de devenir \u00ab village en po\u00e9sie \u00bb<\/li>\n<li>On joue avec les mots de \u00ab neuf mots pour un texte neuf \u00bb en collaboration avec l\u2019association V\u00e8re les arts. Vous pouvez envoyer vos textes avec les 9 mots impos\u00e9s (carambolage, chambouler, charivari, baby, shadow, light, aucelon, val pas res, romegaire) jusqu\u2019au 20 juillet. Vous pouvez aussi juste venir lire les textes de cette ann\u00e9e et des ann\u00e9es pr\u00e9c\u00e9dentes.<\/li>\n<\/ul>\n<p><span style=\"color: #ff0000;\"><strong>Attention,<\/strong><\/span> nous am\u00e9nageons les horaires pour l\u2019\u00e9t\u00e9, \u00bd h de plus le mardi et le samedi matin \u00e0 la place de l\u2019apr\u00e8s-midi. Horaires d\u2019\u00e9t\u00e9 du 6 juillet au 28 ao\u00fbt\u00a0: mardi 10h-12h30, mercredi 16h-18h, samedi 10h-12h. La m\u00e9diath\u00e8que sera ferm\u00e9e du 2 au 8 ao\u00fbt.<\/p>\n<p>Toutes les animations sont gratuites et ouvertes \u00e0 tous<\/p>\n<p><strong>M\u00e9diath\u00e8que Charles Portal<\/strong>, 4 rue du commerce, Castelnau de Montmiral<br \/>\n05 63 33 81 81 aux heures d\u2019ouverture<br \/>\nCourriel: <a href=\"mailto:mediatheque.castelnaumontmiral@gaillac-graulhet.fr\" target=\"_blank\" rel=\"noopener noreferrer\">mediatheque.castelnaumontmiral@gaillac-graulhet.fr<\/a><\/p>\n<p><em>Information communiqu\u00e9e par Florence DESFORGES<\/em><\/p>\n<p><a href=\"http:\/\/www.o-p-i.fr\/parlonsen\/agenda\/\">Retrouvez tous les \u00e9v\u00e9nements dans l&rsquo;agenda !<\/a><\/p>\n<p>&nbsp;<\/p>\n","protected":false},"excerpt":{"rendered":"<div class=\"mh-excerpt\">De tout un peu &#8230;<\/div>\n","protected":false},"author":4,"featured_media":0,"comment_status":"open","ping_status":"open","sticky":false,"template":"","format":"standard","meta":{"om_disable_all_campaigns":false,"advanced_seo_description":"","jetpack_seo_html_title":"","jetpack_seo_noindex":false,"_jetpack_memberships_contains_paid_content":false,"footnotes":"","_links_to":"","_links_to_target":""},"categories":[22,1,54,4137,4140],"tags":[158,172,1514,3063],"class_list":{"0":"post-47525","1":"post","2":"type-post","3":"status-publish","4":"format-standard","6":"category-castelnau","7":"category-culture","8":"category-loisirs","9":"category-n-185-aout-2021","10":"category-n-184-jullet-2021","11":"tag-castelnau-de-montmiral","12":"tag-exposition","13":"tag-mediatheque","14":"tag-charles-portal"},"jetpack_featured_media_url":"","views":{"total":0,"cached_at":"","cached_date":1738158715},"jetpack_likes_enabled":true,"jetpack_sharing_enabled":true,"jetpack_shortlink":"https:\/\/wp.me\/pg7Wxj-cmx","jetpack-related-posts":[],"_links":{"self":[{"href":"https:\/\/www.o-p-i.fr\/parlonsen\/wp-json\/wp\/v2\/posts\/47525","targetHints":{"allow":["GET"]}}],"collection":[{"href":"https:\/\/www.o-p-i.fr\/parlonsen\/wp-json\/wp\/v2\/posts"}],"about":[{"href":"https:\/\/www.o-p-i.fr\/parlonsen\/wp-json\/wp\/v2\/types\/post"}],"author":[{"embeddable":true,"href":"https:\/\/www.o-p-i.fr\/parlonsen\/wp-json\/wp\/v2\/users\/4"}],"replies":[{"embeddable":true,"href":"https:\/\/www.o-p-i.fr\/parlonsen\/wp-json\/wp\/v2\/comments?post=47525"}],"version-history":[{"count":0,"href":"https:\/\/www.o-p-i.fr\/parlonsen\/wp-json\/wp\/v2\/posts\/47525\/revisions"}],"wp:attachment":[{"href":"https:\/\/www.o-p-i.fr\/parlonsen\/wp-json\/wp\/v2\/media?parent=47525"}],"wp:term":[{"taxonomy":"category","embeddable":true,"href":"https:\/\/www.o-p-i.fr\/parlonsen\/wp-json\/wp\/v2\/categories?post=47525"},{"taxonomy":"post_tag","embeddable":true,"href":"https:\/\/www.o-p-i.fr\/parlonsen\/wp-json\/wp\/v2\/tags?post=47525"}],"curies":[{"name":"wp","href":"https:\/\/api.w.org\/{rel}","templated":true}]}}