{"id":47616,"date":"2021-07-05T10:38:13","date_gmt":"2021-07-05T09:38:13","guid":{"rendered":"https:\/\/www.o-p-i.fr\/parlonsen\/?p=47616"},"modified":"2021-07-05T10:38:13","modified_gmt":"2021-07-05T09:38:13","slug":"exceptionnel-brunch-lecture-a-salvagnac-81","status":"publish","type":"post","link":"https:\/\/www.o-p-i.fr\/parlonsen\/parlons-en\/culture\/exceptionnel-brunch-lecture-a-salvagnac-81\/","title":{"rendered":"Exceptionnel brunch-lecture &#8230;\u00e0 Salvagnac (81)"},"content":{"rendered":"<p><strong>Dimanche 11 juillet 2021<\/strong>, \u00e0 10h.30 cour du ch\u00e2teau.<!--more--><\/p>\n<p><img data-recalc-dims=\"1\" loading=\"lazy\" decoding=\"async\" class=\"alignright size-full wp-image-47618\" src=\"https:\/\/i0.wp.com\/www.o-p-i.fr\/parlonsen\/wp-content\/uploads\/Bourrut.jpg?resize=340%2C474&#038;ssl=1\" alt=\"\" width=\"340\" height=\"474\" srcset=\"https:\/\/i0.wp.com\/www.o-p-i.fr\/parlonsen\/wp-content\/uploads\/Bourrut.jpg?w=340&amp;ssl=1 340w, https:\/\/i0.wp.com\/www.o-p-i.fr\/parlonsen\/wp-content\/uploads\/Bourrut.jpg?resize=215%2C300&amp;ssl=1 215w, https:\/\/i0.wp.com\/www.o-p-i.fr\/parlonsen\/wp-content\/uploads\/Bourrut.jpg?resize=150%2C209&amp;ssl=1 150w, https:\/\/i0.wp.com\/www.o-p-i.fr\/parlonsen\/wp-content\/uploads\/Bourrut.jpg?resize=100%2C139&amp;ssl=1 100w\" sizes=\"auto, (max-width: 340px) 100vw, 340px\" \/>Certains sont en vacances, d&rsquo;autres encore au travail&#8230;c&rsquo;est toujours le temps de lire!<\/p>\n<p>Venez parler avec nous de vos lectures, aim\u00e9es ou non, sans se prendre au s\u00e9rieux!<\/p>\n<p>Nous agrandirons le cercle car <strong>Gr\u00e9gory Bourut<\/strong> qui pr\u00e9sente son spectacle<a href=\"https:\/\/www.o-p-i.fr\/parlonsen\/parlons-en\/culture\/zai-zai-zai-zai-a-salvagnac-81\/\" target=\"_blank\" rel=\"noopener noreferrer\"> \u00ab\u00a0za\u00ef, za\u00ef, za\u00ef, za\u00ef\u00a0\u00bb<\/a> le soir m\u00eame \u00e0 la salle omnisports, nous rejoindra.<br \/>\nNous nous tiendrons dans la cour du ch\u00e2teau ou dans la salle basse, suivant la m\u00e9t\u00e9o!<\/p>\n<p>Et nous pourrons \u00e0 nouveau partager un caf\u00e9\/th\u00e9 gourmand : quel plaisir de se revoir!<\/p>\n<p>A bient\u00f4t, l&rsquo;\u00e9quipe de b\u00e9n\u00e9voles.<\/p>\n<p><em>Information communiqu\u00e9e par Arlette MALLERET<\/em><\/p>\n<p><a href=\"http:\/\/www.o-p-i.fr\/parlonsen\/agenda\/\">Retrouvez tous les \u00e9v\u00e9nements dans l&rsquo;agenda !<\/a><\/p>\n","protected":false},"excerpt":{"rendered":"<div class=\"mh-excerpt\">Dimanche 11 juillet 2021, \u00e0 10h.30 cour du ch\u00e2teau.<\/div>\n","protected":false},"author":4,"featured_media":0,"comment_status":"open","ping_status":"open","sticky":false,"template":"","format":"standard","meta":{"om_disable_all_campaigns":false,"advanced_seo_description":"","jetpack_seo_html_title":"","jetpack_seo_noindex":false,"_jetpack_memberships_contains_paid_content":false,"footnotes":"","_links_to":"","_links_to_target":""},"categories":[1,54,6,25,4140],"tags":[65,2548,3899],"class_list":{"0":"post-47616","1":"post","2":"type-post","3":"status-publish","4":"format-standard","6":"category-culture","7":"category-loisirs","8":"category-pratique","9":"category-salvagnac","10":"category-n-184-jullet-2021","11":"tag-bibliotheque","12":"tag-salvagnac","13":"tag-brunch-lecture"},"jetpack_featured_media_url":"","views":{"total":0,"cached_at":"","cached_date":1738528506},"jetpack_likes_enabled":true,"jetpack_sharing_enabled":true,"jetpack_shortlink":"https:\/\/wp.me\/pg7Wxj-co0","jetpack-related-posts":[],"_links":{"self":[{"href":"https:\/\/www.o-p-i.fr\/parlonsen\/wp-json\/wp\/v2\/posts\/47616","targetHints":{"allow":["GET"]}}],"collection":[{"href":"https:\/\/www.o-p-i.fr\/parlonsen\/wp-json\/wp\/v2\/posts"}],"about":[{"href":"https:\/\/www.o-p-i.fr\/parlonsen\/wp-json\/wp\/v2\/types\/post"}],"author":[{"embeddable":true,"href":"https:\/\/www.o-p-i.fr\/parlonsen\/wp-json\/wp\/v2\/users\/4"}],"replies":[{"embeddable":true,"href":"https:\/\/www.o-p-i.fr\/parlonsen\/wp-json\/wp\/v2\/comments?post=47616"}],"version-history":[{"count":0,"href":"https:\/\/www.o-p-i.fr\/parlonsen\/wp-json\/wp\/v2\/posts\/47616\/revisions"}],"wp:attachment":[{"href":"https:\/\/www.o-p-i.fr\/parlonsen\/wp-json\/wp\/v2\/media?parent=47616"}],"wp:term":[{"taxonomy":"category","embeddable":true,"href":"https:\/\/www.o-p-i.fr\/parlonsen\/wp-json\/wp\/v2\/categories?post=47616"},{"taxonomy":"post_tag","embeddable":true,"href":"https:\/\/www.o-p-i.fr\/parlonsen\/wp-json\/wp\/v2\/tags?post=47616"}],"curies":[{"name":"wp","href":"https:\/\/api.w.org\/{rel}","templated":true}]}}