{"id":47655,"date":"2021-07-08T09:53:37","date_gmt":"2021-07-08T08:53:37","guid":{"rendered":"https:\/\/www.o-p-i.fr\/parlonsen\/?p=47655"},"modified":"2021-07-08T09:53:37","modified_gmt":"2021-07-08T08:53:37","slug":"envolee-baroque-a-cordes-les-cabannes-81","status":"publish","type":"post","link":"https:\/\/www.o-p-i.fr\/parlonsen\/parlons-en\/envolee-baroque-a-cordes-les-cabannes-81\/","title":{"rendered":"\u00ab\u00a0Envol\u00e9e baroque\u00a0\u00bb \u00e0 Cordes les Cabannes (81)"},"content":{"rendered":"<p><strong>Samedi 10 juillet 2021,<\/strong> \u00e0 18 h 00, au Colombier<!--more--><br \/>\nEnsemble SACQUEBOUTAE<\/p>\n<p>Vous aviez d\u00e9couvert, en Juillet dernier, ce \u00ab\u00a0Big Band de musique baroque\u00a0\u00bb, comme ils aiment \u00e0 se nommer. Vous les aviez aim\u00e9s et largement applaudis, ils nous reviennent avec plaisir dans une formation diff\u00e9rente, mais toujours au service de cette puissante et fascinante Musique Baroque.<\/p>\n<p><img data-recalc-dims=\"1\" loading=\"lazy\" decoding=\"async\" class=\"aligncenter size-full wp-image-47656\" src=\"https:\/\/i0.wp.com\/www.o-p-i.fr\/parlonsen\/wp-content\/uploads\/groupe.jpg?resize=624%2C422&#038;ssl=1\" alt=\"\" width=\"624\" height=\"422\" srcset=\"https:\/\/i0.wp.com\/www.o-p-i.fr\/parlonsen\/wp-content\/uploads\/groupe.jpg?w=624&amp;ssl=1 624w, https:\/\/i0.wp.com\/www.o-p-i.fr\/parlonsen\/wp-content\/uploads\/groupe.jpg?resize=300%2C203&amp;ssl=1 300w, https:\/\/i0.wp.com\/www.o-p-i.fr\/parlonsen\/wp-content\/uploads\/groupe.jpg?resize=400%2C271&amp;ssl=1 400w, https:\/\/i0.wp.com\/www.o-p-i.fr\/parlonsen\/wp-content\/uploads\/groupe.jpg?resize=430%2C291&amp;ssl=1 430w, https:\/\/i0.wp.com\/www.o-p-i.fr\/parlonsen\/wp-content\/uploads\/groupe.jpg?resize=150%2C101&amp;ssl=1 150w, https:\/\/i0.wp.com\/www.o-p-i.fr\/parlonsen\/wp-content\/uploads\/groupe.jpg?resize=100%2C68&amp;ssl=1 100w\" sizes=\"auto, (max-width: 624px) 100vw, 624px\" \/><\/p>\n<p>Sacqueboutes, violons, orgue, luth\/th\u00e9orbe, nous feront d\u00e9couvrir de nombreuses sonates endiabl\u00e9es o\u00f9 les mouvements d&rsquo;archets se marient avec la puissance de la sacqueboute (anc\u00eatre du trombone) dans des compositions de Castello, Bertali, Cima, Rosenm\u00fcller&#8230;<\/p>\n<p>Cette association d&rsquo;instruments qui peut \u00e9tonner actuellement, \u00e9tait courante en cette \u00e9tonnante \u00e9poque baroque, o\u00f9 explosaient, simultan\u00e9ment, cr\u00e9ativit\u00e9 d\u00e9brid\u00e9e, grandes innovations techniques, voyages d&rsquo;exploration insens\u00e9s, expression d&rsquo;une exub\u00e9rance des sentiments. Cette envol\u00e9e folle \u00e9tait un v\u00e9ritable d\u00e9sir de vie et de progr\u00e8s.<\/p>\n<p>Bienvenus donc dans cette d\u00e9licieuse envol\u00e9e musicale pour petits et grands.<\/p>\n<p>Tarifs : 12\u20ac \u20ac &#8211; 10 \u20ac &#8211; 5 \u20ac<\/p>\n<p><img data-recalc-dims=\"1\" loading=\"lazy\" decoding=\"async\" class=\"size-full wp-image-40733 alignleft\" src=\"https:\/\/i0.wp.com\/www.o-p-i.fr\/parlonsen\/wp-content\/uploads\/colombier-2.jpg?resize=283%2C78&#038;ssl=1\" alt=\"\" width=\"283\" height=\"78\" srcset=\"https:\/\/i0.wp.com\/www.o-p-i.fr\/parlonsen\/wp-content\/uploads\/colombier-2.jpg?w=283&amp;ssl=1 283w, https:\/\/i0.wp.com\/www.o-p-i.fr\/parlonsen\/wp-content\/uploads\/colombier-2.jpg?resize=150%2C41&amp;ssl=1 150w\" sizes=\"auto, (max-width: 283px) 100vw, 283px\" \/><\/p>\n<div><a href=\"http:\/\/www.theatrelecolombier.fr\" target=\"_blank\" rel=\"noopener noreferrer\"><strong>Th\u00e9\u00e2tre le Colombier<\/strong><\/a><br \/>\n8 rue des Tanneries 81170 Les Cabannes &#8211; Cordes sur Ciel<br \/>\n07 83 26 33 11 &#8211;\u00a0<a href=\"mailto:contact@theatrelecolombier.fr\" target=\"_blank\" rel=\"noopener noreferrer\">contact@theatrelecolombier.fr<\/a><\/p>\n<\/div>\n<div><\/div>\n<div><u><strong>RESERVATIONS\u00a0<\/strong><strong>: 07 83 26 33 11 ou\u00a0<a href=\"mailto:contact@theatrelecolombier.fr\" target=\"_blank\" rel=\"noopener noreferrer\">contact@theatrelecolombier.fr<\/a><\/strong><\/u><\/div>\n<div><\/div>\n<div>Information communiqu\u00e9e par l&rsquo;\u00e9quipe du Colombier<\/div>\n<div><\/div>\n<div>\n<p><a href=\"http:\/\/www.o-p-i.fr\/parlonsen\/agenda\/\">Retrouvez tous les \u00e9v\u00e9nements dans l&rsquo;agenda !<\/a><\/p>\n<\/div>\n","protected":false},"excerpt":{"rendered":"<div class=\"mh-excerpt\">Samedi 10 juillet 2021, \u00e0 18 h 00, au Colombier<\/div>\n","protected":false},"author":4,"featured_media":0,"comment_status":"open","ping_status":"open","sticky":false,"template":"","format":"standard","meta":{"om_disable_all_campaigns":false,"advanced_seo_description":"","jetpack_seo_html_title":"","jetpack_seo_noindex":false,"_jetpack_memberships_contains_paid_content":false,"footnotes":"","_links_to":"","_links_to_target":""},"categories":[52],"tags":[],"class_list":{"0":"post-47655","1":"post","2":"type-post","3":"status-publish","4":"format-standard","6":"category-parlons-en"},"jetpack_featured_media_url":"","views":{"total":0,"cached_at":"","cached_date":1738346866},"jetpack_likes_enabled":true,"jetpack_sharing_enabled":true,"jetpack_shortlink":"https:\/\/wp.me\/pg7Wxj-coD","jetpack-related-posts":[],"_links":{"self":[{"href":"https:\/\/www.o-p-i.fr\/parlonsen\/wp-json\/wp\/v2\/posts\/47655","targetHints":{"allow":["GET"]}}],"collection":[{"href":"https:\/\/www.o-p-i.fr\/parlonsen\/wp-json\/wp\/v2\/posts"}],"about":[{"href":"https:\/\/www.o-p-i.fr\/parlonsen\/wp-json\/wp\/v2\/types\/post"}],"author":[{"embeddable":true,"href":"https:\/\/www.o-p-i.fr\/parlonsen\/wp-json\/wp\/v2\/users\/4"}],"replies":[{"embeddable":true,"href":"https:\/\/www.o-p-i.fr\/parlonsen\/wp-json\/wp\/v2\/comments?post=47655"}],"version-history":[{"count":0,"href":"https:\/\/www.o-p-i.fr\/parlonsen\/wp-json\/wp\/v2\/posts\/47655\/revisions"}],"wp:attachment":[{"href":"https:\/\/www.o-p-i.fr\/parlonsen\/wp-json\/wp\/v2\/media?parent=47655"}],"wp:term":[{"taxonomy":"category","embeddable":true,"href":"https:\/\/www.o-p-i.fr\/parlonsen\/wp-json\/wp\/v2\/categories?post=47655"},{"taxonomy":"post_tag","embeddable":true,"href":"https:\/\/www.o-p-i.fr\/parlonsen\/wp-json\/wp\/v2\/tags?post=47655"}],"curies":[{"name":"wp","href":"https:\/\/api.w.org\/{rel}","templated":true}]}}