{"id":4775,"date":"2010-08-26T11:27:49","date_gmt":"2010-08-26T09:27:49","guid":{"rendered":"\/parlonsen\/?p=4775"},"modified":"2011-10-13T14:35:20","modified_gmt":"2011-10-13T12:35:20","slug":"des-nouvelles-du-monclar-tennis-club","status":"publish","type":"post","link":"https:\/\/www.o-p-i.fr\/parlonsen\/parlons-en\/pratique\/des-nouvelles-du-monclar-tennis-club\/","title":{"rendered":"Des nouvelles du Monclar Tennis Club"},"content":{"rendered":"<p style=\"text-align: justify;\">Venez d\u00e9couvrir les 2 courts ext\u00e9rieurs (surface dure et terre battue) enti\u00e8rement r\u00e9nov\u00e9s et op\u00e9rationnels lors de la <span style=\"color: #993300;\"><strong>Journ\u00e9e portes ouvertes <\/strong><\/span>qui se d\u00e9roulera le <span style=\"color: #993300;\"><strong>Samedi 11 Septembre.<\/strong><\/span><\/p>\n<p><!--more--><\/p>\n<figure id=\"attachment_4778\" aria-describedby=\"caption-attachment-4778\" style=\"width: 600px\" class=\"wp-caption aligncenter\"><img data-recalc-dims=\"1\" loading=\"lazy\" decoding=\"async\" class=\"size-full wp-image-4778\" title=\"Monclar de Quercy (82)\" src=\"https:\/\/i0.wp.com\/www.o-p-i.fr\/parlonsen\/wp-content\/uploads\/monclar_tennis_club.jpg?resize=600%2C435&#038;ssl=1\" alt=\"Monclar de Quercy (82)\" width=\"600\" height=\"435\" srcset=\"https:\/\/i0.wp.com\/www.o-p-i.fr\/parlonsen\/wp-content\/uploads\/monclar_tennis_club.jpg?w=600&amp;ssl=1 600w, https:\/\/i0.wp.com\/www.o-p-i.fr\/parlonsen\/wp-content\/uploads\/monclar_tennis_club.jpg?resize=300%2C217&amp;ssl=1 300w\" sizes=\"auto, (max-width: 600px) 100vw, 600px\" \/><figcaption id=\"caption-attachment-4778\" class=\"wp-caption-text\">Monclar de Quercy (82)<\/figcaption><\/figure>\n<p style=\"text-align: center;\"><span style=\"color: #993300;\"><strong>Programme de la journ\u00e9e :<\/strong><\/span><\/p>\n<p style=\"text-align: center;\"><span style=\"color: #993300;\">9H30 <\/span>: Animation pour enfants<\/p>\n<p style=\"text-align: center;\">Inscription \u00c9cole de tennis (A partir de 7 ans)<\/p>\n<p style=\"text-align: center;\">Forfait 10 s\u00e9ances : 33 \u20ac<\/p>\n<p style=\"text-align: center;\">Adh\u00e9sion au club obligatoire : 25 \u20ac<\/p>\n<p style=\"text-align: center;\">(Ch\u00e8ques sport, tickets loisirs CAF, MSA accept\u00e9s)<\/p>\n<p style=\"text-align: center;\"><span style=\"color: #993300;\">15 H<\/span> : Animation pour adultes<\/p>\n<p style=\"text-align: left;\">La r\u00e9servation sur internet a \u00e9t\u00e9 mise en place sur le site.<\/p>\n<p><span style=\"color: #993300;\"><strong>Inscriptions et renseignements\u00a0 :<\/strong><\/span> <a title=\"Cliquez pour ouvrir la fiche dans l'annuaire d'OPI\" href=\"https:\/\/www.o-p-i.fr\/aupays\/vie-des-communes\/vie-a-monclar-de-quercy\/monclar-tennis-club\/\">Monclar Tennis Club<\/a><br \/>\n<span style=\"color: #993300;\">Fabienne Baudour : <a href=\"mailto:baudourfamily@wanadoo.fr\">lui envoyer un message<\/a><br \/>\nG\u00e9rard Houl\u00e9s : <a href=\"mailto:houles.gerard@orange.fr\">lui envoyer un message<\/a><\/span><\/p>\n<p><em>Communiqu\u00e9 et photo : Guy Roumagnac<\/em><\/p>\n<p>En savoir + sur le site du <a title=\"Ouvre le site dans une nouvelle fen\u00eatre\" href=\"http:\/\/monclartennis.toile-libre.org\/\" target=\"_blank\">Monclar Tennis Club<\/a>.<\/p>\n<p><a href=\"https:\/\/www.o-p-i.fr\/parlonsen\/agenda\/\"><strong>Retrouvez tous les \u00e9v\u00e8nements dans l&rsquo;agenda !<\/strong><\/a><\/p>\n","protected":false},"excerpt":{"rendered":"<div class=\"mh-excerpt\">Venez d\u00e9couvrir les 2 courts ext\u00e9rieurs (surface dure et terre battue) enti\u00e8rement r\u00e9nov\u00e9s et op\u00e9rationnels lors de la Journ\u00e9e portes ouvertes qui se d\u00e9roulera le Samedi 11 Septembre.<\/div>\n","protected":false},"author":2,"featured_media":0,"comment_status":"open","ping_status":"open","sticky":false,"template":"","format":"standard","meta":{"om_disable_all_campaigns":false,"advanced_seo_description":"","jetpack_seo_html_title":"","jetpack_seo_noindex":false,"_jetpack_memberships_contains_paid_content":false,"footnotes":"","_links_to":"","_links_to_target":""},"categories":[16,54,648,53,6,633],"tags":[143,650,651,38],"class_list":{"0":"post-4775","1":"post","2":"type-post","3":"status-publish","4":"format-standard","6":"category-monclar","7":"category-loisirs","8":"category-cest-la-rentree","9":"category-sports","10":"category-pratique","11":"category-n-52-aout-2010","12":"tag-monclar-de-quercy","13":"tag-tennis","14":"tag-monclar-tennis-club","15":"tag-sport"},"jetpack_featured_media_url":"","views":{"total":0,"cached_at":"","cached_date":1738516744},"jetpack_likes_enabled":true,"jetpack_sharing_enabled":true,"jetpack_shortlink":"https:\/\/wp.me\/pg7Wxj-1f1","jetpack-related-posts":[],"_links":{"self":[{"href":"https:\/\/www.o-p-i.fr\/parlonsen\/wp-json\/wp\/v2\/posts\/4775","targetHints":{"allow":["GET"]}}],"collection":[{"href":"https:\/\/www.o-p-i.fr\/parlonsen\/wp-json\/wp\/v2\/posts"}],"about":[{"href":"https:\/\/www.o-p-i.fr\/parlonsen\/wp-json\/wp\/v2\/types\/post"}],"author":[{"embeddable":true,"href":"https:\/\/www.o-p-i.fr\/parlonsen\/wp-json\/wp\/v2\/users\/2"}],"replies":[{"embeddable":true,"href":"https:\/\/www.o-p-i.fr\/parlonsen\/wp-json\/wp\/v2\/comments?post=4775"}],"version-history":[{"count":0,"href":"https:\/\/www.o-p-i.fr\/parlonsen\/wp-json\/wp\/v2\/posts\/4775\/revisions"}],"wp:attachment":[{"href":"https:\/\/www.o-p-i.fr\/parlonsen\/wp-json\/wp\/v2\/media?parent=4775"}],"wp:term":[{"taxonomy":"category","embeddable":true,"href":"https:\/\/www.o-p-i.fr\/parlonsen\/wp-json\/wp\/v2\/categories?post=4775"},{"taxonomy":"post_tag","embeddable":true,"href":"https:\/\/www.o-p-i.fr\/parlonsen\/wp-json\/wp\/v2\/tags?post=4775"}],"curies":[{"name":"wp","href":"https:\/\/api.w.org\/{rel}","templated":true}]}}